{"id":72996,"date":"2018-04-03T12:07:52","date_gmt":"2018-04-03T09:07:52","guid":{"rendered":"https:\/\/www.enerjigazetesi.ist\/?p=72996"},"modified":"2018-04-03T12:07:52","modified_gmt":"2018-04-03T09:07:52","slug":"bakanlar-adanadaki-dogalgaz-elektrik-uretim-tesisini-irana-satti","status":"publish","type":"post","link":"https:\/\/www.enerjigazetesi.ist\/en\/bakanlar-adanadaki-dogalgaz-elektrik-uretim-tesisini-irana-satti\/","title":{"rendered":"(Turkish) Bakanlar, Adana\u2019daki Do\u011falgaz Elektrik \u00dcretim Tesisini \u0130ran\u2019a Satt\u0131"},"content":{"rendered":"<p class=\"qtranxs-available-languages-message qtranxs-available-languages-message-en\">Sorry, this entry is only available in <a href=\"https:\/\/www.enerjigazetesi.ist\/tr\/wp-json\/wp\/v2\/posts\/72996\" class=\"qtranxs-available-language-link qtranxs-available-language-link-tr\" title=\"Turkish\">Turkish<\/a>. For the sake of viewer convenience, the content is shown below in the alternative language. You may click the link to switch the active language.<\/p><p><strong>Bakanlar Medya, Adana\u2019daki do\u011falgaz kojenerasyon elektrik \u00fcretim tesisini yakla\u015f\u0131k 3 <img loading=\"lazy\" class=\"alignleft size-medium wp-image-72997\" src=\"https:\/\/www.enerjigazetesi.ist\/wp-content\/uploads\/2018\/04\/bakanlar-adanadaki-dogalgaz-elektrik-uretim-tesisini-irana-satti-300x200.jpg\" alt=\"\" width=\"300\" height=\"200\" srcset=\"https:\/\/www.enerjigazetesi.ist\/wp-content\/uploads\/2018\/04\/bakanlar-adanadaki-dogalgaz-elektrik-uretim-tesisini-irana-satti-300x200.jpg 300w, https:\/\/www.enerjigazetesi.ist\/wp-content\/uploads\/2018\/04\/bakanlar-adanadaki-dogalgaz-elektrik-uretim-tesisini-irana-satti-500x334.jpg 500w, https:\/\/www.enerjigazetesi.ist\/wp-content\/uploads\/2018\/04\/bakanlar-adanadaki-dogalgaz-elektrik-uretim-tesisini-irana-satti-75x50.jpg 75w, https:\/\/www.enerjigazetesi.ist\/wp-content\/uploads\/2018\/04\/bakanlar-adanadaki-dogalgaz-elektrik-uretim-tesisini-irana-satti.jpg 696w\" sizes=\"(max-width: 300px) 100vw, 300px\" \/>milyon TL kar\u015f\u0131l\u0131\u011f\u0131nda satt\u0131\u011f\u0131 a\u00e7\u0131klad\u0131.<\/strong><\/p>\n<p><span id=\"more-99111\"><\/span>Sermayesinin y\u00fczde 30.3\u2019\u00fcn\u00fc 2013\u2019te halka arz eden, 2016\u2019da \u00f6nce Borsa \u0130stanbul (BIST) taraf\u0131ndan Yak\u0131n \u0130zleme Pazar\u0131\u2019na al\u0131nan ard\u0131ndan da kottan \u00e7\u0131kar\u0131lan Bakanlar Medya, en \u00f6nemli yat\u0131r\u0131mlar\u0131ndan birini satt\u0131.<\/p>\n<p>Bakanlar Medya\u2019n\u0131n vitrine koydu\u011fu ise Adana\u2019daki do\u011falgaz kojenerasyon elektrik \u00fcretim tesisi ve ekipmanlar\u0131 ve bunlar\u0131 sat\u0131n alan ise \u0130ran. \u015eirketin SPK\u2019ya g\u00f6nderdi\u011fi yaz\u0131da tesis ve ekipmanlar\u0131n\u0131n 590 bin euro yani yakla\u015f\u0131k 3 milyon TL kar\u015f\u0131l\u0131\u011f\u0131nda satt\u0131\u011f\u0131 a\u00e7\u0131kland\u0131.<\/p>\n<p>A\u00e7\u0131klamada alan \u015firketin \u0130ranl\u0131 oldu\u011fu belirtildi ancak kim oldu\u011fu ifade edilmedi. Sat\u0131\u015f\u0131n 15 Mart\u2019ta yap\u0131ld\u0131\u011f\u0131 iletildi.<\/p>","protected":false},"excerpt":{"rendered":"<p>Sorry, this entry is only available in Turkish. For the sake of viewer convenience, the content is shown below in the alternative language. You may click the link to switch the active language.Bakanlar Medya, Adana\u2019daki do\u011falgaz kojenerasyon elektrik \u00fcretim tesisini yakla\u015f\u0131k 3 milyon TL kar\u015f\u0131l\u0131\u011f\u0131nda satt\u0131\u011f\u0131 a\u00e7\u0131klad\u0131. Sermayesinin y\u00fczde 30.3\u2019\u00fcn\u00fc 2013\u2019te halka arz eden, 2016\u2019da [&hellip;]<\/p>\n","protected":false},"author":1,"featured_media":72997,"comment_status":"open","ping_status":"open","sticky":false,"template":"","format":"standard","meta":[],"categories":[46,51,53],"tags":[37267,7049,1128,37268,23219,1671,67,1009,1333],"views":888,"_links":{"self":[{"href":"https:\/\/www.enerjigazetesi.ist\/en\/wp-json\/wp\/v2\/posts\/72996"}],"collection":[{"href":"https:\/\/www.enerjigazetesi.ist\/en\/wp-json\/wp\/v2\/posts"}],"about":[{"href":"https:\/\/www.enerjigazetesi.ist\/en\/wp-json\/wp\/v2\/types\/post"}],"author":[{"embeddable":true,"href":"https:\/\/www.enerjigazetesi.ist\/en\/wp-json\/wp\/v2\/users\/1"}],"replies":[{"embeddable":true,"href":"https:\/\/www.enerjigazetesi.ist\/en\/wp-json\/wp\/v2\/comments?post=72996"}],"version-history":[{"count":1,"href":"https:\/\/www.enerjigazetesi.ist\/en\/wp-json\/wp\/v2\/posts\/72996\/revisions"}],"predecessor-version":[{"id":72998,"href":"https:\/\/www.enerjigazetesi.ist\/en\/wp-json\/wp\/v2\/posts\/72996\/revisions\/72998"}],"wp:featuredmedia":[{"embeddable":true,"href":"https:\/\/www.enerjigazetesi.ist\/en\/wp-json\/wp\/v2\/media\/72997"}],"wp:attachment":[{"href":"https:\/\/www.enerjigazetesi.ist\/en\/wp-json\/wp\/v2\/media?parent=72996"}],"wp:term":[{"taxonomy":"category","embeddable":true,"href":"https:\/\/www.enerjigazetesi.ist\/en\/wp-json\/wp\/v2\/categories?post=72996"},{"taxonomy":"post_tag","embeddable":true,"href":"https:\/\/www.enerjigazetesi.ist\/en\/wp-json\/wp\/v2\/tags?post=72996"}],"curies":[{"name":"wp","href":"https:\/\/api.w.org\/{rel}","templated":true}]}}