{"id":72969,"date":"2018-04-02T16:56:35","date_gmt":"2018-04-02T13:56:35","guid":{"rendered":"https:\/\/www.enerjigazetesi.ist\/?p=72969"},"modified":"2018-04-02T16:56:35","modified_gmt":"2018-04-02T13:56:35","slug":"solarcati-2018-etkinligi-3-mayista-icci-2018de","status":"publish","type":"post","link":"https:\/\/www.enerjigazetesi.ist\/en\/solarcati-2018-etkinligi-3-mayista-icci-2018de\/","title":{"rendered":"(Turkish) Solar\u00e7at\u0131.2018 Etkinli\u011fi 3 May\u0131s\u2019ta ICCI 2018\u2019de&#8230;"},"content":{"rendered":"<p class=\"qtranxs-available-languages-message qtranxs-available-languages-message-en\">Sorry, this entry is only available in <a href=\"https:\/\/www.enerjigazetesi.ist\/tr\/wp-json\/wp\/v2\/posts\/72969\" class=\"qtranxs-available-language-link qtranxs-available-language-link-tr\" title=\"Turkish\">Turkish<\/a>. For the sake of viewer convenience, the content is shown below in the alternative language. You may click the link to switch the active language.<\/p><p><\/p>\n<h3>T\u00fcrkiye\u2019nin en b\u00fcy\u00fck g\u00fcne\u015f enerjisi platformu Solarbaba&#8217;n\u0131n geleneksel Solar\u00e7at\u0131 konferans\u0131; Asunim T\u00fcrkiye, SMA Solar Technology AG ve Zorlu Solar destekleri ile 3 May\u0131s 2018 tarihinde ger\u00e7ekle\u015ftirilecek. Solarbaba organizat\u00f6rl\u00fc\u011f\u00fcnde ICCI Powered by POWER-GEN 2018 b\u00fcnyesinde ger\u00e7ekle\u015ftirilecek \u00fccretsiz konferansta kamu ve \u00f6zel \u015firketlerden \u00fcst d\u00fczey konu\u015fmac\u0131lar end\u00fcstriyel \u00e7at\u0131lar\u0131 ve T\u00fcrkiye\u2019ye katk\u0131lar\u0131n\u0131 masaya yat\u0131racak.<\/h3>\n<p>115 kurumsal \u00fcyesi ile 1996 y\u0131l\u0131ndan beri ba\u015fta g\u00fcne\u015f enerjisi olmak \u00fczere temiz enerji kaynaklar\u0131n\u0131n yayg\u0131nla\u015fmas\u0131 i\u00e7in \u00e7aba harcayan Solarbaba, her sene d\u00fczenledi\u011fi geleneksel Solar\u00e7at\u0131 konferans\u0131n\u0131 bu sene\u00a0<strong>ICCI Powered by POWER<\/strong><strong>-GEN 2018<\/strong>b\u00fcnyesinde ger\u00e7ekle\u015ftiriyor.\u00a0<strong>Asunim T\u00fcrkiye, SMA <img loading=\"lazy\" class=\"alignleft size-medium wp-image-72970\" src=\"https:\/\/www.enerjigazetesi.ist\/wp-content\/uploads\/2018\/04\/solarcati-2018-etkinligi-3-mayista-icci-2018de-300x188.jpg\" alt=\"\" width=\"300\" height=\"188\" srcset=\"https:\/\/www.enerjigazetesi.ist\/wp-content\/uploads\/2018\/04\/solarcati-2018-etkinligi-3-mayista-icci-2018de-300x188.jpg 300w, https:\/\/www.enerjigazetesi.ist\/wp-content\/uploads\/2018\/04\/solarcati-2018-etkinligi-3-mayista-icci-2018de-80x50.jpg 80w, https:\/\/www.enerjigazetesi.ist\/wp-content\/uploads\/2018\/04\/solarcati-2018-etkinligi-3-mayista-icci-2018de.jpg 400w\" sizes=\"(max-width: 300px) 100vw, 300px\" \/>Solar Technology AG<\/strong>\u00a0ve\u00a0<strong>Zorlu Solar<\/strong>\u00a0e\u015f destekleri ile ger\u00e7ekle\u015ftirilecek \u201cSolar\u00e7at\u0131.2018\u201d konferans\u0131 2018 y\u0131l\u0131na damgas\u0131n\u0131 vurmas\u0131 beklenen \u00f6z t\u00fcketim modellerini ele alacak.<\/p>\n<p><strong>Solarbaba Kurucu Orta\u011f\u0131 Ate\u015f U\u011furel<\/strong>, end\u00fcstriyel g\u00fcne\u015f enerjili \u00e7at\u0131lar\u0131n; fabrika, otel, camii, okullar, seralar, hastaneler, b\u00fcy\u00fck ofis binalar\u0131, al\u0131\u015fveri\u015f merkezleri, depolar, havaalanlar\u0131, belediye ve di\u011fer kamu binalar\u0131 gibi \u00e7ok geni\u015f bir ba\u015fl\u0131\u011f\u0131 kapsad\u0131\u011f\u0131n\u0131 belirtiyor. Ayr\u0131ca konferans\u0131n \u00f6nemini \u201c<i>2000\u2019li y\u0131llar\u0131n ba\u015f\u0131nda d\u00fcnyan\u0131n en pahal\u0131 elektrik y\u00f6ntemi olan g\u00fcne\u015f enerjisi, bundan sadece 17 y\u0131l sonra d\u00fcnyan\u0131n en ucuz elektrik \u00fcretim y\u00f6ntemine d\u00f6n\u00fc\u015ft\u00fc. Fiyat d\u00fc\u015f\u00fc\u015f\u00fc de devam ediyor. \u00dclkemizde de bu geli\u015fmeler gecikmeli de olsa ya\u015fan\u0131yor. Arka arkaya \u00e7\u0131kan y\u00f6netmeliklerle T\u00fcrkiye\u2019nin de kurulu GES g\u00fcc\u00fc 3 GW s\u0131n\u0131r\u0131na geldi. T\u00fcketimin oldu\u011fu her yerde \u00fcretim esas\u0131na dayal\u0131 milyonlarca ufak GES hem kay\u0131plar\u0131 engelliyor hem arz g\u00fcvenli\u011fini art\u0131r\u0131yor. Ayr\u0131ca cari a\u00e7\u0131\u011f\u0131n d\u00fc\u015fmesine yard\u0131mc\u0131 olurken, on binlerce ki\u015finin g\u00fcne\u015f enerjisi sekt\u00f6r\u00fcnde istihdam\u0131na katk\u0131 sa\u011fl\u0131yor<\/i>\u201d s\u00f6zleri ile konferans\u0131n \u00f6nemini aktard\u0131.\u00a0<span class=\"redactor-invisible-space\"><br \/>\n<\/span><\/p>\n<p><span class=\"redactor-invisible-space\"><strong>Asunim T\u00fcrkiye Genel M\u00fcd\u00fcr\u00fc Umut G\u00fcrb\u00fcz, SMA Solar Technology G\u00fcney Avrupa B\u00f6lge Y\u00f6neticisi Valerio Natalizia\u00a0<\/strong>ve\u00a0<strong>Zorlu Enerji Grubu Solar Direkt\u00f6r\u00fc Evren Evcit<\/strong>ile\u00a0<strong>Zorlu Enerji Grubu Solar Teknik M\u00fcd\u00fcr\u00fc Halil Oral<\/strong>\u2019\u0131n kendi anlat\u0131mlar\u0131 ile T\u00fcrkiye\u2019ye ve gelece\u011fe sa\u011flayaca\u011f\u0131 katk\u0131lar\u0131 konu\u015facaklar\u0131 konferansta masaya yat\u0131r\u0131lacak ba\u015fl\u0131klar aras\u0131nda \u015funlar yer al\u0131yor:<br \/>\n<\/span><\/p>\n<p>&#8211; \u00c7at\u0131 \u00fcst\u00fc GES uygulamalar\u0131nda g\u00fcncel mevzuat<\/p>\n<p>&#8211; \u0130kili s\u00f6zle\u015fme<\/p>\n<p>&#8211; \u00c7at\u0131 kiralama<\/p>\n<p>&#8211; \u0130klim de\u011fi\u015fikli\u011fi ve g\u00fcne\u015f yat\u0131r\u0131mlar\u0131na etkisi<\/p>\n<p>&#8211; Netmetering \u2013 mahsupla\u015fma<\/p>\n<p>&#8211; \u00c7at\u0131larda y\u0131ld\u0131r\u0131m ve yang\u0131n koruma<\/p>\n<p>&#8211; Kullan\u0131lan kablo-konnekt\u00f6r detaylar\u0131<\/p>\n<p>&#8211; Denetim, bak\u0131m ve servis s\u00fcreci<\/p>\n<p>&#8211; \u00c7at\u0131ya \u00f6zel \u00fcr\u00fcn geli\u015ftirme<\/p>\n<p>&#8211; Sigorta s\u00fcreci<\/p>\n<p>&#8211; \u00c7at\u0131lar\u0131n mevcut durumu, sorunlar ve \u00e7\u00f6z\u00fcm \u00f6nerileri<\/p>\n<p>&#8211; Farkl\u0131 finans y\u00f6ntemleri<\/p>\n<p>&#8211; Blockchain uygulamalar\u0131<\/p>\n<p>&#8211; Elektrik depolama teknolojileri<\/p>\n<p>Konferans\u0131n detaylar\u0131 ve kat\u0131l\u0131m ba\u015fvurusu i\u00e7in\u00a0<a href=\"http:\/\/www.solarbaba.com\/solarcati\/\">http:\/\/www.solarbaba.com\/solarcati\/<\/a>sayfas\u0131 ziyaret edilebiliyor.<\/p>","protected":false},"excerpt":{"rendered":"<p>Sorry, this entry is only available in Turkish. For the sake of viewer convenience, the content is shown below in the alternative language. You may click the link to switch the active language. T\u00fcrkiye\u2019nin en b\u00fcy\u00fck g\u00fcne\u015f enerjisi platformu Solarbaba&#8217;n\u0131n geleneksel Solar\u00e7at\u0131 konferans\u0131; Asunim T\u00fcrkiye, SMA Solar Technology AG ve Zorlu Solar destekleri ile 3 [&hellip;]<\/p>\n","protected":false},"author":1,"featured_media":72970,"comment_status":"open","ping_status":"open","sticky":false,"template":"","format":"standard","meta":[],"categories":[53,49],"tags":[67,1009,23416,23131,37258],"views":663,"_links":{"self":[{"href":"https:\/\/www.enerjigazetesi.ist\/en\/wp-json\/wp\/v2\/posts\/72969"}],"collection":[{"href":"https:\/\/www.enerjigazetesi.ist\/en\/wp-json\/wp\/v2\/posts"}],"about":[{"href":"https:\/\/www.enerjigazetesi.ist\/en\/wp-json\/wp\/v2\/types\/post"}],"author":[{"embeddable":true,"href":"https:\/\/www.enerjigazetesi.ist\/en\/wp-json\/wp\/v2\/users\/1"}],"replies":[{"embeddable":true,"href":"https:\/\/www.enerjigazetesi.ist\/en\/wp-json\/wp\/v2\/comments?post=72969"}],"version-history":[{"count":1,"href":"https:\/\/www.enerjigazetesi.ist\/en\/wp-json\/wp\/v2\/posts\/72969\/revisions"}],"predecessor-version":[{"id":72971,"href":"https:\/\/www.enerjigazetesi.ist\/en\/wp-json\/wp\/v2\/posts\/72969\/revisions\/72971"}],"wp:featuredmedia":[{"embeddable":true,"href":"https:\/\/www.enerjigazetesi.ist\/en\/wp-json\/wp\/v2\/media\/72970"}],"wp:attachment":[{"href":"https:\/\/www.enerjigazetesi.ist\/en\/wp-json\/wp\/v2\/media?parent=72969"}],"wp:term":[{"taxonomy":"category","embeddable":true,"href":"https:\/\/www.enerjigazetesi.ist\/en\/wp-json\/wp\/v2\/categories?post=72969"},{"taxonomy":"post_tag","embeddable":true,"href":"https:\/\/www.enerjigazetesi.ist\/en\/wp-json\/wp\/v2\/tags?post=72969"}],"curies":[{"name":"wp","href":"https:\/\/api.w.org\/{rel}","templated":true}]}}