{"id":72966,"date":"2018-04-02T16:50:43","date_gmt":"2018-04-02T13:50:43","guid":{"rendered":"https:\/\/www.enerjigazetesi.ist\/?p=72966"},"modified":"2018-04-10T17:37:32","modified_gmt":"2018-04-10T14:37:32","slug":"kardes-elektrik-yerli-uretim-ile-turkiyeye-deger-katiyor","status":"publish","type":"post","link":"https:\/\/www.enerjigazetesi.ist\/en\/kardes-elektrik-yerli-uretim-ile-turkiyeye-deger-katiyor\/","title":{"rendered":"(Turkish) Karde\u015f Elektrik Yerli \u00dcretim \u0130le T\u00fcrkiye\u2019ye De\u011fer Kat\u0131yor"},"content":{"rendered":"<p class=\"qtranxs-available-languages-message qtranxs-available-languages-message-en\">Sorry, this entry is only available in <a href=\"https:\/\/www.enerjigazetesi.ist\/tr\/wp-json\/wp\/v2\/posts\/72966\" class=\"qtranxs-available-language-link qtranxs-available-language-link-tr\" title=\"Turkish\">Turkish<\/a>. For the sake of viewer convenience, the content is shown below in the alternative language. You may click the link to switch the active language.<\/p><p><strong>Enerji, otomotiv, rayl\u0131 sistemler gibi sekt\u00f6rlere y\u00f6nelik geli\u015ftirdi\u011fi katma de\u011ferli \u00fcr\u00fcnleriyle dikkat \u00e7eken Karde\u015f Elektrik, T\u00fcrkiye\u2019deki yat\u0131r\u0131mlar\u0131yla \u00f6ne \u00e7\u0131k\u0131yor. Elli be\u015f y\u0131ll\u0131k bir ge\u00e7mi\u015fe sahip olan Karde\u015f Elektrik, T\u00fcrkiye\u2019de geli\u015ftirdi\u011fi y\u00fcksek teknoloji \u00fcr\u00fcnlerini 27 \u00fclkeye ihra\u00e7 ediyor. Y\u00fczde y\u00fcz yerli \u00fcretim ger\u00e7ekle\u015ftiren\u00a0Karde\u015f Elektrik,\u00a02017 y\u0131l\u0131ndan bu yana T\u00fcrkiye&#8217;ye 40 milyon TL&#8217;lik yat\u0131r\u0131m yapm\u0131\u015f bulunuyor.<\/strong><\/p>\n<p>Hizmet verdi\u011fi sekt\u00f6rlere y\u00f6nelik yenilik\u00e7i yat\u0131r\u0131mlar\u0131 hayata ge\u00e7iren Karde\u015f Elektrik, m\u00fc\u015fteri memnuniyetini \u00f6n planda tutuyor. Yap\u0131lan yat\u0131r\u0131mlarla T\u00fcrkiye\u2019nin ekonomisine ve istihdama katk\u0131 sa\u011flayan Karde\u015f Elektrik, Yass\u0131\u00f6ren-Arnavutk\u00f6y\u2019de bulunan 11 bin metrekare kapal\u0131 alana sahip yeni <img loading=\"lazy\" class=\"alignright size-medium wp-image-72967\" src=\"https:\/\/www.enerjigazetesi.ist\/wp-content\/uploads\/2018\/04\/kardes-elektrik-yerli-uretim-ile-turkiyeye-deger-katiyor-284x300.jpg\" alt=\"\" width=\"284\" height=\"300\" srcset=\"https:\/\/www.enerjigazetesi.ist\/wp-content\/uploads\/2018\/04\/kardes-elektrik-yerli-uretim-ile-turkiyeye-deger-katiyor-284x300.jpg 284w, https:\/\/www.enerjigazetesi.ist\/wp-content\/uploads\/2018\/04\/kardes-elektrik-yerli-uretim-ile-turkiyeye-deger-katiyor-379x400.jpg 379w, https:\/\/www.enerjigazetesi.ist\/wp-content\/uploads\/2018\/04\/kardes-elektrik-yerli-uretim-ile-turkiyeye-deger-katiyor-47x50.jpg 47w, https:\/\/www.enerjigazetesi.ist\/wp-content\/uploads\/2018\/04\/kardes-elektrik-yerli-uretim-ile-turkiyeye-deger-katiyor.jpg 614w\" sizes=\"(max-width: 284px) 100vw, 284px\" \/>fabrikas\u0131 ile yenilik\u00e7i teknoloji \u00fcretimine devam ediyor.<\/p>\n<p><strong>Yat\u0131r\u0131m ve Ar-Ge \u00e7al\u0131\u015fmalar\u0131 ile b\u00fcy\u00fcyor<\/strong><\/p>\n<p>M\u00fc\u015fteri ihtiya\u00e7lar\u0131na y\u00f6nelik ger\u00e7ekle\u015ftirdi\u011fi \u00e7al\u0131\u015fmalarla \u00f6n plana \u00e7\u0131kan Karde\u015f Elektrik, yat\u0131r\u0131mlar\u0131yla hizmet verdi\u011fi sekt\u00f6rlerde g\u00fcc\u00fcne g\u00fc\u00e7 kat\u0131yor. Ar-Ge \u00e7al\u0131\u015fmalar\u0131yla \u00fcr\u00fcn gruplar\u0131n\u0131 geni\u015fleten firma, uzman oldu\u011fu alanlarda ba\u015fta; Almanya, Polonya, Cezayir, Tunus, Hollanda, \u0130talya, Macaristan, Meksika ve \u00c7ek Cumhuriyeti gibi \u00fclkeler olmak \u00fczere d\u00fcnya \u00fczerindeki 27 noktaya ihracat yap\u0131yor.<\/p>\n<p><strong>Y\u00fczde 41\u2019lik b\u00fcy\u00fcme<\/strong><\/p>\n<p>Enerji, savunma sanayi, end\u00fcstri, beyaz e\u015fya, otomotiv, makine imalat\u0131 ve konut sekt\u00f6r\u00fcnde son y\u0131llarda b\u00fcy\u00fcme elde ettiklerini belirten Karde\u015f Elektrik Y\u00f6netim Kurulu Ba\u015fkan\u0131 S\u0131rr\u0131 Karde\u015f, \u201cT\u00fcrkiye; enerji, savunma sanayi, end\u00fcstri, beyaz e\u015fya gibi alanlarda Avrupa\u2019da ciddi bir oyuncu oldu. Bu sekt\u00f6rlere hitap eden \u00fcr\u00fcnlerin \u00fcretimi her y\u0131l art\u0131\u015f g\u00f6sterirken, kaliteli \u00fcr\u00fcn ihtiyac\u0131 da \u00f6ne \u00e7\u0131k\u0131yor. Karde\u015f Elektrik olarak, hedefimizin her zaman m\u00fc\u015fterilerimizin g\u00fcvenle kulland\u0131\u011f\u0131, servis gerektirmeyen, yenilik\u00e7i ve kaliteli \u00fcr\u00fcn imal etmek oldu\u011funu s\u00f6yleyebiliriz. 2017 y\u0131l\u0131nda yeni bina, makine ve otomasyon yat\u0131r\u0131mlar\u0131m\u0131z toplam ciro ve verimlili\u011fimize olumlu katk\u0131 sa\u011flad\u0131. 2017 y\u0131l\u0131nda bir \u00f6nceki y\u0131la g\u00f6re y\u00fczde 41 oran\u0131nda b\u00fcy\u00fcme elde ettik. 2018 y\u0131l\u0131nda ise y\u00fczde 40 oran\u0131nda b\u00fcy\u00fcme elde etmeyi hedefliyoruz. Yeni yat\u0131r\u0131mlar\u0131m\u0131zla, T\u00fcrkiye\u2019ye ve m\u00fc\u015fterilerimize katma de\u011fer sa\u011flamaya devam edece\u011fiz.\u201d dedi.<\/p>\n<p><strong>\u00dcretime odaklanan firmalar kazan\u00e7l\u0131 \u00e7\u0131k\u0131yor<\/strong><\/p>\n<p>T\u00fcrkiye\u2019nin y\u00fczde 99\u2019unu KOB\u0130 \u00f6l\u00e7e\u011findeki \u015firketler olu\u015fturuyor. T\u00fcrkiye\u2019nin geli\u015fimi i\u00e7in lokomotif g\u00f6revi g\u00f6ren KOB\u0130\u2019ler, ekonomiye ve istihdama b\u00fcy\u00fck katk\u0131lar sa\u011fl\u0131yor. 220 ki\u015filik ekibiyle istihdam\u0131n\u0131 ve enerjisini art\u0131ran Karde\u015f Elektrik, s\u00fcrd\u00fcr\u00fclebilir b\u00fcy\u00fcmesine devam ediyor. Hizmet verdi\u011fi sekt\u00f6rlere y\u00f6nelik sundu\u011fu yenilik\u00e7i teknoloji \u00fcr\u00fcnleriyle T\u00fcrkiye\u2019yi ihracat k\u00f6pr\u00fcs\u00fc olarak konumland\u0131ran Karde\u015f Elektrik, m\u00fc\u015fterilerine katma de\u011fer yarat\u0131yor. Yerli \u00fcretim \u00e7al\u0131\u015fmalar\u0131 ile sekt\u00f6r\u00fcnde \u00f6nemli ba\u015far\u0131lara imza atan firma, yat\u0131r\u0131mlar\u0131nda h\u0131z kesmiyor. Ayr\u0131ca Karde\u015f Elektrik \u015firketler grubu, ACEL Elektrik ve SKC Karbon kurulu\u015flar\u0131yla da m\u00fc\u015fterilerinin ihtiya\u00e7lar\u0131na cevap veriyor. ACEL Elektrik, g\u00fcn\u00fcm\u00fczde \u00fclkemizde \u00fcretilen 200\u2019\u00fc a\u015fk\u0131n \u00e7e\u015fidi ile Phoenix Contact klemensleri d\u00fcnyan\u0131n d\u00f6rt taraf\u0131na ihra\u00e7 ediyor ve \u00fcst\u00fcn kalitesi ile bir\u00e7ok \u00fcr\u00fcn i\u00e7in d\u00fcnyada tek tedarik\u00e7i ilan ediliyor. \u00dcretilen t\u00fcm \u00fcr\u00fcnler, UL, CSA, FM, VDE, ATEX sertifikalar\u0131na sahip. SKC Karbon ise; elektrik, mekanik ve end\u00fcstriyel uygulamalarda karbon ve grafit kullan\u0131m\u0131n\u0131n vazge\u00e7ilemez oldu\u011fu sanayi tesislerine, mevcut makina parklar\u0131n\u0131n ihtiya\u00e7lar\u0131na cevap veriyor. SKC Karbon, deneyimli ekibi ile 1999 y\u0131l\u0131ndan itibaren T\u00fcrkiye temsilcili\u011fini \u00fcstlendi\u011fi SGL Carbon \u00d6zel Grafit \u0130\u015falan\u0131, Pantrac Gmbh, Helwig Carbon Products Inc, Gerken SA, Schmidthammer-Elektrokohle Dr. Fritsch gibi konular\u0131nda uzman, d\u00fcnyaca \u00fcnl\u00fc kurulu\u015flar\u0131n grafit ham malzeme ve \u00fcr\u00fcnleri ile hizmet veriyor.<\/p>","protected":false},"excerpt":{"rendered":"<p>Sorry, this entry is only available in Turkish. For the sake of viewer convenience, the content is shown below in the alternative language. You may click the link to switch the active language.Enerji, otomotiv, rayl\u0131 sistemler gibi sekt\u00f6rlere y\u00f6nelik geli\u015ftirdi\u011fi katma de\u011ferli \u00fcr\u00fcnleriyle dikkat \u00e7eken Karde\u015f Elektrik, T\u00fcrkiye\u2019deki yat\u0131r\u0131mlar\u0131yla \u00f6ne \u00e7\u0131k\u0131yor. Elli be\u015f y\u0131ll\u0131k bir [&hellip;]<\/p>\n","protected":false},"author":1,"featured_media":72967,"comment_status":"open","ping_status":"open","sticky":false,"template":"","format":"standard","meta":[],"categories":[51,53],"tags":[34979,26353,67,1009,37257],"views":682,"_links":{"self":[{"href":"https:\/\/www.enerjigazetesi.ist\/en\/wp-json\/wp\/v2\/posts\/72966"}],"collection":[{"href":"https:\/\/www.enerjigazetesi.ist\/en\/wp-json\/wp\/v2\/posts"}],"about":[{"href":"https:\/\/www.enerjigazetesi.ist\/en\/wp-json\/wp\/v2\/types\/post"}],"author":[{"embeddable":true,"href":"https:\/\/www.enerjigazetesi.ist\/en\/wp-json\/wp\/v2\/users\/1"}],"replies":[{"embeddable":true,"href":"https:\/\/www.enerjigazetesi.ist\/en\/wp-json\/wp\/v2\/comments?post=72966"}],"version-history":[{"count":2,"href":"https:\/\/www.enerjigazetesi.ist\/en\/wp-json\/wp\/v2\/posts\/72966\/revisions"}],"predecessor-version":[{"id":73201,"href":"https:\/\/www.enerjigazetesi.ist\/en\/wp-json\/wp\/v2\/posts\/72966\/revisions\/73201"}],"wp:featuredmedia":[{"embeddable":true,"href":"https:\/\/www.enerjigazetesi.ist\/en\/wp-json\/wp\/v2\/media\/72967"}],"wp:attachment":[{"href":"https:\/\/www.enerjigazetesi.ist\/en\/wp-json\/wp\/v2\/media?parent=72966"}],"wp:term":[{"taxonomy":"category","embeddable":true,"href":"https:\/\/www.enerjigazetesi.ist\/en\/wp-json\/wp\/v2\/categories?post=72966"},{"taxonomy":"post_tag","embeddable":true,"href":"https:\/\/www.enerjigazetesi.ist\/en\/wp-json\/wp\/v2\/tags?post=72966"}],"curies":[{"name":"wp","href":"https:\/\/api.w.org\/{rel}","templated":true}]}}