{"id":72942,"date":"2018-04-01T12:11:08","date_gmt":"2018-04-01T09:11:08","guid":{"rendered":"https:\/\/www.enerjigazetesi.ist\/?p=72942"},"modified":"2018-04-01T12:11:08","modified_gmt":"2018-04-01T09:11:08","slug":"zorlu-enerji-sektore-yon-veren-cozumleriyle-9-enerji-verimliligi-fuarindaydi","status":"publish","type":"post","link":"https:\/\/www.enerjigazetesi.ist\/en\/zorlu-enerji-sektore-yon-veren-cozumleriyle-9-enerji-verimliligi-fuarindaydi\/","title":{"rendered":"(Turkish) Zorlu Enerji Sekt\u00f6re Y\u00f6n Veren \u00c7\u00f6z\u00fcmleriyle 9. Enerji Verimlili\u011fi Fuar\u0131\u2019ndayd\u0131"},"content":{"rendered":"<p class=\"qtranxs-available-languages-message qtranxs-available-languages-message-en\">Sorry, this entry is only available in <a href=\"https:\/\/www.enerjigazetesi.ist\/tr\/wp-json\/wp\/v2\/posts\/72942\" class=\"qtranxs-available-language-link qtranxs-available-language-link-tr\" title=\"Turkish\">Turkish<\/a>. For the sake of viewer convenience, the content is shown below in the alternative language. You may click the link to switch the active language.<\/p><p><strong>29-30 Mart tarihleri aras\u0131nda \u0130stanbul L\u00fctfi K\u0131rdar Uluslararas\u0131 Kongre ve Sergi Saray\u0131\u2019nda d\u00fczenlenen Enerji Verimlili\u011fi Forumu ve Fuar\u0131, Zorlu Enerji\u2019nin de aralar\u0131nda yer ald\u0131\u011f\u0131 \u00f6nde gelen sekt\u00f6r temsilcilerini dokuzuncu kez bir araya getirdi.<\/strong><\/p>\n<p>Yerli ve yenilenebilir enerjide T\u00fcrkiye\u2019nin \u00f6nde gelen \u015firketi Zorlu Enerji, Enerji ve Tabii Kaynaklar Bakanl\u0131\u011f\u0131 himayesinde bu y\u0131l 9\u2019uncusu d\u00fczenlenen Enerji Verimlili\u011fi Forumu ve Fuar\u0131\u2019nda sekt\u00f6r\u00fcne <img loading=\"lazy\" class=\"alignleft size-medium wp-image-72943\" src=\"https:\/\/www.enerjigazetesi.ist\/wp-content\/uploads\/2018\/04\/zorlu-enerji-sektore-yon-veren-cozumleriyle-9-enerji-verimliligi-fuarindaydi-300x200.jpg\" alt=\"\" width=\"300\" height=\"200\" srcset=\"https:\/\/www.enerjigazetesi.ist\/wp-content\/uploads\/2018\/04\/zorlu-enerji-sektore-yon-veren-cozumleriyle-9-enerji-verimliligi-fuarindaydi-300x200.jpg 300w, https:\/\/www.enerjigazetesi.ist\/wp-content\/uploads\/2018\/04\/zorlu-enerji-sektore-yon-veren-cozumleriyle-9-enerji-verimliligi-fuarindaydi.jpg 500w, https:\/\/www.enerjigazetesi.ist\/wp-content\/uploads\/2018\/04\/zorlu-enerji-sektore-yon-veren-cozumleriyle-9-enerji-verimliligi-fuarindaydi-75x50.jpg 75w\" sizes=\"(max-width: 300px) 100vw, 300px\" \/>y\u00f6n veren yeni \u00e7\u00f6z\u00fcmlerini sergiledi. Bu y\u0131l \u201cUlusal Enerji Verimlili\u011fi Eylem Plan\u0131 \u2013 Harekete Ge\u00e7 Uygula\u201d ba\u015fl\u0131\u011f\u0131yla d\u00fczenlenen etkinli\u011fin destek\u00e7ileri aras\u0131nda yer alan Zorlu Enerji, stand\u0131nda T\u00fcrkiye\u2019de ve yurt d\u0131\u015f\u0131nda hayata ge\u00e7irdi\u011fi projelerle ilgili bilgileri payla\u015ft\u0131. Enerji alan\u0131nda anahtar teslim \u00e7\u00f6z\u00fcmler sunan Zorlu Enerji, g\u00fcne\u015f enerjisi alan\u0131nda da en yeni teknolojileri sekt\u00f6r payda\u015flar\u0131na anlatt\u0131. Hem end\u00fcstriyel hem de bireysele y\u00f6nelik \u00e7\u00f6z\u00fcmlerini aktaran Zorlu Enerji, \u00f6rnek uygulamalar\u0131na ili\u015fkin detaylar\u0131 sunmak \u00fczere kat\u0131l\u0131mc\u0131larla bir araya geldi.<\/p>\n<p>Her sene enerji sekt\u00f6r\u00fcn\u00fcn \u00f6nde gelen payda\u015flar\u0131n\u0131n kat\u0131l\u0131m\u0131yla ger\u00e7ekle\u015fen Enerji Verimlili\u011fi Forumu ve Fuar\u0131, 29-30 Mart 2018 tarihleri aras\u0131nda L\u00fctfi K\u0131rdar Uluslararas\u0131 Kongre ve Sergi Saray\u0131\u2019nda d\u00fczenlendi. Enerji verimlili\u011fine y\u00f6nelik faaliyette bulunan \u00e7ok say\u0131da ulusal ve uluslararas\u0131 firmay\u0131 bir araya getiren etkinlik kapsam\u0131nda \u00fcretimden nihai t\u00fcketime kadar enerjinin verimli ve etkin kullan\u0131m\u0131na y\u00f6nelik oturum ve paneller d\u00fczenlendi. Fuar kat\u0131l\u0131mc\u0131lar\u0131 Zorlu Enerji\u2019nin s\u00fcrd\u00fcr\u00fclebilirli\u011fe katk\u0131 sunan yat\u0131r\u0131mlar\u0131na ili\u015fkin bilgilere Zorlu Enerji stand\u0131n\u0131 ziyaret ederek ula\u015ft\u0131lar.<\/p>","protected":false},"excerpt":{"rendered":"<p>Sorry, this entry is only available in Turkish. For the sake of viewer convenience, the content is shown below in the alternative language. You may click the link to switch the active language.29-30 Mart tarihleri aras\u0131nda \u0130stanbul L\u00fctfi K\u0131rdar Uluslararas\u0131 Kongre ve Sergi Saray\u0131\u2019nda d\u00fczenlenen Enerji Verimlili\u011fi Forumu ve Fuar\u0131, Zorlu Enerji\u2019nin de aralar\u0131nda yer [&hellip;]<\/p>\n","protected":false},"author":1,"featured_media":72943,"comment_status":"open","ping_status":"open","sticky":false,"template":"","format":"standard","meta":[],"categories":[53,52],"tags":[67,1009,12,793,344],"views":1075,"_links":{"self":[{"href":"https:\/\/www.enerjigazetesi.ist\/en\/wp-json\/wp\/v2\/posts\/72942"}],"collection":[{"href":"https:\/\/www.enerjigazetesi.ist\/en\/wp-json\/wp\/v2\/posts"}],"about":[{"href":"https:\/\/www.enerjigazetesi.ist\/en\/wp-json\/wp\/v2\/types\/post"}],"author":[{"embeddable":true,"href":"https:\/\/www.enerjigazetesi.ist\/en\/wp-json\/wp\/v2\/users\/1"}],"replies":[{"embeddable":true,"href":"https:\/\/www.enerjigazetesi.ist\/en\/wp-json\/wp\/v2\/comments?post=72942"}],"version-history":[{"count":1,"href":"https:\/\/www.enerjigazetesi.ist\/en\/wp-json\/wp\/v2\/posts\/72942\/revisions"}],"predecessor-version":[{"id":72944,"href":"https:\/\/www.enerjigazetesi.ist\/en\/wp-json\/wp\/v2\/posts\/72942\/revisions\/72944"}],"wp:featuredmedia":[{"embeddable":true,"href":"https:\/\/www.enerjigazetesi.ist\/en\/wp-json\/wp\/v2\/media\/72943"}],"wp:attachment":[{"href":"https:\/\/www.enerjigazetesi.ist\/en\/wp-json\/wp\/v2\/media?parent=72942"}],"wp:term":[{"taxonomy":"category","embeddable":true,"href":"https:\/\/www.enerjigazetesi.ist\/en\/wp-json\/wp\/v2\/categories?post=72942"},{"taxonomy":"post_tag","embeddable":true,"href":"https:\/\/www.enerjigazetesi.ist\/en\/wp-json\/wp\/v2\/tags?post=72942"}],"curies":[{"name":"wp","href":"https:\/\/api.w.org\/{rel}","templated":true}]}}