{"id":72935,"date":"2018-04-01T11:50:46","date_gmt":"2018-04-01T08:50:46","guid":{"rendered":"https:\/\/www.enerjigazetesi.ist\/?p=72935"},"modified":"2018-04-01T11:50:46","modified_gmt":"2018-04-01T08:50:46","slug":"fransanin-ilk-nukleer-santrali-bu-yil-sonunda-kapatiliyor","status":"publish","type":"post","link":"https:\/\/www.enerjigazetesi.ist\/en\/fransanin-ilk-nukleer-santrali-bu-yil-sonunda-kapatiliyor\/","title":{"rendered":"(Turkish) Fransa\u2019n\u0131n \u0130lk N\u00fckleer Santrali Bu Y\u0131l Sonunda Kapat\u0131l\u0131yor"},"content":{"rendered":"<p class=\"qtranxs-available-languages-message qtranxs-available-languages-message-en\">Sorry, this entry is only available in <a href=\"https:\/\/www.enerjigazetesi.ist\/tr\/wp-json\/wp\/v2\/posts\/72935\" class=\"qtranxs-available-language-link qtranxs-available-language-link-tr\" title=\"Turkish\">Turkish<\/a>. For the sake of viewer convenience, the content is shown below in the alternative language. You may click the link to switch the active language.<\/p><p><strong>Her y\u0131l \u00e7ok say\u0131da teknik kazalara neden olan Fransa\u2019n\u0131n ilk n\u00fckleer santrali \u201cFessenheim\u201d\u0131n, bu y\u0131l\u0131n sonunda ya da en ge\u00e7 2019&#8217;un ba\u015f\u0131nda kapanaca\u011f\u0131 kesinlik kazand\u0131.<img loading=\"lazy\" class=\"alignright size-medium wp-image-72936\" src=\"https:\/\/www.enerjigazetesi.ist\/wp-content\/uploads\/2018\/04\/fransanin-ilk-nukleer-santrali-bu-yil-sonunda-kapatiliyor-300x200.jpg\" alt=\"\" width=\"300\" height=\"200\" srcset=\"https:\/\/www.enerjigazetesi.ist\/wp-content\/uploads\/2018\/04\/fransanin-ilk-nukleer-santrali-bu-yil-sonunda-kapatiliyor-300x200.jpg 300w, https:\/\/www.enerjigazetesi.ist\/wp-content\/uploads\/2018\/04\/fransanin-ilk-nukleer-santrali-bu-yil-sonunda-kapatiliyor-500x333.jpg 500w, https:\/\/www.enerjigazetesi.ist\/wp-content\/uploads\/2018\/04\/fransanin-ilk-nukleer-santrali-bu-yil-sonunda-kapatiliyor-75x50.jpg 75w, https:\/\/www.enerjigazetesi.ist\/wp-content\/uploads\/2018\/04\/fransanin-ilk-nukleer-santrali-bu-yil-sonunda-kapatiliyor.jpg 696w\" sizes=\"(max-width: 300px) 100vw, 300px\" \/><\/strong><\/p>\n<p><span id=\"more-99060\"><\/span>Almanya ve \u0130svi\u00e7re s\u0131n\u0131r\u0131na \u00e7ok yak\u0131n olan n\u00fckleer santral 1977 y\u0131l\u0131nda hizmete girmi\u015fti. \u0130ki reakt\u00f6rl\u00fc santralin toplam enerji kapasitesi 1760 MW. Enerjisin y\u00fczde 70\u2019ini Frans\u0131z Elektrik Kurumu (EDF) ve y\u00fczde 20\u2019sini kom\u015fusu Almanya\u2019ya ihra\u00e7 eden santral i\u00e7in Fransa Enerji ve \u00c7evre Bakanl\u0131\u011f\u0131 kapatma s\u00fcrecinin kontrol\u00fcne y\u00f6nelik \u00f6zel g\u00f6revli atad\u0131. \u00d6zel g\u00f6revli se\u00e7ilen David Coste g\u00f6revine 9 Nisan tarihinde ba\u015flayacak.<\/p>\n<p>2019&#8217;da ba\u015flayacak olan kapatma \u00e7al\u0131\u015fmalar\u0131n 20-25 y\u0131l s\u00fcrmesi \u00f6ng\u00f6r\u00fclmektedir. Fransa 58 reakt\u00f6r\u00fcyle Avrupa\u2019da n\u00fckleer reakt\u00f6r say\u0131lar\u0131na g\u00f6re ilk s\u0131rada yer alan \u00fclke konumundad\u0131r. D\u00fcnya s\u0131ralamas\u0131nda Amerika\u2019dan sonra Fransa ikinci s\u0131rada yer almaktad\u0131r. Avrupa \u00fclkeleri n\u00fckleer enerjiden geri d\u00f6n\u00fc\u015f \u00e7al\u0131\u015fmalar\u0131yla her y\u0131l 1-2 n\u00fckleer santral kapatmaya y\u00f6nelik \u00e7al\u0131\u015fma ger\u00e7ekle\u015ftiriyor.<\/p>","protected":false},"excerpt":{"rendered":"<p>Sorry, this entry is only available in Turkish. For the sake of viewer convenience, the content is shown below in the alternative language. You may click the link to switch the active language.Her y\u0131l \u00e7ok say\u0131da teknik kazalara neden olan Fransa\u2019n\u0131n ilk n\u00fckleer santrali \u201cFessenheim\u201d\u0131n, bu y\u0131l\u0131n sonunda ya da en ge\u00e7 2019&#8217;un ba\u015f\u0131nda kapanaca\u011f\u0131 [&hellip;]<\/p>\n","protected":false},"author":1,"featured_media":72936,"comment_status":"open","ping_status":"open","sticky":false,"template":"","format":"standard","meta":[],"categories":[53,43],"tags":[3701,68,67,1009,37249,37250,21,23134,25480,3338,3020,34930],"views":975,"_links":{"self":[{"href":"https:\/\/www.enerjigazetesi.ist\/en\/wp-json\/wp\/v2\/posts\/72935"}],"collection":[{"href":"https:\/\/www.enerjigazetesi.ist\/en\/wp-json\/wp\/v2\/posts"}],"about":[{"href":"https:\/\/www.enerjigazetesi.ist\/en\/wp-json\/wp\/v2\/types\/post"}],"author":[{"embeddable":true,"href":"https:\/\/www.enerjigazetesi.ist\/en\/wp-json\/wp\/v2\/users\/1"}],"replies":[{"embeddable":true,"href":"https:\/\/www.enerjigazetesi.ist\/en\/wp-json\/wp\/v2\/comments?post=72935"}],"version-history":[{"count":1,"href":"https:\/\/www.enerjigazetesi.ist\/en\/wp-json\/wp\/v2\/posts\/72935\/revisions"}],"predecessor-version":[{"id":72937,"href":"https:\/\/www.enerjigazetesi.ist\/en\/wp-json\/wp\/v2\/posts\/72935\/revisions\/72937"}],"wp:featuredmedia":[{"embeddable":true,"href":"https:\/\/www.enerjigazetesi.ist\/en\/wp-json\/wp\/v2\/media\/72936"}],"wp:attachment":[{"href":"https:\/\/www.enerjigazetesi.ist\/en\/wp-json\/wp\/v2\/media?parent=72935"}],"wp:term":[{"taxonomy":"category","embeddable":true,"href":"https:\/\/www.enerjigazetesi.ist\/en\/wp-json\/wp\/v2\/categories?post=72935"},{"taxonomy":"post_tag","embeddable":true,"href":"https:\/\/www.enerjigazetesi.ist\/en\/wp-json\/wp\/v2\/tags?post=72935"}],"curies":[{"name":"wp","href":"https:\/\/api.w.org\/{rel}","templated":true}]}}