{"id":72933,"date":"2018-04-01T11:44:06","date_gmt":"2018-04-01T08:44:06","guid":{"rendered":"https:\/\/www.enerjigazetesi.ist\/?p=72933"},"modified":"2018-04-01T11:44:06","modified_gmt":"2018-04-01T08:44:06","slug":"ab-turkiyenin-dogu-akdeniz-eylemlerinden-rahatsizlik-duyuyor","status":"publish","type":"post","link":"https:\/\/www.enerjigazetesi.ist\/en\/ab-turkiyenin-dogu-akdeniz-eylemlerinden-rahatsizlik-duyuyor\/","title":{"rendered":"(Turkish) AB, T\u00fcrkiye\u2019nin Do\u011fu Akdeniz Eylemlerinden Rahats\u0131zl\u0131k Duyuyor"},"content":{"rendered":"<p class=\"qtranxs-available-languages-message qtranxs-available-languages-message-en\">Sorry, this entry is only available in <a href=\"https:\/\/www.enerjigazetesi.ist\/tr\/wp-json\/wp\/v2\/posts\/72933\" class=\"qtranxs-available-language-link qtranxs-available-language-link-tr\" title=\"Turkish\">Turkish<\/a>. For the sake of viewer convenience, the content is shown below in the alternative language. You may click the link to switch the active language.<\/p><p><strong>Atina ve Lefko\u015fa, Do\u011fu Akdeniz\u2019de ya\u015fananlardan sonra offshore petrol ve do\u011falgaz aramalar\u0131na ili\u015fkin ya\u015fanan gerilimde Ankara\u2019y\u0131 uluslararas\u0131 hukuku ihlal etmekle su\u00e7lad\u0131.<\/strong><\/p>\n<p><img loading=\"lazy\" class=\"alignleft size-medium wp-image-32236\" src=\"https:\/\/www.enerjigazetesi.ist\/wp-content\/uploads\/2014\/10\/k\u0131br\u0131s-gaz\u0131-300x168.jpg\" alt=\"\" width=\"300\" height=\"168\" srcset=\"https:\/\/www.enerjigazetesi.ist\/wp-content\/uploads\/2014\/10\/k\u0131br\u0131s-gaz\u0131-300x168.jpg 300w, https:\/\/www.enerjigazetesi.ist\/wp-content\/uploads\/2014\/10\/k\u0131br\u0131s-gaz\u0131-500x281.jpg 500w, https:\/\/www.enerjigazetesi.ist\/wp-content\/uploads\/2014\/10\/k\u0131br\u0131s-gaz\u0131-80x45.jpg 80w, https:\/\/www.enerjigazetesi.ist\/wp-content\/uploads\/2014\/10\/k\u0131br\u0131s-gaz\u0131.jpg 870w\" sizes=\"(max-width: 300px) 100vw, 300px\" \/>AB liderler zirvesinde yay\u0131mlanacak taslak belgeye g\u00f6re \u201cT\u00fcrkiye\u2019ye bu eylemleri durdurmas\u0131 ve K\u0131br\u0131s\u2019\u0131n do\u011fal kaynaklar\u0131n\u0131 hukuk uyar\u0131nca aramas\u0131 ve kullanmas\u0131n\u0131 \u00f6ng\u00f6ren egemenlik haklar\u0131na sayg\u0131 g\u00f6stermesi\u201d \u00e7a\u011fr\u0131s\u0131 yap\u0131lacak.<\/p>\n<p>G\u00fcney K\u0131br\u0131s Rum Y\u00f6netimi 9 \u015eubat\u2019ta \u0130talyan Eni ENI.MI \u015firketinin kiralad\u0131\u011f\u0131 bir do\u011falgaz arama gemisinin ada a\u00e7\u0131klar\u0131nda yapaca\u011f\u0131 sondaj \u00e7al\u0131\u015fmas\u0131n\u0131n T\u00fcrk askeri gemileri taraf\u0131ndan engellendi\u011fini s\u00f6ylemi\u015fti. T\u00fcrkiye ise adan\u0131n \u00e7evresindeki offshore deniz yetki alanlar\u0131n\u0131n baz\u0131 b\u00f6lgelerinin, T\u00fcrkiye\u2019nin ya da Kuzey K\u0131br\u0131s T\u00fcrk Cumhuriyeti\u2019nin yetki alanlar\u0131 kapsam\u0131na girdi\u011fini belirtiyor.<\/p>","protected":false},"excerpt":{"rendered":"<p>Sorry, this entry is only available in Turkish. For the sake of viewer convenience, the content is shown below in the alternative language. You may click the link to switch the active language.Atina ve Lefko\u015fa, Do\u011fu Akdeniz\u2019de ya\u015fananlardan sonra offshore petrol ve do\u011falgaz aramalar\u0131na ili\u015fkin ya\u015fanan gerilimde Ankara\u2019y\u0131 uluslararas\u0131 hukuku ihlal etmekle su\u00e7lad\u0131. AB liderler [&hellip;]<\/p>\n","protected":false},"author":1,"featured_media":32236,"comment_status":"open","ping_status":"open","sticky":false,"template":"","format":"standard","meta":[],"categories":[46,53,44],"tags":[1192,92,1128,67,1009,2345,59,34935],"views":565,"_links":{"self":[{"href":"https:\/\/www.enerjigazetesi.ist\/en\/wp-json\/wp\/v2\/posts\/72933"}],"collection":[{"href":"https:\/\/www.enerjigazetesi.ist\/en\/wp-json\/wp\/v2\/posts"}],"about":[{"href":"https:\/\/www.enerjigazetesi.ist\/en\/wp-json\/wp\/v2\/types\/post"}],"author":[{"embeddable":true,"href":"https:\/\/www.enerjigazetesi.ist\/en\/wp-json\/wp\/v2\/users\/1"}],"replies":[{"embeddable":true,"href":"https:\/\/www.enerjigazetesi.ist\/en\/wp-json\/wp\/v2\/comments?post=72933"}],"version-history":[{"count":1,"href":"https:\/\/www.enerjigazetesi.ist\/en\/wp-json\/wp\/v2\/posts\/72933\/revisions"}],"predecessor-version":[{"id":72934,"href":"https:\/\/www.enerjigazetesi.ist\/en\/wp-json\/wp\/v2\/posts\/72933\/revisions\/72934"}],"wp:featuredmedia":[{"embeddable":true,"href":"https:\/\/www.enerjigazetesi.ist\/en\/wp-json\/wp\/v2\/media\/32236"}],"wp:attachment":[{"href":"https:\/\/www.enerjigazetesi.ist\/en\/wp-json\/wp\/v2\/media?parent=72933"}],"wp:term":[{"taxonomy":"category","embeddable":true,"href":"https:\/\/www.enerjigazetesi.ist\/en\/wp-json\/wp\/v2\/categories?post=72933"},{"taxonomy":"post_tag","embeddable":true,"href":"https:\/\/www.enerjigazetesi.ist\/en\/wp-json\/wp\/v2\/tags?post=72933"}],"curies":[{"name":"wp","href":"https:\/\/api.w.org\/{rel}","templated":true}]}}