{"id":72927,"date":"2018-03-31T19:26:57","date_gmt":"2018-03-31T16:26:57","guid":{"rendered":"https:\/\/www.enerjigazetesi.ist\/?p=72927"},"modified":"2018-03-31T19:26:57","modified_gmt":"2018-03-31T16:26:57","slug":"11-solarex-istanbul-2018e-geri-sayim-basladi","status":"publish","type":"post","link":"https:\/\/www.enerjigazetesi.ist\/en\/11-solarex-istanbul-2018e-geri-sayim-basladi\/","title":{"rendered":"(Turkish) 11. SOLAREX \u0130STANBUL 2018\u2019e Geri Say\u0131m Ba\u015flad\u0131!"},"content":{"rendered":"<p class=\"qtranxs-available-languages-message qtranxs-available-languages-message-en\">Sorry, this entry is only available in <a href=\"https:\/\/www.enerjigazetesi.ist\/tr\/wp-json\/wp\/v2\/posts\/72927\" class=\"qtranxs-available-language-link qtranxs-available-language-link-tr\" title=\"Turkish\">Turkish<\/a>. For the sake of viewer convenience, the content is shown below in the alternative language. You may click the link to switch the active language.<\/p><p><strong>05\u2013 07 Nisan 2018 tarihleri aras\u0131nda, \u0130stanbul Fuar Merkezi\u2019nde ger\u00e7ekle\u015ftirilecek olan ve Voli Fuarc\u0131l\u0131k taraf\u0131ndan organize edilen fuar, bu y\u0131l kab\u0131na s\u0131\u011fmayarak d\u0131\u015f alanlara da ta\u015ft\u0131 ve 11 y\u0131l\u0131n en b\u00fcy\u00fck kat\u0131l\u0131mc\u0131 say\u0131s\u0131na ve sergi alan\u0131na imza att\u0131. <\/strong><\/p>\n<p>Ziyaret\u00e7i say\u0131s\u0131n\u0131n da ayn\u0131 oranda artaca\u011f\u0131n\u0131n online kay\u0131tlardan anla\u015f\u0131ld\u0131\u011f\u0131n\u0131 belirten Voli Fuar Hizmetleri A.\u015e. yetkilileri bu y\u0131l ziyaret\u00e7i say\u0131s\u0131nda da rekor kat\u0131l\u0131m beklediklerini ifade ettiler. Yurt i\u00e7i <img loading=\"lazy\" class=\"alignleft size-medium wp-image-72928\" src=\"https:\/\/www.enerjigazetesi.ist\/wp-content\/uploads\/2018\/03\/11-solarex-istanbul-2018e-geri-sayim-basladi-300x200.jpg\" alt=\"\" width=\"300\" height=\"200\" srcset=\"https:\/\/www.enerjigazetesi.ist\/wp-content\/uploads\/2018\/03\/11-solarex-istanbul-2018e-geri-sayim-basladi-300x200.jpg 300w, https:\/\/www.enerjigazetesi.ist\/wp-content\/uploads\/2018\/03\/11-solarex-istanbul-2018e-geri-sayim-basladi-500x333.jpg 500w, https:\/\/www.enerjigazetesi.ist\/wp-content\/uploads\/2018\/03\/11-solarex-istanbul-2018e-geri-sayim-basladi-75x50.jpg 75w, https:\/\/www.enerjigazetesi.ist\/wp-content\/uploads\/2018\/03\/11-solarex-istanbul-2018e-geri-sayim-basladi.jpg 648w\" sizes=\"(max-width: 300px) 100vw, 300px\" \/>kat\u0131l\u0131mc\u0131 say\u0131s\u0131n\u0131n 155, yurt d\u0131\u015f\u0131 kat\u0131l\u0131mc\u0131 say\u0131s\u0131n\u0131n 75 oldu\u011fu Solarex \u0130stanbul Fuar\u0131\u2019nda 1000\u2019e yak\u0131n marka temsil ediliyor. Fuara \u00e7ok say\u0131da profesyonel ziyaret\u00e7inin yan\u0131 s\u0131ra, CEO\u2019lar, STK temsilcileri, akademisyenler, b\u00fcrokratlar ve d\u00fcnya genelinden kat\u0131lacak al\u0131m heyetleri i\u015ftirak edecek.<\/p>\n<p>Haz\u0131rl\u0131klar\u0131 son h\u0131zla devam eden, 11. Solarex \u0130stanbul\u2019da stant sat\u0131\u015flar\u0131 aylar \u00f6nce tamamland\u0131. Fuar, d\u00fcnyada ve T\u00fcrkiye\u2019de g\u00fcne\u015f enerjisi \u00fcretimine ili\u015fkin yap\u0131lacak bir\u00e7ok seminer, panel ve konferanslarla da g\u00fcne\u015f enerjisi hakk\u0131nda \u00e7e\u015fitli konular\u0131n tart\u0131\u015f\u0131laca\u011f\u0131 bir global arena olma \u00f6zelli\u011fi de ta\u015f\u0131yor.<\/p>\n<p>Voli Fuar Hizmetleri A.\u015e. taraf\u0131ndan ger\u00e7ekle\u015ftirilecek olan fuar\u0131n amac\u0131, g\u00fcne\u015f enerjisi kaynaklar\u0131n\u0131n ve g\u00fcne\u015f enerjisi piyasalar\u0131n\u0131n t\u00fcm boyutlar\u0131 ile de\u011ferlendirilmesi ve en son geli\u015fmeler ile uygulamalar\u0131n\u0131n pek \u00e7ok a\u00e7\u0131dan tart\u0131\u015f\u0131l\u0131p ele al\u0131nabilece\u011fi, yeni \u00fcr\u00fcnlerin profesyonel ziyaret\u00e7isine sergilenece\u011fi bir ortam olu\u015fturmakt\u0131r.<\/p>\n<p><strong>T\u00fcrk Solar Sekt\u00f6r\u00fc, B\u00fcy\u00fck Bir Fotovoltaik Pazar Olma Yolunda H\u0131zla \u0130lerliyor<\/strong><\/p>\n<p>T\u00fcrkiye ge\u00e7ti\u011fimiz on y\u0131lda kaydetti\u011fi ekonomik b\u00fcy\u00fcmeye paralel olarak d\u00fcnyan\u0131n en h\u0131zl\u0131 b\u00fcy\u00fcyen solar piyasalar\u0131ndan biri haline gelmi\u015ftir. Enerji da\u011f\u0131t\u0131m\u0131n\u0131n tamamen \u00f6zel sekt\u00f6re devredildi\u011fi ve enerji \u00fcretim varl\u0131klar\u0131 \u00f6zelle\u015ftirilmesinin \u00f6n\u00fcm\u00fczdeki be\u015f y\u0131l i\u00e7erisinde tamamlanmas\u0131n\u0131n planland\u0131\u011f\u0131 bu d\u00f6nemde ba\u015far\u0131l\u0131 bir bi\u00e7imde uygulanan \u00f6zelle\u015ftirme program\u0131, \u00fclkenin solar sekt\u00f6r\u00fcne son derece rekabet\u00e7i bir yap\u0131 ve b\u00fcy\u00fcme i\u00e7in yeni ufuklar kazand\u0131rm\u0131\u015ft\u0131r. Sergilenen \u00fcr\u00fcn ve ger\u00e7ekle\u015fen etkinliklerle sekt\u00f6r\u00fcn nabz\u0131n\u0131 tutan Solarex \u0130stanbul; Avrupa ve Asya b\u00f6lgelerini birle\u015ftiren noktada sekt\u00f6r\u00fcn en \u00f6nemli bulu\u015fmas\u0131 olarak \u00f6ne \u00e7\u0131k\u0131yor. Yerli ve yabanc\u0131 kat\u0131l\u0131mc\u0131 firmalar\u0131n, yeni pazarlara ula\u015fmas\u0131 i\u00e7in, \u00f6nemli olanaklar sunan fuarda, MENA \u00fclkeleri ba\u015fta olmak \u00fczere, Afganistan, Almanya, Birle\u015fik Arap Emirlikleri, Bulgaristan, Fransa, Tunus, Cezayir, G\u00fcrcistan, Irak, \u0130ran, \u0130spanya, \u0130talya, Kazakistan, M\u0131s\u0131r, Suudi Arabistan ve Yunanistan\u2019dan firma yetkililerinin gelmesi planlan\u0131yor. 5 \u2013 7 Nisan tarihleri aras\u0131nda, \u0130FM \u2013 \u0130stanbul Fuar Merkezi 9, 10, 11 ve 12. Salonlarda ger\u00e7ekle\u015fecek fuar, 10:00 \u2013 19:00 saatleri aras\u0131nda ziyaret edilebilir.<\/p>\n<p><strong>Detayl\u0131 Bilgi ve \u00dccretsiz Davetiye i\u00e7in:<\/strong><\/p>\n<p>Solarexistanbul ile ilgili daha detayl\u0131 bilgi sahibi olmak i\u00e7in\u00a0<a href=\"http:\/\/www.solarexistanbul.com\/\">www.solarexistanbul.com<\/a>\u00a0web sitesini ziyaret edebilir ya da a\u015fa\u011f\u0131daki ileti\u015fim adresleri ile ba\u011flant\u0131 kurabilirsiniz.<\/p>","protected":false},"excerpt":{"rendered":"<p>Sorry, this entry is only available in Turkish. For the sake of viewer convenience, the content is shown below in the alternative language. You may click the link to switch the active language.05\u2013 07 Nisan 2018 tarihleri aras\u0131nda, \u0130stanbul Fuar Merkezi\u2019nde ger\u00e7ekle\u015ftirilecek olan ve Voli Fuarc\u0131l\u0131k taraf\u0131ndan organize edilen fuar, bu y\u0131l kab\u0131na s\u0131\u011fmayarak d\u0131\u015f [&hellip;]<\/p>\n","protected":false},"author":1,"featured_media":72928,"comment_status":"open","ping_status":"open","sticky":false,"template":"","format":"standard","meta":[],"categories":[53,49],"tags":[67,1009,23416,23131,4271,27520,37246,37207],"views":860,"_links":{"self":[{"href":"https:\/\/www.enerjigazetesi.ist\/en\/wp-json\/wp\/v2\/posts\/72927"}],"collection":[{"href":"https:\/\/www.enerjigazetesi.ist\/en\/wp-json\/wp\/v2\/posts"}],"about":[{"href":"https:\/\/www.enerjigazetesi.ist\/en\/wp-json\/wp\/v2\/types\/post"}],"author":[{"embeddable":true,"href":"https:\/\/www.enerjigazetesi.ist\/en\/wp-json\/wp\/v2\/users\/1"}],"replies":[{"embeddable":true,"href":"https:\/\/www.enerjigazetesi.ist\/en\/wp-json\/wp\/v2\/comments?post=72927"}],"version-history":[{"count":1,"href":"https:\/\/www.enerjigazetesi.ist\/en\/wp-json\/wp\/v2\/posts\/72927\/revisions"}],"predecessor-version":[{"id":72929,"href":"https:\/\/www.enerjigazetesi.ist\/en\/wp-json\/wp\/v2\/posts\/72927\/revisions\/72929"}],"wp:featuredmedia":[{"embeddable":true,"href":"https:\/\/www.enerjigazetesi.ist\/en\/wp-json\/wp\/v2\/media\/72928"}],"wp:attachment":[{"href":"https:\/\/www.enerjigazetesi.ist\/en\/wp-json\/wp\/v2\/media?parent=72927"}],"wp:term":[{"taxonomy":"category","embeddable":true,"href":"https:\/\/www.enerjigazetesi.ist\/en\/wp-json\/wp\/v2\/categories?post=72927"},{"taxonomy":"post_tag","embeddable":true,"href":"https:\/\/www.enerjigazetesi.ist\/en\/wp-json\/wp\/v2\/tags?post=72927"}],"curies":[{"name":"wp","href":"https:\/\/api.w.org\/{rel}","templated":true}]}}