{"id":72917,"date":"2018-03-31T14:22:24","date_gmt":"2018-03-31T11:22:24","guid":{"rendered":"https:\/\/www.enerjigazetesi.ist\/?p=72917"},"modified":"2018-03-31T14:22:24","modified_gmt":"2018-03-31T11:22:24","slug":"turkiyenin-yeni-tracker-sistemi-isotrack","status":"publish","type":"post","link":"https:\/\/www.enerjigazetesi.ist\/en\/turkiyenin-yeni-tracker-sistemi-isotrack\/","title":{"rendered":"(Turkish) T\u00fcrkiye&#8217;nin Yeni Tracker Sistemi &#8216;ISOTRACK'"},"content":{"rendered":"<p class=\"qtranxs-available-languages-message qtranxs-available-languages-message-en\">Sorry, this entry is only available in <a href=\"https:\/\/www.enerjigazetesi.ist\/tr\/wp-json\/wp\/v2\/posts\/72917\" class=\"qtranxs-available-language-link qtranxs-available-language-link-tr\" title=\"Turkish\">Turkish<\/a>. For the sake of viewer convenience, the content is shown below in the alternative language. You may click the link to switch the active language.<\/p><p><strong>ISOTEC, T\u00fcrk m\u00fchendisleri taraf\u0131ndan tasarlanan, tamam\u0131yla yerli \u00fcretim \u00fcr\u00fcn\u00fc olan ISOTRACK tracker sistemini Eyl\u00fcl ay\u0131nda sekt\u00f6re sunmaya haz\u0131rlan\u0131yor.<\/strong><\/p>\n<p>G\u00fcne\u015f enerjisi sekt\u00f6r\u00fcndeki yolculu\u011funa Almanya\u2019da ba\u015flayan ve sonras\u0131nda potansiyel pazar olarak <img loading=\"lazy\" class=\"alignright size-medium wp-image-72918\" src=\"https:\/\/www.enerjigazetesi.ist\/wp-content\/uploads\/2018\/03\/turkiyenin-yeni-tracker-sistemi-isotrack-300x205.jpg\" alt=\"\" width=\"300\" height=\"205\" srcset=\"https:\/\/www.enerjigazetesi.ist\/wp-content\/uploads\/2018\/03\/turkiyenin-yeni-tracker-sistemi-isotrack-300x205.jpg 300w, https:\/\/www.enerjigazetesi.ist\/wp-content\/uploads\/2018\/03\/turkiyenin-yeni-tracker-sistemi-isotrack-768x526.jpg 768w, https:\/\/www.enerjigazetesi.ist\/wp-content\/uploads\/2018\/03\/turkiyenin-yeni-tracker-sistemi-isotrack-1024x701.jpg 1024w, https:\/\/www.enerjigazetesi.ist\/wp-content\/uploads\/2018\/03\/turkiyenin-yeni-tracker-sistemi-isotrack-500x342.jpg 500w, https:\/\/www.enerjigazetesi.ist\/wp-content\/uploads\/2018\/03\/turkiyenin-yeni-tracker-sistemi-isotrack-73x50.jpg 73w, https:\/\/www.enerjigazetesi.ist\/wp-content\/uploads\/2018\/03\/turkiyenin-yeni-tracker-sistemi-isotrack.jpg 1372w\" sizes=\"(max-width: 300px) 100vw, 300px\" \/>g\u00f6rd\u00fc\u011f\u00fc T\u00fcrkiye\u2019de yap\u0131lanan ISOTEC Enerji, konstr\u00fcksiyon kurulum ve tedarik alan\u0131nda hizmet sunuyor. Deneyimli ekibiyle dan\u0131\u015fmanl\u0131k ve m\u00fchendislik hizmetleri de sunan firman\u0131n g\u00fcncel faaliyetlerini ve emsallerinden farkl\u0131 altyap\u0131ya sahip yeni ISOTRACK Tracker sistemini dinlemek ad\u0131na ISOTEC Enerji Kurucu Orta\u011f\u0131 Erkan \u00d6zt\u00fcrk\u2019\u00fc ziyaret ettik. 2018\u2019in ilk aylardan yo\u011fun taleple ba\u015flad\u0131\u011f\u0131n\u0131 kaydeden \u00d6zt\u00fcrk, \u00e7at\u0131 pazar\u0131n\u0131n a\u00e7\u0131lmas\u0131yla birlikte sekt\u00f6r\u00fcn \u00e7ok daha g\u00fc\u00e7lenece\u011fini ifade etti.<\/p>\n<p><strong>2017 ISOTEC i\u00e7in yo\u011fun bir y\u0131ld\u0131. Y\u0131l i\u00e7erisinde toplamda ne kadar kurulum ger\u00e7ekle\u015ftirdiniz? \u00dcretim hedefi neydi?<\/strong><\/p>\n<p>Konstr\u00fcksiyon kapasitemizle ilgili hedefledi\u011fimiz 120MW\u2019\u0131 197MW olarak tamamlad\u0131k. Bu 197MW\u2019\u0131n yan\u0131 s\u0131ra Zorlu Enerji\u2019yle birlikte 300MW\u2019l\u0131k<\/p>\n<p>bir yurtd\u0131\u015f\u0131 anla\u015fmas\u0131 ger\u00e7ekle\u015ftirdik. Yurtd\u0131\u015f\u0131 anla\u015fmas\u0131nda ISOTEC\u2019 e ait ISOGROUND Arazi Montaj Sistemi tasar\u0131m\u0131, m\u00fchendislik ve dan\u0131\u015fmanl\u0131k hizmeti vermekteyiz.<\/p>\n<p><strong>2018 y\u0131l\u0131yla alakal\u0131 belirlenen hedefler neler?<\/strong><\/p>\n<p>\u00d6ncelikle arazi projelerinde belirledi\u011fimiz \u015f\u00f6yle bir yan var; y\u0131l\u0131n ilk ay\u0131nda kendini ispat etmi\u015f oldu\u011fu 500MW lisanss\u0131z ve 600MW lisansl\u0131 projenin ilk talepleri gelmeye ba\u015flad\u0131. Bizde bu taleplere cevap verme a\u015famas\u0131nday\u0131z. Bunlar\u0131n i\u00e7inde yapm\u0131\u015f oldu\u011fumuz anla\u015fmalarda mevcut. Biz \u015fu ana kadar hi\u00e7 Ocak ay\u0131nda konstr\u00fcksiyon satm\u0131\u015f duruma gelmemi\u015ftik ama bu y\u0131l 14MW\u2019a yak\u0131n konstr\u00fcksiyon tedariki sa\u011flad\u0131k.<\/p>\n<p><strong>Santraller k\u0131\u015fa nas\u0131l haz\u0131rlanmal\u0131 ve k\u0131\u015f\u0131n ne gibi bak\u0131mlar yap\u0131lmal\u0131?<\/strong><\/p>\n<p>K\u0131\u015f aylar\u0131ndan ziyade 2017 sonlar\u0131nda da\u011f\u0131t\u0131m bedellerindeki d\u00fc\u015f\u00fc\u015f sebebiyle kurulmu\u015f olan tesislerin kalitesini vurgulamak istiyorum. Bu tesisler \u00e7ok h\u0131zl\u0131 bir \u015fekilde kuruldu ve sonras\u0131nda bir\u00e7ok eksik tespit edildi. Biz sahalarda ba\u011f\u0131ms\u0131z dan\u0131\u015fmanl\u0131k ger\u00e7ekle\u015ftiriyoruz ve \u015fu an kurulan tesislerde ciddi s\u0131k\u0131nt\u0131lar tespit ettik. 2017 sonunda kurulan tesislerin de\u011fi\u015fen hava \u015fartlar\u0131na uyum sa\u011flayabilece\u011fini d\u00fc\u015f\u00fcnm\u00fcyoruz.<\/p>\n<p><strong>G\u00fcne\u015ften elektrik \u00fcretmenin maliyeti h\u0131zla d\u00fc\u015fmekte. Fiyat\u0131n\u00a0 2019 y\u0131l\u0131na kadar 1 dolar cent olmas\u0131 bekleniyor. Sizin bu konudaki \u00f6ng\u00f6r\u00fcleriniz neler?<\/strong><\/p>\n<p>Bir yandan yerli \u00fcretime bir yandan da ithalata ba\u011fl\u0131y\u0131z. \u015eu an bir santralin en y\u00fcksek gideri g\u00fcne\u015f panelleridir. Yerli \u00fcretim biraz daha te\u015fvik edilerek silisyum wafer \u00fcretimine ba\u015flan\u0131rsa bu maliyetler biraz daha d\u00fc\u015fecektir. \u00d6teki taraftan anti-dumping konusu var. Anti-dumping sebebiyle \u00fclkemizde belli ba\u015fl\u0131 sorunlar ya\u015fand\u0131. \u0130thalat esnas\u0131nda ya\u015fanan sorunlar, \u00f6denen vergiler, KDV\u2019ler vs. bunlar\u0131n hepsi maliyetleri etkileyen \u00f6nemli konular. Buna ra\u011fmen 2018 y\u0131l\u0131ndan sonra bu maliyetlerin \u00e7ok daha d\u00fc\u015fece\u011fi s\u00f6ylenemez. \u00c7\u00fcnk\u00fc g\u00fcne\u015f enerjisi sistemleri zaten belli bir maliyet d\u00fczeyine d\u00fc\u015ft\u00fc. Bu maliyetin \u00e7ok daha alt\u0131na d\u00fc\u015fmek, bir \u015feylerden \u00e7almak veya teknolojiyi \u00e7ok daha iyi yapabilmekle m\u00fcmk\u00fcn olur. \u00c7ok daha iyi bir teknolojiyle \u00e7ok daha iyi bir \u00fcretim yapabilirsiniz.<\/p>\n<p><strong>ISOTEC T\u00fcrkiye d\u0131\u015f\u0131nda hangi \u00fclkelerde \u00e7al\u0131\u015fmalar yap\u0131yor?<\/strong><\/p>\n<p>\u0130ran, Pakistan ve T\u00fcrkiye\u2019de aktifiz. Referanslar\u0131m\u0131z ve kapasite nezdinde Avrupa \u00fclkelerine ad\u0131m at\u0131p \u00fcr\u00fcn tedarik edebilecek kapasitedeyiz. Akl\u0131m\u0131zda ba\u015fka \u00fclkeler de var fakat \u015fuan Avrupa pazar\u0131n\u0131n a\u00e7\u0131lmas\u0131n\u0131 bekliyoruz. Avrupa pazar\u0131n\u0131n kapanma nedeni panel fiyatlar\u0131n\u0131n y\u00fcksek, al\u0131m garantilerinin d\u00fc\u015f\u00fck olmas\u0131yd\u0131. Daha sonra yurtd\u0131\u015f\u0131nda da bir anti-dumping uygulamas\u0131 ger\u00e7ekle\u015ftirildi ve b\u00fct\u00fcn \u00fcreticilerin hepsi yava\u015f yava\u015f yerli \u00fcretime ge\u00e7ti. Yerli \u00fcretime ge\u00e7ildikten sonra asl\u0131nda \u00fclkenin yanl\u0131\u015f bir y\u00f6ntem belirledi\u011fi ortaya \u00e7\u0131kt\u0131. \u00c7\u00fcnk\u00fc anti-dumping uygulayarak kendi piyasalar\u0131n\u0131 da \u00f6ld\u00fcrd\u00fcler, Almanya\u2019n\u0131n en b\u00fcy\u00fck yerli panel \u00fcreticisi firma iflas etme durumuna geldi. Bu iflas\u0131n nedeni anti-dumping \u00e7\u00fcnk\u00fc bu sebeple piyasada bir sirk\u00fclasyon olu\u015fmad\u0131.\u00a0\u015eu an biz\u00a0ba\u015fka \u00fclkeleri ara\u015ft\u0131r\u0131yor ve g\u00f6zlemliyoruz.<\/p>\n<p><strong>Yeni bir proje, anla\u015fma veya \u00fcr\u00fcn var m\u0131?<\/strong><\/p>\n<p>2018 y\u0131l\u0131nda kendi b\u00fcnyemizde yerli tracker (ISOTRACK) \u00fcretimi ad\u0131na Ar-Ge \u00e7al\u0131\u015fmalar\u0131na ba\u015flad\u0131k. \u00dcretti\u011fimiz \u00fcr\u00fcn ba\u015fka \u00fclkelerden entegre edilen \u00fcr\u00fcnlerden farkl\u0131 olacak \u00e7\u00fcnk\u00fc T\u00fcrkiye \u00e7ok farkl\u0131 do\u011fa \u015fartlar\u0131na sahip bir \u00fclke. T\u00fcrkiye\u2019nin depremi, kar\u0131 ve r\u00fczgar\u0131na g\u00f6re tasarlanm\u0131\u015f bir \u00fcr\u00fcn olmas\u0131 gerekiyor. Biz de hem bu hava \u015fartlar\u0131na, hem de engebeli arazilere rahatl\u0131kla kurulabilecek \u00f6zellikte bir \u00fcr\u00fcn \u00fczerinde \u00e7al\u0131\u015f\u0131yoruz. Dolay\u0131s\u0131yla Ar-Ge \u00e7al\u0131\u015fmas\u0131 da \u00e7ok uzun y\u0131llara dayan\u0131yor. 2016\/17 y\u0131l\u0131ndan beri \u00e7al\u0131\u015fmalar\u0131 s\u00fcrd\u00fcr\u00fcyoruz. T\u00fcrk m\u00fchendisler taraf\u0131ndan geli\u015ftirilen ve T\u00fcrkiye\u2019de \u00fcretilen tek eksenli ISOTRACK tracker sistemi olacak. Fiyat olarak da rekabet\u00e7i olaca\u011f\u0131z. Lisansl\u0131 projelerin ba\u015flamas\u0131yla birlikte, Eyl\u00fcl ay\u0131 gibi \u00fcr\u00fcn\u00fcm\u00fcz\u00fc sunmay\u0131 planl\u0131yoruz.<\/p>\n<p><strong>Eklemek istedikleriniz?<\/strong><\/p>\n<p>T\u00fcrkiye g\u00fcne\u015fi bol fakat yat\u0131r\u0131ma a\u00e7\u0131k olan bir \u00fclke. \u015eu an T\u00fcrkiye\u2019de kurulmas\u0131 gereken bir\u00e7ok tesis finansal kaynak ve\/ veya \u00fclkenin al\u0131m garantisi anla\u015fmalar\u0131ndan, da\u011f\u0131t\u0131m bedellerin y\u00fckselmesinden, yeni kapasitelerin a\u00e7\u0131lmamas\u0131ndan dolay\u0131 ger\u00e7ekle\u015ftirilemiyor. Fakat bu \u015fekilde kalacak anlam\u0131na gelmez. Biz \u015fu an ithalat\u0131n %70\u2019ini hala daha yurtd\u0131\u015f\u0131ndan ger\u00e7ekle\u015ftiriyoruz. Dolay\u0131s\u0131yla bu \u00fclkede g\u00fcne\u015f yat\u0131r\u0131mlar\u0131 devam edecek, \u00e7at\u0131 pazar\u0131 a\u00e7\u0131lacak ve sekt\u00f6r \u00e7ok daha g\u00fc\u00e7lenecek. \u00dclke olarak bir\u00e7ok alanda ve d\u00fcnyada g\u00fczel projeler ger\u00e7ekle\u015ftirebilecek kabiliyete sahibiz. Tek yapmam\u0131z gereken Ar-Ge konusuna \u00f6nem vererek yeni \u00fcr\u00fcnler geli\u015ftirmek ve gelecek nesiller i\u00e7in \u00e7al\u0131\u015fmakt\u0131r.<\/p>","protected":false},"excerpt":{"rendered":"<p>Sorry, this entry is only available in Turkish. For the sake of viewer convenience, the content is shown below in the alternative language. You may click the link to switch the active language.ISOTEC, T\u00fcrk m\u00fchendisleri taraf\u0131ndan tasarlanan, tamam\u0131yla yerli \u00fcretim \u00fcr\u00fcn\u00fc olan ISOTRACK tracker sistemini Eyl\u00fcl ay\u0131nda sekt\u00f6re sunmaya haz\u0131rlan\u0131yor. G\u00fcne\u015f enerjisi sekt\u00f6r\u00fcndeki yolculu\u011funa Almanya\u2019da [&hellip;]<\/p>\n","protected":false},"author":1,"featured_media":72918,"comment_status":"open","ping_status":"open","sticky":false,"template":"","format":"standard","meta":[],"categories":[53,49],"tags":[67,1009,23416,23131,37239,37241,37240],"views":966,"_links":{"self":[{"href":"https:\/\/www.enerjigazetesi.ist\/en\/wp-json\/wp\/v2\/posts\/72917"}],"collection":[{"href":"https:\/\/www.enerjigazetesi.ist\/en\/wp-json\/wp\/v2\/posts"}],"about":[{"href":"https:\/\/www.enerjigazetesi.ist\/en\/wp-json\/wp\/v2\/types\/post"}],"author":[{"embeddable":true,"href":"https:\/\/www.enerjigazetesi.ist\/en\/wp-json\/wp\/v2\/users\/1"}],"replies":[{"embeddable":true,"href":"https:\/\/www.enerjigazetesi.ist\/en\/wp-json\/wp\/v2\/comments?post=72917"}],"version-history":[{"count":1,"href":"https:\/\/www.enerjigazetesi.ist\/en\/wp-json\/wp\/v2\/posts\/72917\/revisions"}],"predecessor-version":[{"id":72919,"href":"https:\/\/www.enerjigazetesi.ist\/en\/wp-json\/wp\/v2\/posts\/72917\/revisions\/72919"}],"wp:featuredmedia":[{"embeddable":true,"href":"https:\/\/www.enerjigazetesi.ist\/en\/wp-json\/wp\/v2\/media\/72918"}],"wp:attachment":[{"href":"https:\/\/www.enerjigazetesi.ist\/en\/wp-json\/wp\/v2\/media?parent=72917"}],"wp:term":[{"taxonomy":"category","embeddable":true,"href":"https:\/\/www.enerjigazetesi.ist\/en\/wp-json\/wp\/v2\/categories?post=72917"},{"taxonomy":"post_tag","embeddable":true,"href":"https:\/\/www.enerjigazetesi.ist\/en\/wp-json\/wp\/v2\/tags?post=72917"}],"curies":[{"name":"wp","href":"https:\/\/api.w.org\/{rel}","templated":true}]}}