{"id":72879,"date":"2018-03-29T13:01:25","date_gmt":"2018-03-29T10:01:25","guid":{"rendered":"https:\/\/www.enerjigazetesi.ist\/?p=72879"},"modified":"2018-03-29T13:01:25","modified_gmt":"2018-03-29T10:01:25","slug":"enerji-verimliligi-direktifi-resmi-gazetede-yayimlandi","status":"publish","type":"post","link":"https:\/\/www.enerjigazetesi.ist\/en\/enerji-verimliligi-direktifi-resmi-gazetede-yayimlandi\/","title":{"rendered":"(Turkish) Enerji Verimlili\u011fi Direktifi Resm\u00ee Gazete\u2019de Yay\u0131mland\u0131"},"content":{"rendered":"<p class=\"qtranxs-available-languages-message qtranxs-available-languages-message-en\">Sorry, this entry is only available in <a href=\"https:\/\/www.enerjigazetesi.ist\/tr\/wp-json\/wp\/v2\/posts\/72879\" class=\"qtranxs-available-language-link qtranxs-available-language-link-tr\" title=\"Turkish\">Turkish<\/a>. For the sake of viewer convenience, the content is shown below in the alternative language. You may click the link to switch the active language.<\/p><p><strong>Konu hakk<\/strong><strong>\u0131<\/strong><strong>nda g<\/strong><strong>\u00f6<\/strong><strong>r<\/strong><strong>\u00fc<\/strong><strong>\u015f<\/strong><strong>lerini diler getiren Baymak CEO<\/strong><strong>\u2019<\/strong><strong>su Ender <\/strong><strong>\u00c7<\/strong><strong>olak <\/strong><strong>\u201c\u00dc<\/strong><strong>lke ekonomisine 1.5 milyar dolar katk<\/strong><strong>\u0131<\/strong><strong> sa<\/strong><strong>\u011f<\/strong><strong>layacak bu d<\/strong><strong>\u00f6<\/strong><strong>n<\/strong><strong>\u00fc<\/strong><strong>\u015f<\/strong><strong>\u00fc<\/strong><strong>m <\/strong><strong>\u00e7<\/strong><strong>evreye ve t<\/strong><strong>\u00fc<\/strong><strong>keticiye katk<\/strong><strong>\u0131<\/strong><strong>s<\/strong><strong>\u0131<\/strong><strong>yla <\/strong><strong>\u00f6<\/strong><strong>nemli bir de<\/strong><strong>\u011f<\/strong><strong>ere sahip<\/strong><strong>\u201d<\/strong><strong> dedi. <\/strong><\/p>\n<p><img loading=\"lazy\" class=\"alignleft size-medium wp-image-72880\" src=\"https:\/\/www.enerjigazetesi.ist\/wp-content\/uploads\/2018\/03\/enerji-verimliligi-direktifi-resmi-gazetede-yayimlandi-300x293.jpg\" alt=\"\" width=\"300\" height=\"293\" srcset=\"https:\/\/www.enerjigazetesi.ist\/wp-content\/uploads\/2018\/03\/enerji-verimliligi-direktifi-resmi-gazetede-yayimlandi-300x293.jpg 300w, https:\/\/www.enerjigazetesi.ist\/wp-content\/uploads\/2018\/03\/enerji-verimliligi-direktifi-resmi-gazetede-yayimlandi-410x400.jpg 410w, https:\/\/www.enerjigazetesi.ist\/wp-content\/uploads\/2018\/03\/enerji-verimliligi-direktifi-resmi-gazetede-yayimlandi-51x50.jpg 51w, https:\/\/www.enerjigazetesi.ist\/wp-content\/uploads\/2018\/03\/enerji-verimliligi-direktifi-resmi-gazetede-yayimlandi.jpg 644w\" sizes=\"(max-width: 300px) 100vw, 300px\" \/>\u0130klimlendirme sekt\u00f6r\u00fcn\u00fcn uzun s\u00fcredir bekledi\u011fi ve enerji tasarrufu a\u00e7\u0131s\u0131ndan T\u00fcrkiye ekonomisine y\u0131ll\u0131k 1.5 milyar dolara varan tasarruf sa\u011flamas\u0131 \u00f6ng\u00f6r\u00fclen Enerji Verimlili\u011fi Direktifi (ErP)\u2019nin, 21 Nisan 2018 tarihinde y\u00fcr\u00fcrl\u00fc\u011fe girece\u011fi d\u00fcn Resmi Gazete yay\u0131mlanan tebli\u011fle kesinle\u015fti.<\/p>\n<p>D\u00f6n\u00fc\u015f\u00fcm\u00fcn hem bireysel a\u00e7\u0131dan hem de \u00fclke ekonomisi a\u00e7\u0131s\u0131ndan b\u00fcy\u00fck \u00f6nem ta\u015f\u0131d\u0131\u011f\u0131n\u0131n belirten Baymak CEO&#8217;su Ender \u00c7olak, &#8220;Resm\u00ee Gazete tebli\u011fiyle birlikte art\u0131k T\u00fcrkiye&#8217;de yeni bir d\u00f6neme giriliyor. Sadece evlerdeki bireysel kombiler de\u011fil, apartmanlarda merkezi \u0131s\u0131tmada kullan\u0131lan \u00fcr\u00fcnlerin de art\u0131k yo\u011fu\u015fmal\u0131 olaca\u011f\u0131 g\u00f6z \u00f6n\u00fcne al\u0131nd\u0131\u011f\u0131nda, orta vadede, T\u00fcrkiye ekonomisi i\u00e7in \u00e7ok \u00f6nemli bir de\u011fer olan enerjide, y\u0131ll\u0131k 1.5 milyar dolar gibi ciddi bir tasarruf etme imkan\u0131 yakalanacak. T\u00fcketici i\u00e7in de binalar\u0131n yal\u0131t\u0131m ve konumuna paralel t\u00fcketimde 25-35 aral\u0131\u011f\u0131nda bir tasarruf yani faturalarda 3\u2019te bir oran\u0131nda azalma olacak.<\/p>\n<p>ErP 2015\u2019den bu yana t\u00fcm kombi ve kazan \u00fcr\u00fcnlerimizle haz\u0131rland\u0131\u011f\u0131m\u0131z bir konu. Sekt\u00f6rde bu yeni d\u00f6nemin hem t\u00fcketicilere hem de t\u00fcm payda\u015flara hay\u0131rl\u0131 olmas\u0131n\u0131 diliyorum&#8221; \u015feklinde konu\u015ftu.<\/p>","protected":false},"excerpt":{"rendered":"<p>Sorry, this entry is only available in Turkish. For the sake of viewer convenience, the content is shown below in the alternative language. You may click the link to switch the active language.Konu hakk\u0131nda g\u00f6r\u00fc\u015flerini diler getiren Baymak CEO\u2019su Ender \u00c7olak \u201c\u00dclke ekonomisine 1.5 milyar dolar katk\u0131 sa\u011flayacak bu d\u00f6n\u00fc\u015f\u00fcm \u00e7evreye ve t\u00fcketiciye katk\u0131s\u0131yla \u00f6nemli [&hellip;]<\/p>\n","protected":false},"author":1,"featured_media":72880,"comment_status":"open","ping_status":"open","sticky":false,"template":"","format":"standard","meta":[],"categories":[53,52],"tags":[67,1009,12,793],"views":1378,"_links":{"self":[{"href":"https:\/\/www.enerjigazetesi.ist\/en\/wp-json\/wp\/v2\/posts\/72879"}],"collection":[{"href":"https:\/\/www.enerjigazetesi.ist\/en\/wp-json\/wp\/v2\/posts"}],"about":[{"href":"https:\/\/www.enerjigazetesi.ist\/en\/wp-json\/wp\/v2\/types\/post"}],"author":[{"embeddable":true,"href":"https:\/\/www.enerjigazetesi.ist\/en\/wp-json\/wp\/v2\/users\/1"}],"replies":[{"embeddable":true,"href":"https:\/\/www.enerjigazetesi.ist\/en\/wp-json\/wp\/v2\/comments?post=72879"}],"version-history":[{"count":1,"href":"https:\/\/www.enerjigazetesi.ist\/en\/wp-json\/wp\/v2\/posts\/72879\/revisions"}],"predecessor-version":[{"id":72881,"href":"https:\/\/www.enerjigazetesi.ist\/en\/wp-json\/wp\/v2\/posts\/72879\/revisions\/72881"}],"wp:featuredmedia":[{"embeddable":true,"href":"https:\/\/www.enerjigazetesi.ist\/en\/wp-json\/wp\/v2\/media\/72880"}],"wp:attachment":[{"href":"https:\/\/www.enerjigazetesi.ist\/en\/wp-json\/wp\/v2\/media?parent=72879"}],"wp:term":[{"taxonomy":"category","embeddable":true,"href":"https:\/\/www.enerjigazetesi.ist\/en\/wp-json\/wp\/v2\/categories?post=72879"},{"taxonomy":"post_tag","embeddable":true,"href":"https:\/\/www.enerjigazetesi.ist\/en\/wp-json\/wp\/v2\/tags?post=72879"}],"curies":[{"name":"wp","href":"https:\/\/api.w.org\/{rel}","templated":true}]}}