{"id":72873,"date":"2018-03-29T12:20:06","date_gmt":"2018-03-29T09:20:06","guid":{"rendered":"https:\/\/www.enerjigazetesi.ist\/?p=72873"},"modified":"2018-03-29T12:20:06","modified_gmt":"2018-03-29T09:20:06","slug":"gunder-sektorel-etkinliklerle-5-nisanda-solarex-istanbulda","status":"publish","type":"post","link":"https:\/\/www.enerjigazetesi.ist\/en\/gunder-sektorel-etkinliklerle-5-nisanda-solarex-istanbulda\/","title":{"rendered":"(Turkish) G\u00dcNDER, Sekt\u00f6rel Etkinliklerle 5 Nisan\u2019da SOLAREX \u0130stanbul&#8217;da!"},"content":{"rendered":"<p class=\"qtranxs-available-languages-message qtranxs-available-languages-message-en\">Sorry, this entry is only available in <a href=\"https:\/\/www.enerjigazetesi.ist\/tr\/wp-json\/wp\/v2\/posts\/72873\" class=\"qtranxs-available-language-link qtranxs-available-language-link-tr\" title=\"Turkish\">Turkish<\/a>. For the sake of viewer convenience, the content is shown below in the alternative language. You may click the link to switch the active language.<\/p><p><strong>G\u00dcNDER; G\u00fcne\u015f Enerji Sekt\u00f6r\u00fcn\u00fcn T\u00fcrkiye\u2019de ki en b\u00fcy\u00fck etkinli\u011fi SOLAREX 2018 sekt\u00f6rel etkinliklerle Kapadokya Salonunda Sekt\u00f6r profesyonelleri ile bulu\u015facak.<img loading=\"lazy\" class=\"alignright size-medium wp-image-72874\" src=\"https:\/\/www.enerjigazetesi.ist\/wp-content\/uploads\/2018\/03\/gunder-sektorel-etkinliklerle-5-nisanda-solarex-istanbulda-300x150.jpg\" alt=\"\" width=\"300\" height=\"150\" srcset=\"https:\/\/www.enerjigazetesi.ist\/wp-content\/uploads\/2018\/03\/gunder-sektorel-etkinliklerle-5-nisanda-solarex-istanbulda-300x150.jpg 300w, https:\/\/www.enerjigazetesi.ist\/wp-content\/uploads\/2018\/03\/gunder-sektorel-etkinliklerle-5-nisanda-solarex-istanbulda-500x250.jpg 500w, https:\/\/www.enerjigazetesi.ist\/wp-content\/uploads\/2018\/03\/gunder-sektorel-etkinliklerle-5-nisanda-solarex-istanbulda-80x40.jpg 80w, https:\/\/www.enerjigazetesi.ist\/wp-content\/uploads\/2018\/03\/gunder-sektorel-etkinliklerle-5-nisanda-solarex-istanbulda.jpg 640w\" sizes=\"(max-width: 300px) 100vw, 300px\" \/><\/strong><\/p>\n<p>G\u00dcNDER (Uluslararas\u0131 G\u00fcne\u015f Enerjisi Toplulu\u011fu T\u00fcrkiye B\u00f6l\u00fcm\u00fc ) D\u00fcnya Bankas\u0131 G\u00fcne\u015f Enerjisi \u00c7at\u0131 Raporu, \u00c7at\u0131 Kurulumlar\u0131nda Hukuki S\u00fcre\u00e7ler, Orman K\u00f6ylerinde G\u00fcne\u015f Enerjisi Projesi ba\u015fl\u0131klar\u0131 ile 5 Nisan, Saat:14:00\u2019de Kapadokya Salonun\u2019da SOLAREX\u2019de sekt\u00f6r profesyonelleri ile bulu\u015facak.<\/p>\n<p><strong>&#8211; D\u00fcnya Bankas\u0131 G\u00fcne\u015f Enerjisi \u00c7at\u0131 Raporu (Faruk Telemcio\u011flu- G\u00dcNDER)<\/strong><br \/>\n<strong>&#8211; \u00c7at\u0131 Kurulumlar\u0131nda Hukuki S\u00fcre\u00e7ler (Ay\u015feg\u00fcl \u00d6nol-BODEN LAW)<\/strong><br \/>\n<strong>&#8211; Orman K\u00f6ylerinde G\u00fcne\u015f Enerjisi Projesi (Necmettin Tokur-UNDP)<\/strong><\/p>","protected":false},"excerpt":{"rendered":"<p>Sorry, this entry is only available in Turkish. For the sake of viewer convenience, the content is shown below in the alternative language. You may click the link to switch the active language.G\u00dcNDER; G\u00fcne\u015f Enerji Sekt\u00f6r\u00fcn\u00fcn T\u00fcrkiye\u2019de ki en b\u00fcy\u00fck etkinli\u011fi SOLAREX 2018 sekt\u00f6rel etkinliklerle Kapadokya Salonunda Sekt\u00f6r profesyonelleri ile bulu\u015facak. G\u00dcNDER (Uluslararas\u0131 G\u00fcne\u015f Enerjisi [&hellip;]<\/p>\n","protected":false},"author":1,"featured_media":72874,"comment_status":"open","ping_status":"open","sticky":false,"template":"","format":"standard","meta":[],"categories":[53,49],"tags":[37224,37225,67,1009,1382,23416,23133,23131,37226,37227,37114],"views":790,"_links":{"self":[{"href":"https:\/\/www.enerjigazetesi.ist\/en\/wp-json\/wp\/v2\/posts\/72873"}],"collection":[{"href":"https:\/\/www.enerjigazetesi.ist\/en\/wp-json\/wp\/v2\/posts"}],"about":[{"href":"https:\/\/www.enerjigazetesi.ist\/en\/wp-json\/wp\/v2\/types\/post"}],"author":[{"embeddable":true,"href":"https:\/\/www.enerjigazetesi.ist\/en\/wp-json\/wp\/v2\/users\/1"}],"replies":[{"embeddable":true,"href":"https:\/\/www.enerjigazetesi.ist\/en\/wp-json\/wp\/v2\/comments?post=72873"}],"version-history":[{"count":1,"href":"https:\/\/www.enerjigazetesi.ist\/en\/wp-json\/wp\/v2\/posts\/72873\/revisions"}],"predecessor-version":[{"id":72875,"href":"https:\/\/www.enerjigazetesi.ist\/en\/wp-json\/wp\/v2\/posts\/72873\/revisions\/72875"}],"wp:featuredmedia":[{"embeddable":true,"href":"https:\/\/www.enerjigazetesi.ist\/en\/wp-json\/wp\/v2\/media\/72874"}],"wp:attachment":[{"href":"https:\/\/www.enerjigazetesi.ist\/en\/wp-json\/wp\/v2\/media?parent=72873"}],"wp:term":[{"taxonomy":"category","embeddable":true,"href":"https:\/\/www.enerjigazetesi.ist\/en\/wp-json\/wp\/v2\/categories?post=72873"},{"taxonomy":"post_tag","embeddable":true,"href":"https:\/\/www.enerjigazetesi.ist\/en\/wp-json\/wp\/v2\/tags?post=72873"}],"curies":[{"name":"wp","href":"https:\/\/api.w.org\/{rel}","templated":true}]}}