{"id":72821,"date":"2018-03-27T18:35:59","date_gmt":"2018-03-27T15:35:59","guid":{"rendered":"https:\/\/www.enerjigazetesi.ist\/?p=72821"},"modified":"2018-03-27T18:40:29","modified_gmt":"2018-03-27T15:40:29","slug":"kuresel-enerji-sektorunun-2020ye-kadar-25-milyar-dolarlik-yatirima-ihtiyaci-var","status":"publish","type":"post","link":"https:\/\/www.enerjigazetesi.ist\/en\/kuresel-enerji-sektorunun-2020ye-kadar-25-milyar-dolarlik-yatirima-ihtiyaci-var\/","title":{"rendered":"(Turkish) &#8221;Enerji Sekt\u00f6r\u00fcn\u00fcn 2020\u2019ye Kadar 25 Milyar Dolarl\u0131k Yat\u0131r\u0131ma \u0130htiyac\u0131 Var&#8221;"},"content":{"rendered":"<p class=\"qtranxs-available-languages-message qtranxs-available-languages-message-en\">Sorry, this entry is only available in <a href=\"https:\/\/www.enerjigazetesi.ist\/tr\/wp-json\/wp\/v2\/posts\/72821\" class=\"qtranxs-available-language-link qtranxs-available-language-link-tr\" title=\"Turkish\">Turkish<\/a>. For the sake of viewer convenience, the content is shown below in the alternative language. You may click the link to switch the active language.<\/p><p><strong>Bo\u011fazi\u00e7i Enerji Kul\u00fcb\u00fc Ba\u015fkan\u0131 Mehmet \u00d6\u011f\u00fct\u00e7\u00fc, bug\u00fcn ger\u00e7ekle\u015ftirilecek enerjide kad\u0131n\u0131n rol\u00fc temal\u0131 \u201c9. Bo\u011fazi\u00e7i Enerji Kul\u00fcb\u00fc Toplant\u0131s\u0131\u201d \u00f6ncesinde d\u00fczenlendi\u011fi bas\u0131n toplant\u0131s\u0131nda \u00f6ncesinde a\u00e7\u0131klamalarda bulundu.<img loading=\"lazy\" class=\"alignright wp-image-29299 size-full\" src=\"https:\/\/www.enerjigazetesi.ist\/wp-content\/uploads\/2014\/07\/meksika-enerji-sektoru-turk-yatirimcilari-bekliyor.jpg\" alt=\"enerji-sektoru-2020ye-kadar-25-milyar-dolarlik-yatirima-ihtiyac-duyuyor\" width=\"300\" height=\"251\" srcset=\"https:\/\/www.enerjigazetesi.ist\/wp-content\/uploads\/2014\/07\/meksika-enerji-sektoru-turk-yatirimcilari-bekliyor.jpg 300w, https:\/\/www.enerjigazetesi.ist\/wp-content\/uploads\/2014\/07\/meksika-enerji-sektoru-turk-yatirimcilari-bekliyor-59x50.jpg 59w\" sizes=\"(max-width: 300px) 100vw, 300px\" \/><\/strong><\/p>\n<p>\u00d6\u011f\u00fct\u00e7\u00fc, enerji sekt\u00f6r\u00fcndeki jeopolitik geli\u015fmelerden yeni yat\u0131r\u0131mlara kadar bir\u00e7ok konunun uzmanlar taraf\u0131ndan de\u011ferlendirece\u011fini ifade ederek, \u201cSekt\u00f6r yat\u0131r\u0131mlar, h\u00fck\u00fcmet politikalar\u0131, yenilik\u00e7i finansman imkanlar\u0131, \u00e7evre ve iklim de\u011fi\u015fikli\u011fi hassasiyetleri bak\u0131m\u0131ndan ciddi bir d\u00f6n\u00fc\u015f\u00fcm s\u00fcreci ya\u015f\u0131yor. Malacca Bo\u011faz\u0131\u2019ndan H\u00fcrm\u00fcz\u2019e, Suriye\u2019ye, Yemen\u2019e, K\u0131r\u0131m\u2019a kadar uzanan jeopolitik gerilimler bug\u00fcne kadar g\u00f6r\u00fclmedik \u00f6l\u00e7\u00fcde enerji sekt\u00f6r\u00fcn\u00fc ve yat\u0131r\u0131mlar\u0131 etkiliyor.\u201d ifadelerini kulland\u0131.<\/p>\n<p>D\u00fcnya enerji sekt\u00f6r\u00fcn\u00fcn 2020 y\u0131l\u0131na kadar yakla\u015f\u0131k 25 milyar dolar yat\u0131r\u0131ma ihtiya\u00e7 duydu\u011funu belirten \u00d6\u011f\u00fct\u00e7\u00fc, &#8220;Yabanc\u0131 yat\u0131r\u0131m d\u00fcnyan\u0131n her yerinde oldu\u011fu gibi g\u00fcven ar\u0131yor. G\u00fcvenin olmad\u0131\u011f\u0131 yerde T\u00fcrkiye\u2019nin de hedefi olan b\u00f6lgesel enerji \u00fcss\u00fc hedefine ula\u015fmak m\u00fcmk\u00fcn g\u00f6z\u00fckm\u00fcyor. Bu nedenle her \u015feyden \u00f6nce yabanc\u0131 sermaye i\u00e7in g\u00fcven ortam\u0131 olu\u015fturulmas\u0131 gerekiyor. \u00c7\u00fcnk\u00fc yat\u0131r\u0131mc\u0131 \u00fcrkektir ve g\u00fcven veremezseniz yat\u0131r\u0131mc\u0131lar bekle g\u00f6r politikas\u0131n\u0131 takip eder.&#8221; dedi.<\/p>","protected":false},"excerpt":{"rendered":"<p>Sorry, this entry is only available in Turkish. For the sake of viewer convenience, the content is shown below in the alternative language. You may click the link to switch the active language.Bo\u011fazi\u00e7i Enerji Kul\u00fcb\u00fc Ba\u015fkan\u0131 Mehmet \u00d6\u011f\u00fct\u00e7\u00fc, bug\u00fcn ger\u00e7ekle\u015ftirilecek enerjide kad\u0131n\u0131n rol\u00fc temal\u0131 \u201c9. Bo\u011fazi\u00e7i Enerji Kul\u00fcb\u00fc Toplant\u0131s\u0131\u201d \u00f6ncesinde d\u00fczenlendi\u011fi bas\u0131n toplant\u0131s\u0131nda \u00f6ncesinde a\u00e7\u0131klamalarda [&hellip;]<\/p>\n","protected":false},"author":1,"featured_media":29299,"comment_status":"open","ping_status":"open","sticky":false,"template":"","format":"standard","meta":[],"categories":[46,53,44],"tags":[37208,28428,92,67,1009,165,117,59],"views":586,"_links":{"self":[{"href":"https:\/\/www.enerjigazetesi.ist\/en\/wp-json\/wp\/v2\/posts\/72821"}],"collection":[{"href":"https:\/\/www.enerjigazetesi.ist\/en\/wp-json\/wp\/v2\/posts"}],"about":[{"href":"https:\/\/www.enerjigazetesi.ist\/en\/wp-json\/wp\/v2\/types\/post"}],"author":[{"embeddable":true,"href":"https:\/\/www.enerjigazetesi.ist\/en\/wp-json\/wp\/v2\/users\/1"}],"replies":[{"embeddable":true,"href":"https:\/\/www.enerjigazetesi.ist\/en\/wp-json\/wp\/v2\/comments?post=72821"}],"version-history":[{"count":2,"href":"https:\/\/www.enerjigazetesi.ist\/en\/wp-json\/wp\/v2\/posts\/72821\/revisions"}],"predecessor-version":[{"id":72823,"href":"https:\/\/www.enerjigazetesi.ist\/en\/wp-json\/wp\/v2\/posts\/72821\/revisions\/72823"}],"wp:featuredmedia":[{"embeddable":true,"href":"https:\/\/www.enerjigazetesi.ist\/en\/wp-json\/wp\/v2\/media\/29299"}],"wp:attachment":[{"href":"https:\/\/www.enerjigazetesi.ist\/en\/wp-json\/wp\/v2\/media?parent=72821"}],"wp:term":[{"taxonomy":"category","embeddable":true,"href":"https:\/\/www.enerjigazetesi.ist\/en\/wp-json\/wp\/v2\/categories?post=72821"},{"taxonomy":"post_tag","embeddable":true,"href":"https:\/\/www.enerjigazetesi.ist\/en\/wp-json\/wp\/v2\/tags?post=72821"}],"curies":[{"name":"wp","href":"https:\/\/api.w.org\/{rel}","templated":true}]}}