{"id":72817,"date":"2018-03-27T17:07:53","date_gmt":"2018-03-27T14:07:53","guid":{"rendered":"https:\/\/www.enerjigazetesi.ist\/?p=72817"},"modified":"2018-03-27T17:07:53","modified_gmt":"2018-03-27T14:07:53","slug":"smart-energy-panel-uretimini-ilk-yilinda-iki-kat-artiriyor","status":"publish","type":"post","link":"https:\/\/www.enerjigazetesi.ist\/en\/smart-energy-panel-uretimini-ilk-yilinda-iki-kat-artiriyor\/","title":{"rendered":"(Turkish) Smart Energy, Panel \u00dcretimini \u0130lk Y\u0131l\u0131nda \u0130ki Kat Art\u0131r\u0131yor"},"content":{"rendered":"<p class=\"qtranxs-available-languages-message qtranxs-available-languages-message-en\">Sorry, this entry is only available in <a href=\"https:\/\/www.enerjigazetesi.ist\/tr\/wp-json\/wp\/v2\/posts\/72817\" class=\"qtranxs-available-language-link qtranxs-available-language-link-tr\" title=\"Turkish\">Turkish<\/a>. For the sake of viewer convenience, the content is shown below in the alternative language. You may click the link to switch the active language.<\/p><p><strong>G\u00fcne\u015f enerjisi sekt\u00f6r\u00fcn\u00fcn \u00f6nemli yat\u0131r\u0131mc\u0131lar\u0131ndan Smart Energy, A\u011fustos 2017\u2019de \u00fcretime ba\u015flayan Gebze\u2019deki g\u00fcne\u015f paneli \u00fcretim tesisinin kapasitesini art\u0131r\u0131yor. Halen devam eden yeni yat\u0131r\u0131mlar ile tesisin y\u0131ll\u0131k 400 MW olan kapasitesi k\u0131sa bir s\u00fcrede 800 MW\u2019a ula\u015fm\u0131\u015f olacak.<\/strong><\/p>\n<p>Smart Energy, bir yandan yeni g\u00fcne\u015f enerjisi santralleri (GES) yat\u0131r\u0131mlar\u0131na devam ederken, di\u011fer yandan g\u00fcne\u015f paneli \u00fcreticisi olarak b\u00fcy\u00fcmesini s\u00fcrd\u00fcr\u00fcyor. Gebze\u2019de 23.500 m2\u2019lik alanda g\u00fcne\u015f <img loading=\"lazy\" class=\"alignleft size-medium wp-image-72818\" src=\"https:\/\/www.enerjigazetesi.ist\/wp-content\/uploads\/2018\/03\/smart-energy-panel-uretimini-ilk-yilinda-iki-kat-artiriyor-266x300.jpg\" alt=\"\" width=\"266\" height=\"300\" srcset=\"https:\/\/www.enerjigazetesi.ist\/wp-content\/uploads\/2018\/03\/smart-energy-panel-uretimini-ilk-yilinda-iki-kat-artiriyor-266x300.jpg 266w, https:\/\/www.enerjigazetesi.ist\/wp-content\/uploads\/2018\/03\/smart-energy-panel-uretimini-ilk-yilinda-iki-kat-artiriyor-768x866.jpg 768w, https:\/\/www.enerjigazetesi.ist\/wp-content\/uploads\/2018\/03\/smart-energy-panel-uretimini-ilk-yilinda-iki-kat-artiriyor-908x1024.jpg 908w, https:\/\/www.enerjigazetesi.ist\/wp-content\/uploads\/2018\/03\/smart-energy-panel-uretimini-ilk-yilinda-iki-kat-artiriyor-355x400.jpg 355w, https:\/\/www.enerjigazetesi.ist\/wp-content\/uploads\/2018\/03\/smart-energy-panel-uretimini-ilk-yilinda-iki-kat-artiriyor-44x50.jpg 44w, https:\/\/www.enerjigazetesi.ist\/wp-content\/uploads\/2018\/03\/smart-energy-panel-uretimini-ilk-yilinda-iki-kat-artiriyor.jpg 1000w\" sizes=\"(max-width: 266px) 100vw, 266px\" \/>paneli \u00fcretimi yapan Smart Energy, ilk y\u0131l\u0131nda kapasitesini iki kat\u0131na \u00e7\u0131karma karar\u0131 ald\u0131.<\/p>\n<p>D\u00fcnyan\u0131n 500 b\u00fcy\u00fc\u011f\u00fc aras\u0131nda yer alan \u00c7in devlet firmas\u0131 SUMEC\u2019le stratejik ortakl\u0131k yaparak, t\u00fcm d\u00fcnyada kabul g\u00f6rm\u00fc\u015f kalite standartlar\u0131n\u0131n \u00f6tesinde premium Phono Solar ve Smart Solar markal\u0131 yeni nesil g\u00fcne\u015f panelleri \u00fcreten Smart Energy, mevcut haliyle y\u0131ll\u0131k 400 MW olan kapasitesini artt\u0131rmak i\u00e7in yeni \u00fcretim hatlar\u0131n\u0131n sipari\u015fini verdi. Birka\u00e7 ay i\u00e7erisinde devreye girecek yeni hatlar sayesinde fabrikan\u0131n y\u0131ll\u0131k kapasitesi 800 MW\u2019a ula\u015fm\u0131\u015f olacak.<\/p>\n<p>Smart Energy Y\u00f6netim Kurulu Ba\u015fkan\u0131 Halil Demirda\u011f, bu konuda \u015fu bilgileri verdi: \u201cD\u00fcnyan\u0131n en kaliteli g\u00fcne\u015f paneli \u00fcreticilerinden biri olarak gigawatt kapasiteli \u00fcretim yapabilen bir \u015firket olma hedefimiz do\u011frultusunda \u00e7al\u0131\u015fmalar\u0131m\u0131za h\u0131z verdik. Fabrikam\u0131z\u0131n a\u00e7\u0131l\u0131\u015f\u0131n\u0131 yaparken hedefimizin en k\u0131sa s\u00fcrede 1.200 MW\u2019l\u0131k tam kapasite ile \u00fcretim yapmak oldu\u011funu a\u00e7\u0131klam\u0131\u015ft\u0131k. T\u00fcm planlar\u0131m\u0131z\u0131 da bu do\u011frultuda yapt\u0131k. \u015eimdi emin ad\u0131mlarla bu hedefe do\u011fru ilerliyoruz. Birka\u00e7 ay i\u00e7erisinde devreye alaca\u011f\u0131m\u0131z yeni hatlar sayesinde fabrikam\u0131z\u0131n y\u0131ll\u0131k kapasitesini iki kat art\u0131rm\u0131\u015f olaca\u011f\u0131z. Tam otomatik istasyonlarla donat\u0131lm\u0131\u015f \u00fcretim hatlar\u0131n\u0131n sipari\u015fini verdik. Bu hatlar<\/p>\n<p>devreye girdi\u011finde hedeflerimizde bir ad\u0131m daha yakla\u015fm\u0131\u015f olaca\u011f\u0131z. Yerli ve yenilenebilir enerji kaynaklar\u0131m\u0131z\u0131 ne kadar aktif hale getirebilirsek, \u00fclke ekonomisine ve do\u011faya o kadar katk\u0131m\u0131z olaca\u011f\u0131na inan\u0131yoruz. Bu do\u011frultuda yat\u0131r\u0131mlar\u0131m\u0131za devam edece\u011fiz.\u201d<\/p>\n<p><strong>HEDEF DAHA \u00c7OK \u0130HRACAT<\/strong><\/p>\n<p>Yurti\u00e7i ve yurtd\u0131\u015f\u0131ndan gelen taleplere yan\u0131t verebilmek i\u00e7in k\u0131sa s\u00fcrede kapasite art\u0131r\u0131m karar\u0131 ald\u0131klar\u0131n\u0131 belirten Demirda\u011f, s\u00f6zlerine \u015f\u00f6yle devam etti: \u201cBu sayede \u00fclkemizdeki g\u00fcne\u015f enerjisi sekt\u00f6r\u00fcne de\u011fer katmaya devam edece\u011fiz. \u00dcretime ge\u00e7i\u015fimizin ilk ay\u0131nda ilk teslimat\u0131m\u0131z\u0131 yapt\u0131k, daha ilk y\u0131l\u0131m\u0131z\u0131 doldurmadan da ihracata ba\u015flad\u0131k. T\u00fcrkiye\u2019de \u00fcretti\u011fimiz y\u00fcksek kaliteye sahip panelleri Avrupa ve Amerika\u2019n\u0131n yan\u0131 s\u0131ra, MENA (Orta Do\u011fu ve Kuzey Afrika) \u00fclkelerine de ihra\u00e7 etmek istiyoruz. Bir di\u011fer hedefimiz de g\u00fcne\u015f h\u00fccrelerini T\u00fcrkiye\u2019de \u00fcretmek. 2018 y\u0131l\u0131nda h\u00fccre \u00fcretim hatt\u0131n\u0131n da m\u00fcjdesini vermeyi istiyoruz. T\u00fcm yap\u0131lanmam\u0131z\u0131 bu hedefler do\u011frultusunda olu\u015fturduk, planlar\u0131m\u0131z\u0131 buna g\u00f6re yapt\u0131k veb\u00fcy\u00fcmemizi s\u00fcrd\u00fcrece\u011fiz.\u201d<\/p>\n<p>\u00dcr\u00fcnlerinin arkas\u0131nda hem Smart Energy\u2019nin hem de SUMEC\u2019in yenilik\u00e7i ve premium \u00fcr\u00fcn anlay\u0131\u015f\u0131 oldu\u011funu ifade eden Demirda\u011f, \u201cAr-Ge\u2019mizi daha da g\u00fc\u00e7lendirerek \u00fcst\u00fcn kalitemizle sekt\u00f6rde ad\u0131ndan s\u00f6z ettiren bir firma olaca\u011f\u0131z. GES yat\u0131r\u0131mc\u0131s\u0131 olarak da g\u00fcne\u015f enerjisine yat\u0131r\u0131m yapmak isteyenlere destek vermeye devam edece\u011fiz\u201d dedi.<\/p>","protected":false},"excerpt":{"rendered":"<p>Sorry, this entry is only available in Turkish. For the sake of viewer convenience, the content is shown below in the alternative language. You may click the link to switch the active language.G\u00fcne\u015f enerjisi sekt\u00f6r\u00fcn\u00fcn \u00f6nemli yat\u0131r\u0131mc\u0131lar\u0131ndan Smart Energy, A\u011fustos 2017\u2019de \u00fcretime ba\u015flayan Gebze\u2019deki g\u00fcne\u015f paneli \u00fcretim tesisinin kapasitesini art\u0131r\u0131yor. Halen devam eden yeni yat\u0131r\u0131mlar [&hellip;]<\/p>\n","protected":false},"author":1,"featured_media":72818,"comment_status":"open","ping_status":"open","sticky":false,"template":"","format":"standard","meta":[],"categories":[53,49],"tags":[67,1009,23416,23133,8255,23131,26385],"views":708,"_links":{"self":[{"href":"https:\/\/www.enerjigazetesi.ist\/en\/wp-json\/wp\/v2\/posts\/72817"}],"collection":[{"href":"https:\/\/www.enerjigazetesi.ist\/en\/wp-json\/wp\/v2\/posts"}],"about":[{"href":"https:\/\/www.enerjigazetesi.ist\/en\/wp-json\/wp\/v2\/types\/post"}],"author":[{"embeddable":true,"href":"https:\/\/www.enerjigazetesi.ist\/en\/wp-json\/wp\/v2\/users\/1"}],"replies":[{"embeddable":true,"href":"https:\/\/www.enerjigazetesi.ist\/en\/wp-json\/wp\/v2\/comments?post=72817"}],"version-history":[{"count":2,"href":"https:\/\/www.enerjigazetesi.ist\/en\/wp-json\/wp\/v2\/posts\/72817\/revisions"}],"predecessor-version":[{"id":72820,"href":"https:\/\/www.enerjigazetesi.ist\/en\/wp-json\/wp\/v2\/posts\/72817\/revisions\/72820"}],"wp:featuredmedia":[{"embeddable":true,"href":"https:\/\/www.enerjigazetesi.ist\/en\/wp-json\/wp\/v2\/media\/72818"}],"wp:attachment":[{"href":"https:\/\/www.enerjigazetesi.ist\/en\/wp-json\/wp\/v2\/media?parent=72817"}],"wp:term":[{"taxonomy":"category","embeddable":true,"href":"https:\/\/www.enerjigazetesi.ist\/en\/wp-json\/wp\/v2\/categories?post=72817"},{"taxonomy":"post_tag","embeddable":true,"href":"https:\/\/www.enerjigazetesi.ist\/en\/wp-json\/wp\/v2\/tags?post=72817"}],"curies":[{"name":"wp","href":"https:\/\/api.w.org\/{rel}","templated":true}]}}