{"id":72814,"date":"2018-03-27T17:02:00","date_gmt":"2018-03-27T14:02:00","guid":{"rendered":"https:\/\/www.enerjigazetesi.ist\/?p=72814"},"modified":"2018-03-27T17:02:00","modified_gmt":"2018-03-27T14:02:00","slug":"gunes-sektorunun-11-inci-bulusmasi-solarex-istanbul-fuarinda-gerceklesiyor","status":"publish","type":"post","link":"https:\/\/www.enerjigazetesi.ist\/en\/gunes-sektorunun-11-inci-bulusmasi-solarex-istanbul-fuarinda-gerceklesiyor\/","title":{"rendered":"(Turkish) G\u00fcne\u015f Sekt\u00f6r\u00fcn\u00fcn 11.inci Bulu\u015fmas\u0131 Solarex \u0130stanbul Fuar\u0131nda Ger\u00e7ekle\u015fiyor"},"content":{"rendered":"<p class=\"qtranxs-available-languages-message qtranxs-available-languages-message-en\">Sorry, this entry is only available in <a href=\"https:\/\/www.enerjigazetesi.ist\/tr\/wp-json\/wp\/v2\/posts\/72814\" class=\"qtranxs-available-language-link qtranxs-available-language-link-tr\" title=\"Turkish\">Turkish<\/a>. For the sake of viewer convenience, the content is shown below in the alternative language. You may click the link to switch the active language.<\/p><p><strong>G\u00fcne\u015f enerjisi ve teknolojilerinin d\u00fcnyadaki en b\u00fcy\u00fck fuarlar\u0131ndan olan 11. Uluslararas\u0131 G\u00fcne\u015f Enerjisi ve Teknolojileri Fuar\u0131 \u201cSOLAREX \u0130STANBUL\u201d, d\u00fcnya devlerini a\u011f\u0131rlamaya haz\u0131rlan\u0131yor.<\/strong><\/p>\n<p>05\u2013 07 Nisan 2018 tarihleri aras\u0131nda, \u0130stanbul Fuar Merkezi\u2019nde ger\u00e7ekle\u015ftirilecek olan ve Voli Fuarc\u0131l\u0131k taraf\u0131ndan organize edilen fuar, bu y\u0131l kab\u0131na s\u0131\u011fmayarak d\u0131\u015f alanlara da ta\u015ft\u0131 ve 11 y\u0131l\u0131n en b\u00fcy\u00fck <img loading=\"lazy\" class=\"alignright size-medium wp-image-72815\" src=\"https:\/\/www.enerjigazetesi.ist\/wp-content\/uploads\/2018\/03\/gunes-sektorunun-11-inci-bulusmasi-solarex-istanbul-fuarinda-gerceklesiyor-300x158.jpg\" alt=\"\" width=\"300\" height=\"158\" srcset=\"https:\/\/www.enerjigazetesi.ist\/wp-content\/uploads\/2018\/03\/gunes-sektorunun-11-inci-bulusmasi-solarex-istanbul-fuarinda-gerceklesiyor-300x158.jpg 300w, https:\/\/www.enerjigazetesi.ist\/wp-content\/uploads\/2018\/03\/gunes-sektorunun-11-inci-bulusmasi-solarex-istanbul-fuarinda-gerceklesiyor-500x263.jpg 500w, https:\/\/www.enerjigazetesi.ist\/wp-content\/uploads\/2018\/03\/gunes-sektorunun-11-inci-bulusmasi-solarex-istanbul-fuarinda-gerceklesiyor-80x42.jpg 80w, https:\/\/www.enerjigazetesi.ist\/wp-content\/uploads\/2018\/03\/gunes-sektorunun-11-inci-bulusmasi-solarex-istanbul-fuarinda-gerceklesiyor.jpg 600w\" sizes=\"(max-width: 300px) 100vw, 300px\" \/>kat\u0131l\u0131mc\u0131 say\u0131s\u0131na ve sergi alan\u0131na imza att\u0131. Ziyaret\u00e7i say\u0131s\u0131n\u0131n da ayn\u0131 oranda artaca\u011f\u0131n\u0131n online kay\u0131tlardan anla\u015f\u0131ld\u0131\u011f\u0131n\u0131 belirten Voli Fuar Hizmetleri A.\u015e. yetkilileri bu y\u0131l ziyaret\u00e7i say\u0131s\u0131nda da rekor kat\u0131l\u0131m beklediklerini ifade ettiler. Yurt i\u00e7i kat\u0131l\u0131mc\u0131 say\u0131s\u0131n\u0131n 155, yurt d\u0131\u015f\u0131 kat\u0131l\u0131mc\u0131 say\u0131s\u0131n\u0131n 75 oldu\u011fu Solarex \u0130stanbul Fuar\u0131\u2019nda 1000\u2019e yak\u0131n marka temsil ediliyor. Fuara \u00e7ok say\u0131da profesyonel ziyaret\u00e7inin yan\u0131 s\u0131ra, CEO\u2019lar, STK temsilcileri, akademisyenler, b\u00fcrokratlar ve d\u00fcnya genelinden kat\u0131lacak al\u0131m heyetleri i\u015ftirak edecek.<\/p>\n<p>Haz\u0131rl\u0131klar\u0131 son h\u0131zla devam eden, 11. Solarex \u0130stanbul\u2019da stant sat\u0131\u015flar\u0131 aylar \u00f6nce tamamland\u0131. Fuar, d\u00fcnyada ve T\u00fcrkiye\u2019de g\u00fcne\u015f enerjisi \u00fcretimine ili\u015fkin yap\u0131lacak bir\u00e7ok seminer, panel ve konferanslarla da g\u00fcne\u015f enerjisi hakk\u0131nda \u00e7e\u015fitli konular\u0131n tart\u0131\u015f\u0131laca\u011f\u0131 bir global arena olma \u00f6zelli\u011fi de ta\u015f\u0131yor.<\/p>\n<p>Voli Fuar Hizmetleri A.\u015e. taraf\u0131ndan ger\u00e7ekle\u015ftirilecek olan fuar\u0131n amac\u0131, g\u00fcne\u015f enerjisi kaynaklar\u0131n\u0131n ve g\u00fcne\u015f enerjisi piyasalar\u0131n\u0131n t\u00fcm boyutlar\u0131 ile de\u011ferlendirilmesi ve en son geli\u015fmeler ile uygulamalar\u0131n\u0131n pek \u00e7ok a\u00e7\u0131dan tart\u0131\u015f\u0131l\u0131p ele al\u0131nabilece\u011fi, yeni \u00fcr\u00fcnlerin profesyonel ziyaret\u00e7isine sergilenece\u011fi bir ortam olu\u015fturmakt\u0131r.<\/p>\n<p><strong>Fuar Hakk\u0131nda Detayl\u0131 Bilgi \u0130\u00e7in:<\/strong>\u00a0<a href=\"http:\/\/www.solarexistanbul.com\/\" target=\"_blank\" rel=\"noopener\">http:\/\/www.solarexistanbul.com\/<\/a> adresini ziyaret edebilirsiniz.<\/p>","protected":false},"excerpt":{"rendered":"<p>Sorry, this entry is only available in Turkish. For the sake of viewer convenience, the content is shown below in the alternative language. You may click the link to switch the active language.G\u00fcne\u015f enerjisi ve teknolojilerinin d\u00fcnyadaki en b\u00fcy\u00fck fuarlar\u0131ndan olan 11. Uluslararas\u0131 G\u00fcne\u015f Enerjisi ve Teknolojileri Fuar\u0131 \u201cSOLAREX \u0130STANBUL\u201d, d\u00fcnya devlerini a\u011f\u0131rlamaya haz\u0131rlan\u0131yor. 05\u2013 [&hellip;]<\/p>\n","protected":false},"author":1,"featured_media":72815,"comment_status":"open","ping_status":"open","sticky":false,"template":"","format":"standard","meta":[],"categories":[53,49],"tags":[67,1009,23416,23131,2207,37207],"views":606,"_links":{"self":[{"href":"https:\/\/www.enerjigazetesi.ist\/en\/wp-json\/wp\/v2\/posts\/72814"}],"collection":[{"href":"https:\/\/www.enerjigazetesi.ist\/en\/wp-json\/wp\/v2\/posts"}],"about":[{"href":"https:\/\/www.enerjigazetesi.ist\/en\/wp-json\/wp\/v2\/types\/post"}],"author":[{"embeddable":true,"href":"https:\/\/www.enerjigazetesi.ist\/en\/wp-json\/wp\/v2\/users\/1"}],"replies":[{"embeddable":true,"href":"https:\/\/www.enerjigazetesi.ist\/en\/wp-json\/wp\/v2\/comments?post=72814"}],"version-history":[{"count":1,"href":"https:\/\/www.enerjigazetesi.ist\/en\/wp-json\/wp\/v2\/posts\/72814\/revisions"}],"predecessor-version":[{"id":72816,"href":"https:\/\/www.enerjigazetesi.ist\/en\/wp-json\/wp\/v2\/posts\/72814\/revisions\/72816"}],"wp:featuredmedia":[{"embeddable":true,"href":"https:\/\/www.enerjigazetesi.ist\/en\/wp-json\/wp\/v2\/media\/72815"}],"wp:attachment":[{"href":"https:\/\/www.enerjigazetesi.ist\/en\/wp-json\/wp\/v2\/media?parent=72814"}],"wp:term":[{"taxonomy":"category","embeddable":true,"href":"https:\/\/www.enerjigazetesi.ist\/en\/wp-json\/wp\/v2\/categories?post=72814"},{"taxonomy":"post_tag","embeddable":true,"href":"https:\/\/www.enerjigazetesi.ist\/en\/wp-json\/wp\/v2\/tags?post=72814"}],"curies":[{"name":"wp","href":"https:\/\/api.w.org\/{rel}","templated":true}]}}