{"id":72808,"date":"2018-03-27T14:33:40","date_gmt":"2018-03-27T11:33:40","guid":{"rendered":"https:\/\/www.enerjigazetesi.ist\/?p=72808"},"modified":"2018-03-27T14:34:03","modified_gmt":"2018-03-27T11:34:03","slug":"gunes-yol-haritasi-calismalarina-yonelik-duyuru","status":"publish","type":"post","link":"https:\/\/www.enerjigazetesi.ist\/en\/gunes-yol-haritasi-calismalarina-yonelik-duyuru\/","title":{"rendered":"(Turkish) G\u00fcne\u015f Yol Haritas\u0131 \u00c7al\u0131\u015fmalar\u0131na Y\u00f6nelik Duyuru&#8230;"},"content":{"rendered":"<p class=\"qtranxs-available-languages-message qtranxs-available-languages-message-en\">Sorry, this entry is only available in <a href=\"https:\/\/www.enerjigazetesi.ist\/tr\/wp-json\/wp\/v2\/posts\/72808\" class=\"qtranxs-available-language-link qtranxs-available-language-link-tr\" title=\"Turkish\">Turkish<\/a>. For the sake of viewer convenience, the content is shown below in the alternative language. You may click the link to switch the active language.<\/p><p><\/p>\n<p class=\"nl-article-text\">G\u00dcNDER taraf\u0131ndan \u00fclkemiz elektrik sekt\u00f6r\u00fcnde g\u00fcne\u015f enerjisinin muhtemel geli\u015fme eksenlerinin payda\u015flar\u0131n aktif kat\u0131l\u0131m\u0131yla ele al\u0131naca\u011f\u0131 bir\u00a0<strong><a>\u2018G\u00fcne\u015f Yol Haritas\u0131\u2019<\/a><\/strong>\u00e7al\u0131\u015fmas\u0131 ger\u00e7ekle\u015ftirilmektedir. S\u00f6z konusu \u00e7al\u0131\u015fman\u0131n ilk aya\u011f\u0131 olarak, g\u00fcne\u015f enerjisinin geli\u015fimine dair f\u0131rsat, zorluk ve beklentilerin ortaya konulmas\u0131n\u0131 ama\u00e7layan k\u0131sa bir anket \u00e7al\u0131\u015fmas\u0131 yap\u0131lmaktad\u0131r.<img loading=\"lazy\" class=\"alignright wp-image-40037 size-medium\" src=\"https:\/\/www.enerjigazetesi.ist\/wp-content\/uploads\/2015\/06\/karamana-4-mwlik-gunes-enerjisi-santrali-ges-kurulumu-yapilacak-300x190.jpg\" alt=\"gunes-yol-haritasi-calismalarina-yonelik-duyuru\" width=\"300\" height=\"190\" srcset=\"https:\/\/www.enerjigazetesi.ist\/wp-content\/uploads\/2015\/06\/karamana-4-mwlik-gunes-enerjisi-santrali-ges-kurulumu-yapilacak-300x190.jpg 300w, https:\/\/www.enerjigazetesi.ist\/wp-content\/uploads\/2015\/06\/karamana-4-mwlik-gunes-enerjisi-santrali-ges-kurulumu-yapilacak-80x50.jpg 80w, https:\/\/www.enerjigazetesi.ist\/wp-content\/uploads\/2015\/06\/karamana-4-mwlik-gunes-enerjisi-santrali-ges-kurulumu-yapilacak.jpg 448w\" sizes=\"(max-width: 300px) 100vw, 300px\" \/><\/p>\n<p class=\"nl-article-text\">Bu \u00e7er\u00e7evede, a\u015fa\u011f\u0131daki sorulara verece\u011finiz cevaplar yol haritas\u0131n\u0131n haz\u0131rlanmas\u0131nda y\u00f6nlendirici olacakt\u0131r. \u00c7al\u0131\u015fman\u0131n sa\u011fl\u0131kl\u0131 sonu\u00e7lar verebilmesi i\u00e7in, tercihen 2-3 c\u00fcmle ile gerek\u00e7elendirdi\u011finiz cevaplar\u0131n\u0131z\u0131\u00a0<strong>9 Nisan 2018<\/strong>\u00a0tarihine kadar\u00a0<strong><a href=\"mailto:info@gunder.org.tr\">info@gunder.org.tr<\/a><\/strong>\u00a0e-posta adresi \u00fczerinden g\u00f6ndererek, katk\u0131 sa\u011flayabilirsiniz.<\/p>\n<p class=\"nl-article-text\">&#8211; T\u00fcrkiye\u2019de elektrik \u00fcretiminde g\u00fcne\u015f enerjisinin pay\u0131n\u0131n art\u0131r\u0131lmas\u0131n\u0131n \u00f6n\u00fcndeki engeller nelerdir? \u00d6nemli oldu\u011funu d\u00fc\u015f\u00fcnd\u00fc\u011f\u00fcn\u00fcz 3 engeli yaz\u0131n\u0131z.<\/p>\n<p class=\"nl-article-text\">&#8211; T\u00fcrkiye\u2019de elektrik sekt\u00f6r\u00fcnde g\u00fcne\u015f enerjisi yat\u0131r\u0131mlar\u0131n\u0131n \u00f6n\u00fcn\u00fc a\u00e7acak geli\u015fmeler neler olabilir? Ger\u00e7ekle\u015fmesini bekledi\u011finiz ve\/veya olmas\u0131n\u0131n piyasay\u0131 olumlu etkileyece\u011fini d\u00fc\u015f\u00fcnd\u00fc\u011f\u00fcn\u00fcz 3 geli\u015fmeyi yaz\u0131n\u0131z.<\/p>\n<p class=\"nl-article-text\">&#8211; Uygun \u015fartlar T\u00fcrkiye\u2019de elektrik \u00fcretiminde g\u00fcne\u015f enerjisinin pay\u0131 sizce y\u00fczde ka\u00e7a kadar y\u00fckselebilir?<\/p>\n<p><\/p>","protected":false},"excerpt":{"rendered":"<p>Sorry, this entry is only available in Turkish. For the sake of viewer convenience, the content is shown below in the alternative language. You may click the link to switch the active language. G\u00dcNDER taraf\u0131ndan \u00fclkemiz elektrik sekt\u00f6r\u00fcnde g\u00fcne\u015f enerjisinin muhtemel geli\u015fme eksenlerinin payda\u015flar\u0131n aktif kat\u0131l\u0131m\u0131yla ele al\u0131naca\u011f\u0131 bir\u00a0\u2018G\u00fcne\u015f Yol Haritas\u0131\u2019\u00e7al\u0131\u015fmas\u0131 ger\u00e7ekle\u015ftirilmektedir. S\u00f6z konusu \u00e7al\u0131\u015fman\u0131n [&hellip;]<\/p>\n","protected":false},"author":1,"featured_media":40037,"comment_status":"open","ping_status":"open","sticky":false,"template":"","format":"standard","meta":[],"categories":[53,49],"tags":[67,1009,1382,23416,37206],"views":743,"_links":{"self":[{"href":"https:\/\/www.enerjigazetesi.ist\/en\/wp-json\/wp\/v2\/posts\/72808"}],"collection":[{"href":"https:\/\/www.enerjigazetesi.ist\/en\/wp-json\/wp\/v2\/posts"}],"about":[{"href":"https:\/\/www.enerjigazetesi.ist\/en\/wp-json\/wp\/v2\/types\/post"}],"author":[{"embeddable":true,"href":"https:\/\/www.enerjigazetesi.ist\/en\/wp-json\/wp\/v2\/users\/1"}],"replies":[{"embeddable":true,"href":"https:\/\/www.enerjigazetesi.ist\/en\/wp-json\/wp\/v2\/comments?post=72808"}],"version-history":[{"count":2,"href":"https:\/\/www.enerjigazetesi.ist\/en\/wp-json\/wp\/v2\/posts\/72808\/revisions"}],"predecessor-version":[{"id":72810,"href":"https:\/\/www.enerjigazetesi.ist\/en\/wp-json\/wp\/v2\/posts\/72808\/revisions\/72810"}],"wp:featuredmedia":[{"embeddable":true,"href":"https:\/\/www.enerjigazetesi.ist\/en\/wp-json\/wp\/v2\/media\/40037"}],"wp:attachment":[{"href":"https:\/\/www.enerjigazetesi.ist\/en\/wp-json\/wp\/v2\/media?parent=72808"}],"wp:term":[{"taxonomy":"category","embeddable":true,"href":"https:\/\/www.enerjigazetesi.ist\/en\/wp-json\/wp\/v2\/categories?post=72808"},{"taxonomy":"post_tag","embeddable":true,"href":"https:\/\/www.enerjigazetesi.ist\/en\/wp-json\/wp\/v2\/tags?post=72808"}],"curies":[{"name":"wp","href":"https:\/\/api.w.org\/{rel}","templated":true}]}}