{"id":72796,"date":"2018-03-27T14:02:49","date_gmt":"2018-03-27T11:02:49","guid":{"rendered":"https:\/\/www.enerjigazetesi.ist\/?p=72796"},"modified":"2018-03-27T14:02:49","modified_gmt":"2018-03-27T11:02:49","slug":"gunes-uretimindeki-dengesizlik","status":"publish","type":"post","link":"https:\/\/www.enerjigazetesi.ist\/en\/gunes-uretimindeki-dengesizlik\/","title":{"rendered":"(Turkish) G\u00fcne\u015f \u00dcretimindeki Dengesizlik&#8230;"},"content":{"rendered":"<p class=\"qtranxs-available-languages-message qtranxs-available-languages-message-en\">Sorry, this entry is only available in <a href=\"https:\/\/www.enerjigazetesi.ist\/tr\/wp-json\/wp\/v2\/posts\/72796\" class=\"qtranxs-available-language-link qtranxs-available-language-link-tr\" title=\"Turkish\">Turkish<\/a>. For the sake of viewer convenience, the content is shown below in the alternative language. You may click the link to switch the active language.<\/p><p><strong>Yenilenebilir enerji konusunda iyimser grupta bulunan Bloomberg New Energy Finance\u2019in CEO\u2019su <a href=\"https:\/\/www.freeingenergy.com\/bloomberg-new-energy-finance-founder-and-chairman-michael-liebreich-shares-his-views-on-nuclear-solar-and-the-politics-of-energy\/\">Micheal Liebreich<\/a> \u201cEn s\u00fcper ucuz piller ile bile, \u015fu anda d\u00fcnyay\u0131 %100 g\u00fcne\u015fle \u00e7al\u0131\u015ft\u0131ramay\u0131z\u201d\u00a0 a\u00e7\u0131klamas\u0131ndan sonra, \u015fimdi de kuzey yar\u0131mk\u00fcrenin \u00f6nemli k\u0131sm\u0131nda k\u0131\u015f\u0131n o kadar g\u00fcne\u015f \u0131\u015f\u0131\u011f\u0131 olmad\u0131\u011f\u0131n\u0131 iddialar\u0131nda bulundu.<\/strong><\/p>\n<p>Q raporunda, T\u00fcrkiye \u00f6zelinde ayl\u0131k elektrik talepleri ile g\u00fcne\u015f \u00fcretimi nas\u0131l bir ili\u015fki i\u00e7indedir, t\u00fcm enerjimizi g\u00fcne\u015ften kar\u015f\u0131lamak i\u00e7in ne kadar g\u00fcne\u015f kurulu g\u00fcc\u00fcne ihtiya\u00e7 duyar\u0131z ve bunun mevsimsel <img loading=\"lazy\" class=\"alignleft size-medium wp-image-25423\" src=\"https:\/\/www.enerjigazetesi.ist\/wp-content\/uploads\/2014\/04\/turkiyenin-ilk-lisansli-gunes-enerjisi-santrali-yatirimlari-icin-yaris-basliyor-300x189.jpg\" alt=\"\" width=\"300\" height=\"189\" srcset=\"https:\/\/www.enerjigazetesi.ist\/wp-content\/uploads\/2014\/04\/turkiyenin-ilk-lisansli-gunes-enerjisi-santrali-yatirimlari-icin-yaris-basliyor-300x189.jpg 300w, https:\/\/www.enerjigazetesi.ist\/wp-content\/uploads\/2014\/04\/turkiyenin-ilk-lisansli-gunes-enerjisi-santrali-yatirimlari-icin-yaris-basliyor-500x315.jpg 500w, https:\/\/www.enerjigazetesi.ist\/wp-content\/uploads\/2014\/04\/turkiyenin-ilk-lisansli-gunes-enerjisi-santrali-yatirimlari-icin-yaris-basliyor-80x50.jpg 80w, https:\/\/www.enerjigazetesi.ist\/wp-content\/uploads\/2014\/04\/turkiyenin-ilk-lisansli-gunes-enerjisi-santrali-yatirimlari-icin-yaris-basliyor.jpg 510w\" sizes=\"(max-width: 300px) 100vw, 300px\" \/>dengesizli\u011fi ne kadard\u0131r gibi temel sorulara cevap aranmaktad\u0131r.<\/p>\n<p>G\u00fcne\u015f \u00fcretiminin \u00f6nemli k\u0131sm\u0131 yaz aylar\u0131ndad\u0131r. En y\u00fcksek elektrik t\u00fcketimi olan k\u0131\u015f aylar\u0131nda ise g\u00fcne\u015f \u00fcretiminde en d\u00fc\u015f\u00fck seviye g\u00f6zlemlenmektedir. Bu aylarda r\u00fczgar\u0131n daha fazla esmesiyle elektrik \u00fcretimi artabilir. Ancak, r\u00fczgar miktar\u0131n\u0131n da garantisi yoktur.<\/p>\n<p>G\u00fcne\u015fin sistemdeki en etkin oran ne olmal\u0131? Bu soruya cevap vermek i\u00e7in daha \u00e7ok sorunun cevaplanmas\u0131 gerekecektir. G\u00fcne\u015fin k\u0131\u015f ve yaz \u00fcretimindeki dengesizli\u011finin T\u00fcrkiye elektrik piyasas\u0131n\u0131 da asimetrik etkileyece\u011fi a\u015fikard\u0131r. T\u00fcm kurulu g\u00fcc\u00fcn g\u00fcne\u015ften kar\u015f\u0131lanmas\u0131 \u015fimdilik zor oldu\u011fu gibi, yat\u0131r\u0131m, sistem y\u00f6netimi ve getirece\u011fi depolama maliyetleri de do\u011fal bir limit olarak kar\u015f\u0131m\u0131za \u00e7\u0131kmaktad\u0131r. Muhtemelen g\u00fcne\u015fin pay\u0131 artt\u0131k\u00e7a sisteme katt\u0131\u011f\u0131 katma de\u011fer d\u00fc\u015ferken, fosil yak\u0131tlar\u0131n da de\u011ferini artt\u0131racakt\u0131r.<\/p>\n<p>Yaz\u0131n\u0131n <a href=\"http:\/\/www.dunyaenerji.org.tr\/gunes-uretimindeki-dengesizlik\/\" target=\"_blank\" rel=\"noopener\">Devam\u0131 \u0130\u00e7in TIKLAYINIZ&gt;&gt;&gt;<\/a><\/p>","protected":false},"excerpt":{"rendered":"<p>Sorry, this entry is only available in Turkish. For the sake of viewer convenience, the content is shown below in the alternative language. You may click the link to switch the active language.Yenilenebilir enerji konusunda iyimser grupta bulunan Bloomberg New Energy Finance\u2019in CEO\u2019su Micheal Liebreich \u201cEn s\u00fcper ucuz piller ile bile, \u015fu anda d\u00fcnyay\u0131 %100 [&hellip;]<\/p>\n","protected":false},"author":1,"featured_media":25423,"comment_status":"open","ping_status":"open","sticky":false,"template":"","format":"standard","meta":[],"categories":[53,49],"tags":[67,1009,23416,23131],"views":656,"_links":{"self":[{"href":"https:\/\/www.enerjigazetesi.ist\/en\/wp-json\/wp\/v2\/posts\/72796"}],"collection":[{"href":"https:\/\/www.enerjigazetesi.ist\/en\/wp-json\/wp\/v2\/posts"}],"about":[{"href":"https:\/\/www.enerjigazetesi.ist\/en\/wp-json\/wp\/v2\/types\/post"}],"author":[{"embeddable":true,"href":"https:\/\/www.enerjigazetesi.ist\/en\/wp-json\/wp\/v2\/users\/1"}],"replies":[{"embeddable":true,"href":"https:\/\/www.enerjigazetesi.ist\/en\/wp-json\/wp\/v2\/comments?post=72796"}],"version-history":[{"count":1,"href":"https:\/\/www.enerjigazetesi.ist\/en\/wp-json\/wp\/v2\/posts\/72796\/revisions"}],"predecessor-version":[{"id":72797,"href":"https:\/\/www.enerjigazetesi.ist\/en\/wp-json\/wp\/v2\/posts\/72796\/revisions\/72797"}],"wp:featuredmedia":[{"embeddable":true,"href":"https:\/\/www.enerjigazetesi.ist\/en\/wp-json\/wp\/v2\/media\/25423"}],"wp:attachment":[{"href":"https:\/\/www.enerjigazetesi.ist\/en\/wp-json\/wp\/v2\/media?parent=72796"}],"wp:term":[{"taxonomy":"category","embeddable":true,"href":"https:\/\/www.enerjigazetesi.ist\/en\/wp-json\/wp\/v2\/categories?post=72796"},{"taxonomy":"post_tag","embeddable":true,"href":"https:\/\/www.enerjigazetesi.ist\/en\/wp-json\/wp\/v2\/tags?post=72796"}],"curies":[{"name":"wp","href":"https:\/\/api.w.org\/{rel}","templated":true}]}}