{"id":72782,"date":"2018-03-26T23:09:06","date_gmt":"2018-03-26T20:09:06","guid":{"rendered":"https:\/\/www.enerjigazetesi.ist\/?p=72782"},"modified":"2018-03-26T23:09:06","modified_gmt":"2018-03-26T20:09:06","slug":"istanbulun-dogalgaz-tuketimi-gecen-yila-gore-500-milyon-metrekup-azaldi","status":"publish","type":"post","link":"https:\/\/www.enerjigazetesi.ist\/en\/istanbulun-dogalgaz-tuketimi-gecen-yila-gore-500-milyon-metrekup-azaldi\/","title":{"rendered":"(Turkish) \u0130stanbul\u2019un Do\u011falgaz T\u00fcketimi Ge\u00e7en Y\u0131la G\u00f6re 500 Milyon Metrek\u00fcp Azald\u0131"},"content":{"rendered":"<p class=\"qtranxs-available-languages-message qtranxs-available-languages-message-en\">Sorry, this entry is only available in <a href=\"https:\/\/www.enerjigazetesi.ist\/tr\/wp-json\/wp\/v2\/posts\/72782\" class=\"qtranxs-available-language-link qtranxs-available-language-link-tr\" title=\"Turkish\">Turkish<\/a>. For the sake of viewer convenience, the content is shown below in the alternative language. You may click the link to switch the active language.<\/p><p><strong>Bu y\u0131l hava s\u0131cakl\u0131klar\u0131 mevsim normallerinin \u00fcst\u00fcnde kal\u0131nca, do\u011falgaz t\u00fcketimi azald\u0131. Do\u011falgaz t\u00fcketimi ge\u00e7en y\u0131l\u0131n 500 milyon metrek\u00fcp alt\u0131nda kald\u0131. Bu durum vatanda\u015f\u0131n cebine de yarad\u0131.<\/strong><\/p>\n<p><span id=\"more-98928\"><\/span>Mevsim de\u011fi\u015fikli\u011finin en fazla hissedildi\u011fi il olan \u0130stanbul\u2019a bu y\u0131l k\u0131\u015f gelmedi. Kar ve so\u011fuk havan\u0131n etkili olmamas\u0131 ev ve i\u015fletmelerdeki do\u011falgaz kullan\u0131m\u0131n\u0131 da etkiledi. 2016 y\u0131l\u0131na oranla Kas\u0131m-Aral\u0131k-<img loading=\"lazy\" class=\"alignleft size-medium wp-image-43172\" src=\"https:\/\/www.enerjigazetesi.ist\/wp-content\/uploads\/2015\/08\/haziran-ayinda-dogalgaz-tuketimi-geriledi-300x165.jpg\" alt=\"\" width=\"300\" height=\"165\" srcset=\"https:\/\/www.enerjigazetesi.ist\/wp-content\/uploads\/2015\/08\/haziran-ayinda-dogalgaz-tuketimi-geriledi-300x165.jpg 300w, https:\/\/www.enerjigazetesi.ist\/wp-content\/uploads\/2015\/08\/haziran-ayinda-dogalgaz-tuketimi-geriledi-500x276.jpg 500w, https:\/\/www.enerjigazetesi.ist\/wp-content\/uploads\/2015\/08\/haziran-ayinda-dogalgaz-tuketimi-geriledi-80x44.jpg 80w, https:\/\/www.enerjigazetesi.ist\/wp-content\/uploads\/2015\/08\/haziran-ayinda-dogalgaz-tuketimi-geriledi.jpg 696w\" sizes=\"(max-width: 300px) 100vw, 300px\" \/>Ocak aylar\u0131nda b\u00fcy\u00fck oranda d\u00fc\u015f\u00fc\u015f ya\u015fand\u0131. \u0130stanbul\u2019da ge\u00e7ti\u011fimiz k\u0131\u015f, 3 ayl\u0131k d\u00f6nemde 2 milyar 400 milyon metrek\u00fcpe yak\u0131n do\u011falgaz t\u00fcketimi yap\u0131ld\u0131. 2017\u2019de bu rakam 1 milyar 900 milyon metrek\u00fcpe d\u00fc\u015ft\u00fc. S\u0131cak ve kurak ge\u00e7en havalar\u0131n etkisiyle do\u011falgaz t\u00fcketimi 500 milyon metrek\u00fcp azald\u0131.<\/p>\n<p>2016 y\u0131l\u0131nda gaz kullan\u0131c\u0131 abone say\u0131s\u0131 da artt\u0131. Ge\u00e7ti\u011fimiz y\u0131l 5 milyon 864 bin 94 konut olan gaz kullan\u0131c\u0131 say\u0131s\u0131 2017 y\u0131l\u0131nda y\u00fczde 5 artarak 5 milyon 918 bin 182\u2019ye ula\u015ft\u0131. \u0130stanbul\u2019da metrek\u00fcp fiyat\u0131 1.1 TL olan do\u011falgaz kullan\u0131m\u0131 i\u00e7in 5 milyon 864 bin 94 konutta ge\u00e7ti\u011fimiz k\u0131\u015f 2.3 milyar \u00f6deme yap\u0131l\u0131rken, 2017 y\u0131l\u0131 k\u0131\u015f d\u00f6neminde bu rakam 1.8 milyara d\u00fc\u015ft\u00fc. S\u0131cak havalarla birlikte do\u011falgaz t\u00fcketimindeki 500 milyon metrek\u00fcpl\u00fck d\u00fc\u015f\u00fc\u015f 600 milyon TL tasarruf sa\u011flad\u0131. Ge\u00e7en y\u0131l k\u0131\u015f aylar\u0131nda y\u00fcksek gelen fatura vatanda\u015f\u0131n cebine y\u00fczde 25\u2019lik bir azalmaya neden oldu. B\u00f6ylece 2016 y\u0131l\u0131nda 200 lira gelen do\u011falgaz faturas\u0131, bu y\u0131l 150 liraya d\u00fc\u015ft\u00fc.<\/p>","protected":false},"excerpt":{"rendered":"<p>Sorry, this entry is only available in Turkish. For the sake of viewer convenience, the content is shown below in the alternative language. You may click the link to switch the active language.Bu y\u0131l hava s\u0131cakl\u0131klar\u0131 mevsim normallerinin \u00fcst\u00fcnde kal\u0131nca, do\u011falgaz t\u00fcketimi azald\u0131. Do\u011falgaz t\u00fcketimi ge\u00e7en y\u0131l\u0131n 500 milyon metrek\u00fcp alt\u0131nda kald\u0131. Bu durum vatanda\u015f\u0131n [&hellip;]<\/p>\n","protected":false},"author":1,"featured_media":43172,"comment_status":"open","ping_status":"open","sticky":false,"template":"","format":"standard","meta":[],"categories":[46,53],"tags":[92,30765,1128,1251,23219,884,67,1009,23311,1967],"views":869,"_links":{"self":[{"href":"https:\/\/www.enerjigazetesi.ist\/en\/wp-json\/wp\/v2\/posts\/72782"}],"collection":[{"href":"https:\/\/www.enerjigazetesi.ist\/en\/wp-json\/wp\/v2\/posts"}],"about":[{"href":"https:\/\/www.enerjigazetesi.ist\/en\/wp-json\/wp\/v2\/types\/post"}],"author":[{"embeddable":true,"href":"https:\/\/www.enerjigazetesi.ist\/en\/wp-json\/wp\/v2\/users\/1"}],"replies":[{"embeddable":true,"href":"https:\/\/www.enerjigazetesi.ist\/en\/wp-json\/wp\/v2\/comments?post=72782"}],"version-history":[{"count":1,"href":"https:\/\/www.enerjigazetesi.ist\/en\/wp-json\/wp\/v2\/posts\/72782\/revisions"}],"predecessor-version":[{"id":72783,"href":"https:\/\/www.enerjigazetesi.ist\/en\/wp-json\/wp\/v2\/posts\/72782\/revisions\/72783"}],"wp:featuredmedia":[{"embeddable":true,"href":"https:\/\/www.enerjigazetesi.ist\/en\/wp-json\/wp\/v2\/media\/43172"}],"wp:attachment":[{"href":"https:\/\/www.enerjigazetesi.ist\/en\/wp-json\/wp\/v2\/media?parent=72782"}],"wp:term":[{"taxonomy":"category","embeddable":true,"href":"https:\/\/www.enerjigazetesi.ist\/en\/wp-json\/wp\/v2\/categories?post=72782"},{"taxonomy":"post_tag","embeddable":true,"href":"https:\/\/www.enerjigazetesi.ist\/en\/wp-json\/wp\/v2\/tags?post=72782"}],"curies":[{"name":"wp","href":"https:\/\/api.w.org\/{rel}","templated":true}]}}