{"id":72759,"date":"2018-03-25T19:21:13","date_gmt":"2018-03-25T16:21:13","guid":{"rendered":"https:\/\/www.enerjigazetesi.ist\/?p=72759"},"modified":"2018-03-25T19:21:35","modified_gmt":"2018-03-25T16:21:35","slug":"turkiyenin-gunes-elektrigi-gucu-4-000-mw-sinirini-asti","status":"publish","type":"post","link":"https:\/\/www.enerjigazetesi.ist\/en\/turkiyenin-gunes-elektrigi-gucu-4-000-mw-sinirini-asti\/","title":{"rendered":"(Turkish) T\u00fcrkiye&#8217;nin G\u00fcne\u015f Elektri\u011fi G\u00fcc\u00fc 4.000 MW S\u0131n\u0131r\u0131n\u0131 A\u015ft\u0131!"},"content":{"rendered":"<p class=\"qtranxs-available-languages-message qtranxs-available-languages-message-en\">Sorry, this entry is only available in <a href=\"https:\/\/www.enerjigazetesi.ist\/tr\/wp-json\/wp\/v2\/posts\/72759\" class=\"qtranxs-available-language-link qtranxs-available-language-link-tr\" title=\"Turkish\">Turkish<\/a>. For the sake of viewer convenience, the content is shown below in the alternative language. You may click the link to switch the active language.<\/p><p><strong>T\u00fcrkiye&#8217;nin g\u00fcne\u015f enerjisine dayal\u0131 elektrik \u00fcretim kapasitesinin 4.000 MW s\u0131n\u0131r\u0131n\u0131 a\u015ft\u0131\u011f\u0131 a\u00e7\u0131kland\u0131.<\/strong><\/p>\n<p>Uluslararas\u0131 G\u00fcne\u015f Enerjisi Toplulu\u011fu T\u00fcrkiye B\u00f6l\u00fcm\u00fc (G\u00dcNDER) Ba\u015fkan\u0131 Kutay Kaleli&#8217;nin sosyal<strong><img loading=\"lazy\" class=\"alignright size-medium wp-image-21310\" src=\"https:\/\/www.enerjigazetesi.ist\/wp-content\/uploads\/2014\/01\/odas-sanliurfadaki-gunes-santralini-devreye-aldi-300x205.jpg\" alt=\"\" width=\"300\" height=\"205\" srcset=\"https:\/\/www.enerjigazetesi.ist\/wp-content\/uploads\/2014\/01\/odas-sanliurfadaki-gunes-santralini-devreye-aldi-300x205.jpg 300w, https:\/\/www.enerjigazetesi.ist\/wp-content\/uploads\/2014\/01\/odas-sanliurfadaki-gunes-santralini-devreye-aldi-72x50.jpg 72w, https:\/\/www.enerjigazetesi.ist\/wp-content\/uploads\/2014\/01\/odas-sanliurfadaki-gunes-santralini-devreye-aldi.jpg 372w\" sizes=\"(max-width: 300px) 100vw, 300px\" \/><\/strong> medya hesaplar\u0131ndan yapt\u0131\u011f\u0131 yaz\u0131l\u0131 a\u00e7\u0131klamada bilginin Yenilenebilir Enerji Genel M\u00fcd\u00fcrl\u00fc\u011f\u00fc ev sahipli\u011finde ger\u00e7ekle\u015ftirilen G\u00dcNDER Y\u00f6netim Kurulu toplant\u0131s\u0131nda a\u00e7\u0131kland\u0131\u011f\u0131 ifade edildi.<\/p>\n<p>G\u00dcNDER Ba\u015fkan\u0131 taraf\u0131ndan payla\u015f\u0131lan resmi rakamlara g\u00f6re T\u00fcrkiye&#8217;nin g\u00fcne\u015f enerjisine dayal\u0131 elektrik \u00fcretim kapasitesi ge\u00e7en hafta sonu itibari ile 4.000 MW s\u0131n\u0131r\u0131n\u0131 ge\u00e7erek 4.061 MW&#8217;a y\u00fckseldi.<\/p>\n<p><strong>Son 14 Aydaki Art\u0131\u015f 3.200 MW&#8217;\u0131 Ge\u00e7ti<\/strong><\/p>\n<p>T\u00fcrkiye Elektrik \u0130letim A.\u015e. verilerinden yay\u0131mlanan bilgiye g\u00f6re T\u00fcrkiye\u2019nin g\u00fcne\u015f enerjisine dayal\u0131 elektrik \u00fcretim kapasitesi 2014 y\u0131l\u0131 sonunda 40,18 MW\u2019a, 2015 y\u0131l\u0131 sonunda 248,8 MW\u2019a, 2016 y\u0131l\u0131 sonunda ise 832,5 MW\u2019a y\u00fckseldi.<\/p>\n<p>TE\u0130A\u015e, 2017 y\u0131l\u0131 sonu itibari ile g\u00fcne\u015f enerjisi kurulu g\u00fc\u00e7 rakam\u0131n\u0131 ise 3.420,7 MW oldu\u011funu belirtmi\u015fti.<\/p>","protected":false},"excerpt":{"rendered":"<p>Sorry, this entry is only available in Turkish. For the sake of viewer convenience, the content is shown below in the alternative language. You may click the link to switch the active language.T\u00fcrkiye&#8217;nin g\u00fcne\u015f enerjisine dayal\u0131 elektrik \u00fcretim kapasitesinin 4.000 MW s\u0131n\u0131r\u0131n\u0131 a\u015ft\u0131\u011f\u0131 a\u00e7\u0131kland\u0131. Uluslararas\u0131 G\u00fcne\u015f Enerjisi Toplulu\u011fu T\u00fcrkiye B\u00f6l\u00fcm\u00fc (G\u00dcNDER) Ba\u015fkan\u0131 Kutay Kaleli&#8217;nin sosyal [&hellip;]<\/p>\n","protected":false},"author":1,"featured_media":68940,"comment_status":"open","ping_status":"open","sticky":false,"template":"","format":"standard","meta":[],"categories":[53,49],"tags":[67,1009,1382,23416,23133,23131,17901],"views":746,"_links":{"self":[{"href":"https:\/\/www.enerjigazetesi.ist\/en\/wp-json\/wp\/v2\/posts\/72759"}],"collection":[{"href":"https:\/\/www.enerjigazetesi.ist\/en\/wp-json\/wp\/v2\/posts"}],"about":[{"href":"https:\/\/www.enerjigazetesi.ist\/en\/wp-json\/wp\/v2\/types\/post"}],"author":[{"embeddable":true,"href":"https:\/\/www.enerjigazetesi.ist\/en\/wp-json\/wp\/v2\/users\/1"}],"replies":[{"embeddable":true,"href":"https:\/\/www.enerjigazetesi.ist\/en\/wp-json\/wp\/v2\/comments?post=72759"}],"version-history":[{"count":2,"href":"https:\/\/www.enerjigazetesi.ist\/en\/wp-json\/wp\/v2\/posts\/72759\/revisions"}],"predecessor-version":[{"id":72761,"href":"https:\/\/www.enerjigazetesi.ist\/en\/wp-json\/wp\/v2\/posts\/72759\/revisions\/72761"}],"wp:featuredmedia":[{"embeddable":true,"href":"https:\/\/www.enerjigazetesi.ist\/en\/wp-json\/wp\/v2\/media\/68940"}],"wp:attachment":[{"href":"https:\/\/www.enerjigazetesi.ist\/en\/wp-json\/wp\/v2\/media?parent=72759"}],"wp:term":[{"taxonomy":"category","embeddable":true,"href":"https:\/\/www.enerjigazetesi.ist\/en\/wp-json\/wp\/v2\/categories?post=72759"},{"taxonomy":"post_tag","embeddable":true,"href":"https:\/\/www.enerjigazetesi.ist\/en\/wp-json\/wp\/v2\/tags?post=72759"}],"curies":[{"name":"wp","href":"https:\/\/api.w.org\/{rel}","templated":true}]}}