{"id":72734,"date":"2018-03-25T11:59:29","date_gmt":"2018-03-25T08:59:29","guid":{"rendered":"https:\/\/www.enerjigazetesi.ist\/?p=72734"},"modified":"2018-03-25T11:59:29","modified_gmt":"2018-03-25T08:59:29","slug":"ck-bogazici-iklim-degisikligine-dikkat-cekmek-icin-dunyaya-baglandi","status":"publish","type":"post","link":"https:\/\/www.enerjigazetesi.ist\/en\/ck-bogazici-iklim-degisikligine-dikkat-cekmek-icin-dunyaya-baglandi\/","title":{"rendered":"(Turkish) CK Bo\u011fazi\u00e7i \u0130klim De\u011fi\u015fikli\u011fine Dikkat \u00c7ekmek \u0130\u00e7in &#8216;D\u00fcnyaya Ba\u011fland\u0131'"},"content":{"rendered":"<p class=\"qtranxs-available-languages-message qtranxs-available-languages-message-en\">Sorry, this entry is only available in <a href=\"https:\/\/www.enerjigazetesi.ist\/tr\/wp-json\/wp\/v2\/posts\/72734\" class=\"qtranxs-available-language-link qtranxs-available-language-link-tr\" title=\"Turkish\">Turkish<\/a>. For the sake of viewer convenience, the content is shown below in the alternative language. You may click the link to switch the active language.<\/p><p><strong>CK Bo\u011fazi\u00e7i Elektrik, k\u00fcresel iklim de\u011fi\u015fikli\u011fi sorununa dikkat \u00e7ekmek i\u00e7in yap\u0131lan en b\u00fcy\u00fck \u00e7evre etkinliklerinden biri olan &#8220;D\u00fcnya Saati&#8221; uygulamas\u0131na bu y\u0131l da destek verdi.<\/strong><\/p>\n<p style=\"font-weight: 400;\">Bu ama\u00e7la CK Bo\u011fazi\u00e7i Elektrik, 24 Mart Cumartesi ak\u015fam\u0131 t\u00fcm d\u00fcnyayla e\u015fzamanl\u0131 olarak saat 20.30 <img loading=\"lazy\" class=\"alignleft size-medium wp-image-72735\" src=\"https:\/\/www.enerjigazetesi.ist\/wp-content\/uploads\/2018\/03\/ck-bogazici-iklim-degisikligine-dikkat-cekmek-icin-dunyaya-baglandi-300x168.jpg\" alt=\"\" width=\"300\" height=\"168\" srcset=\"https:\/\/www.enerjigazetesi.ist\/wp-content\/uploads\/2018\/03\/ck-bogazici-iklim-degisikligine-dikkat-cekmek-icin-dunyaya-baglandi-300x168.jpg 300w, https:\/\/www.enerjigazetesi.ist\/wp-content\/uploads\/2018\/03\/ck-bogazici-iklim-degisikligine-dikkat-cekmek-icin-dunyaya-baglandi-500x280.jpg 500w, https:\/\/www.enerjigazetesi.ist\/wp-content\/uploads\/2018\/03\/ck-bogazici-iklim-degisikligine-dikkat-cekmek-icin-dunyaya-baglandi-80x45.jpg 80w, https:\/\/www.enerjigazetesi.ist\/wp-content\/uploads\/2018\/03\/ck-bogazici-iklim-degisikligine-dikkat-cekmek-icin-dunyaya-baglandi.jpg 708w\" sizes=\"(max-width: 300px) 100vw, 300px\" \/>ile 21.30 aras\u0131nda 13 M\u00fc\u015fteri Hizmetleri Merkezi (M\u00dcH\u0130M) ve 300\u2019e yak\u0131n M\u00fc\u015fteri \u0130\u015flem Merkezi\u2019nde (M\u0130M) \u0131\u015f\u0131klar\u0131n\u0131 kapatt\u0131.<\/p>\n<p style=\"font-weight: 400;\">2007 y\u0131l\u0131nda Avustralya\u2019da ba\u015flayan ve D\u00fcnya Do\u011fal Hayat\u0131 Koruma Vakf\u0131 (WWF) taraf\u0131ndan k\u0131sa s\u00fcrede 7 k\u0131tada 150\u2019nin \u00fczerinde \u00fclkeye yay\u0131lan eylem, bu y\u0131l 11\u2019inci kez d\u00fczenleniyor. WWF ve di\u011fer g\u00f6n\u00fcll\u00fc organizasyonlar taraf\u0131ndan d\u00fczenlenen etkinlikle, iklim de\u011fi\u015fikli\u011fi i\u00e7in harekete ge\u00e7me ihtiyac\u0131na \u0131\u015f\u0131k tutuluyor.<\/p>\n<p style=\"font-weight: 400;\">Bu y\u0131lki slogan\u0131 \u2018D\u00fcnyaya ba\u011flanma saati\u2019 olarak belirlenen D\u00fcnya Saati eylemine ge\u00e7ti\u011fimiz y\u0131llarda; \u0130stanbul\u2019da Bo\u011fazi\u00e7i K\u00f6pr\u00fcs\u00fc, Fatih Sultan Mehmet K\u00f6pr\u00fcs\u00fc, Topkap\u0131 Saray\u0131, Ayasofya M\u00fczesi, Beylerbeyi Saray\u0131, K\u00fc\u00e7\u00fcksu Kasr\u0131, Dolmabah\u00e7e Saray\u0131 ve Saat Kulesi, Sultanahmet Cami ve Ortak\u00f6y Camii gibi an\u0131tsal yap\u0131lar; \u0130zmir Saat Kulesi, valilikler, belediyeler ve kurumlar destek vermi\u015fti.<\/p>\n<p><\/p>","protected":false},"excerpt":{"rendered":"<p>Sorry, this entry is only available in Turkish. For the sake of viewer convenience, the content is shown below in the alternative language. You may click the link to switch the active language.CK Bo\u011fazi\u00e7i Elektrik, k\u00fcresel iklim de\u011fi\u015fikli\u011fi sorununa dikkat \u00e7ekmek i\u00e7in yap\u0131lan en b\u00fcy\u00fck \u00e7evre etkinliklerinden biri olan &#8220;D\u00fcnya Saati&#8221; uygulamas\u0131na bu y\u0131l da [&hellip;]<\/p>\n","protected":false},"author":1,"featured_media":72735,"comment_status":"open","ping_status":"open","sticky":false,"template":"","format":"standard","meta":[],"categories":[51,53],"tags":[33726,37184,19638,67,1009],"views":1144,"_links":{"self":[{"href":"https:\/\/www.enerjigazetesi.ist\/en\/wp-json\/wp\/v2\/posts\/72734"}],"collection":[{"href":"https:\/\/www.enerjigazetesi.ist\/en\/wp-json\/wp\/v2\/posts"}],"about":[{"href":"https:\/\/www.enerjigazetesi.ist\/en\/wp-json\/wp\/v2\/types\/post"}],"author":[{"embeddable":true,"href":"https:\/\/www.enerjigazetesi.ist\/en\/wp-json\/wp\/v2\/users\/1"}],"replies":[{"embeddable":true,"href":"https:\/\/www.enerjigazetesi.ist\/en\/wp-json\/wp\/v2\/comments?post=72734"}],"version-history":[{"count":1,"href":"https:\/\/www.enerjigazetesi.ist\/en\/wp-json\/wp\/v2\/posts\/72734\/revisions"}],"predecessor-version":[{"id":72736,"href":"https:\/\/www.enerjigazetesi.ist\/en\/wp-json\/wp\/v2\/posts\/72734\/revisions\/72736"}],"wp:featuredmedia":[{"embeddable":true,"href":"https:\/\/www.enerjigazetesi.ist\/en\/wp-json\/wp\/v2\/media\/72735"}],"wp:attachment":[{"href":"https:\/\/www.enerjigazetesi.ist\/en\/wp-json\/wp\/v2\/media?parent=72734"}],"wp:term":[{"taxonomy":"category","embeddable":true,"href":"https:\/\/www.enerjigazetesi.ist\/en\/wp-json\/wp\/v2\/categories?post=72734"},{"taxonomy":"post_tag","embeddable":true,"href":"https:\/\/www.enerjigazetesi.ist\/en\/wp-json\/wp\/v2\/tags?post=72734"}],"curies":[{"name":"wp","href":"https:\/\/api.w.org\/{rel}","templated":true}]}}