{"id":72684,"date":"2018-03-23T15:06:40","date_gmt":"2018-03-23T12:06:40","guid":{"rendered":"https:\/\/www.enerjigazetesi.ist\/?p=72684"},"modified":"2018-03-23T15:06:40","modified_gmt":"2018-03-23T12:06:40","slug":"yatirim-yapanin-elektrik-faturasinin-yuzde-30u-devletten","status":"publish","type":"post","link":"https:\/\/www.enerjigazetesi.ist\/en\/yatirim-yapanin-elektrik-faturasinin-yuzde-30u-devletten\/","title":{"rendered":"(Turkish) Yat\u0131r\u0131m Yapan\u0131n Elektrik Faturas\u0131n\u0131n Y\u00fczde 30\u2019u Devletten&#8230;"},"content":{"rendered":"<p class=\"qtranxs-available-languages-message qtranxs-available-languages-message-en\">Sorry, this entry is only available in <a href=\"https:\/\/www.enerjigazetesi.ist\/tr\/wp-json\/wp\/v2\/posts\/72684\" class=\"qtranxs-available-language-link qtranxs-available-language-link-tr\" title=\"Turkish\">Turkish<\/a>. For the sake of viewer convenience, the content is shown below in the alternative language. You may click the link to switch the active language.<\/p><p><strong>Do\u011fu ve G\u00fcneydo\u011fu Anadolu\u2019daki 23 \u015fehirde uygulanacak Cazibe Merkezleri Program\u0131 kapsam\u0131nda enerji deste\u011fine ili\u015fkin usul ve esaslar belirlendi.<\/strong><\/p>\n<p>Kapsamdaki illerde imalat sanayisi, \u00e7a\u011fr\u0131-veri merkezi yat\u0131r\u0131m\u0131 yapanlar\u0131n ayl\u0131k elektrik giderlerinin azami y\u00fczde 30\u2019unu devlet \u00f6deyecek. Elektrik giderlerinin azami y\u00fczde 30\u2019u, 3 y\u0131l s\u00fcreyle i\u015fletme <img loading=\"lazy\" class=\"alignleft size-medium wp-image-44528\" src=\"https:\/\/www.enerjigazetesi.ist\/wp-content\/uploads\/2015\/09\/2015-kuresel-elektrik-enerjisi-sektorunun-gelecegi-300x165.jpg\" alt=\"\" width=\"300\" height=\"165\" srcset=\"https:\/\/www.enerjigazetesi.ist\/wp-content\/uploads\/2015\/09\/2015-kuresel-elektrik-enerjisi-sektorunun-gelecegi-300x165.jpg 300w, https:\/\/www.enerjigazetesi.ist\/wp-content\/uploads\/2015\/09\/2015-kuresel-elektrik-enerjisi-sektorunun-gelecegi-500x276.jpg 500w, https:\/\/www.enerjigazetesi.ist\/wp-content\/uploads\/2015\/09\/2015-kuresel-elektrik-enerjisi-sektorunun-gelecegi-80x44.jpg 80w, https:\/\/www.enerjigazetesi.ist\/wp-content\/uploads\/2015\/09\/2015-kuresel-elektrik-enerjisi-sektorunun-gelecegi.jpg 696w\" sizes=\"(max-width: 300px) 100vw, 300px\" \/>baz\u0131nda 10 milyon liraya kadarl\u0131k k\u0131sm\u0131n\u0131 Ekonomi Bakanl\u0131\u011f\u0131 b\u00fct\u00e7esi kar\u015f\u0131layacak.<\/p>\n<p>Tebli\u011fe g\u00f6re; Ekonomi Bakanl\u0131\u011f\u0131 destekten yararlanmas\u0131 uygun g\u00f6r\u00fclenlere \u015eubat, May\u0131s, A\u011fustos ve Kas\u0131m aylar\u0131nda b\u00fct\u00e7e imkanlar\u0131 \u00e7er\u00e7evesinde \u00f6deme ger\u00e7ekle\u015ftirilecek. SGK prim ve idari para cezas\u0131 bulunan i\u015fletmeler enerji deste\u011finden yararlanamayacak. Ayr\u0131ca yap\u0131land\u0131r\u0131lm\u0131\u015f bor\u00e7 varsa taksitlendirmeye riayet edilmesi ve m\u00fcracaat tarihinden \u00f6nceki 15 g\u00fcn i\u00e7inde vadesi ge\u00e7mi\u015f amme alaca\u011f\u0131 borcunun bulunmamas\u0131 \u015fart\u0131 aranacak. Destek s\u00fcresi boyunca, \u00e7a\u011fr\u0131 merkezi yat\u0131r\u0131mlar\u0131nda istihdam 200 ki\u015finin alt\u0131na d\u00fc\u015ferse, veri merkezi yat\u0131r\u0131mlar\u0131nda belirlenen standartlar\u0131n sa\u011flanamad\u0131\u011f\u0131 tespit edilirse ve imalat sanayi yat\u0131r\u0131mlar\u0131nda asgari sabit yat\u0131r\u0131m tutarlar\u0131n\u0131n alt\u0131na d\u00fc\u015f\u00fcl\u00fcrse enerji deste\u011fi uygulamas\u0131na sonland\u0131r\u0131lacak.<\/p>","protected":false},"excerpt":{"rendered":"<p>Sorry, this entry is only available in Turkish. For the sake of viewer convenience, the content is shown below in the alternative language. You may click the link to switch the active language.Do\u011fu ve G\u00fcneydo\u011fu Anadolu\u2019daki 23 \u015fehirde uygulanacak Cazibe Merkezleri Program\u0131 kapsam\u0131nda enerji deste\u011fine ili\u015fkin usul ve esaslar belirlendi. Kapsamdaki illerde imalat sanayisi, \u00e7a\u011fr\u0131-veri [&hellip;]<\/p>\n","protected":false},"author":1,"featured_media":44528,"comment_status":"open","ping_status":"open","sticky":false,"template":"","format":"standard","meta":[],"categories":[51,53],"tags":[37171,68,34979,1229,36723,26353,546,67,1009],"views":507,"_links":{"self":[{"href":"https:\/\/www.enerjigazetesi.ist\/en\/wp-json\/wp\/v2\/posts\/72684"}],"collection":[{"href":"https:\/\/www.enerjigazetesi.ist\/en\/wp-json\/wp\/v2\/posts"}],"about":[{"href":"https:\/\/www.enerjigazetesi.ist\/en\/wp-json\/wp\/v2\/types\/post"}],"author":[{"embeddable":true,"href":"https:\/\/www.enerjigazetesi.ist\/en\/wp-json\/wp\/v2\/users\/1"}],"replies":[{"embeddable":true,"href":"https:\/\/www.enerjigazetesi.ist\/en\/wp-json\/wp\/v2\/comments?post=72684"}],"version-history":[{"count":1,"href":"https:\/\/www.enerjigazetesi.ist\/en\/wp-json\/wp\/v2\/posts\/72684\/revisions"}],"predecessor-version":[{"id":72685,"href":"https:\/\/www.enerjigazetesi.ist\/en\/wp-json\/wp\/v2\/posts\/72684\/revisions\/72685"}],"wp:featuredmedia":[{"embeddable":true,"href":"https:\/\/www.enerjigazetesi.ist\/en\/wp-json\/wp\/v2\/media\/44528"}],"wp:attachment":[{"href":"https:\/\/www.enerjigazetesi.ist\/en\/wp-json\/wp\/v2\/media?parent=72684"}],"wp:term":[{"taxonomy":"category","embeddable":true,"href":"https:\/\/www.enerjigazetesi.ist\/en\/wp-json\/wp\/v2\/categories?post=72684"},{"taxonomy":"post_tag","embeddable":true,"href":"https:\/\/www.enerjigazetesi.ist\/en\/wp-json\/wp\/v2\/tags?post=72684"}],"curies":[{"name":"wp","href":"https:\/\/api.w.org\/{rel}","templated":true}]}}