{"id":72671,"date":"2018-03-22T17:33:16","date_gmt":"2018-03-22T14:33:16","guid":{"rendered":"https:\/\/www.enerjigazetesi.ist\/?p=72671"},"modified":"2018-03-22T17:33:16","modified_gmt":"2018-03-22T14:33:16","slug":"kacakcilik-sorusturmasiyla-kapanan-istasyonlara-af-yok","status":"publish","type":"post","link":"https:\/\/www.enerjigazetesi.ist\/en\/kacakcilik-sorusturmasiyla-kapanan-istasyonlara-af-yok\/","title":{"rendered":"(Turkish) Ka\u00e7ak\u00e7\u0131l\u0131k Soru\u015fturmas\u0131yla Kapanan \u0130stasyonlara Af Yok!"},"content":{"rendered":"<p class=\"qtranxs-available-languages-message qtranxs-available-languages-message-en\">Sorry, this entry is only available in <a href=\"https:\/\/www.enerjigazetesi.ist\/tr\/wp-json\/wp\/v2\/posts\/72671\" class=\"qtranxs-available-language-link qtranxs-available-language-link-tr\" title=\"Turkish\">Turkish<\/a>. For the sake of viewer convenience, the content is shown below in the alternative language. You may click the link to switch the active language.<\/p><p><strong>Ge\u00e7mi\u015fte ka\u00e7ak\u00e7\u0131l\u0131k yapt\u0131\u011f\u0131 i\u00e7in faaliyetten men edilen akaryak\u0131t istasyonlar\u0131na af getiren yasa maddesinin Meclis Genel Kurulu&#8217;nda geri \u00e7ekilmesine Enerji Petrol Gaz \u0130kmal \u0130stasyonlar\u0131 \u0130\u015fveren Sendikas\u0131&#8217;ndan (EPG\u0130S)&#8217;ten \u00f6vg\u00fc ve destek geldi. EPG\u0130S Ba\u015fkan\u0131 Fesih Akta\u015f: &#8220;Tasar\u0131, Komisyon&#8217;da kabul edildi\u011fi \u015fekilde yasala\u015fsayd\u0131 kamu b\u00fcy\u00fck bir zarara u\u011frayacakt\u0131. Vergi ka\u00e7a\u011f\u0131yla m\u00fccadele konusundaki kararl\u0131l\u0131\u011fa da g\u00f6lge d\u00fc\u015fm\u00fc\u015f olacakt\u0131. S\u00f6z konusu maddeyi torba yasan\u0131n d\u0131\u015f\u0131nda b\u0131rakmaya karar veren H\u00fck\u00fcmetimizi, ba\u015fta Maliye Bakan\u0131m\u0131z Naci A\u011fbal olmak \u00fczere y\u00fcrekten kutluyoruz.&#8221;<\/strong><\/p>\n<p>Torba yasa kapsam\u0131nda TBMM Plan ve B\u00fct\u00e7e Komisyon\u2019unda kabul edilen madde, ka\u00e7ak akaryak\u0131t sat\u0131\u015f\u0131 yapt\u0131\u011f\u0131 i\u00e7in kapat\u0131lan istasyonlar\u0131n lisans\u0131n\u0131n devredilerek tekrar i\u015fletilmesine izin veriyordu. EPG\u0130S, <img loading=\"lazy\" class=\"alignright size-medium wp-image-72672\" src=\"https:\/\/www.enerjigazetesi.ist\/wp-content\/uploads\/2018\/03\/kacakcilik-sorusturmasiyla-kapanan-istasyonlara-af-yok-300x225.jpg\" alt=\"\" width=\"300\" height=\"225\" srcset=\"https:\/\/www.enerjigazetesi.ist\/wp-content\/uploads\/2018\/03\/kacakcilik-sorusturmasiyla-kapanan-istasyonlara-af-yok-300x225.jpg 300w, https:\/\/www.enerjigazetesi.ist\/wp-content\/uploads\/2018\/03\/kacakcilik-sorusturmasiyla-kapanan-istasyonlara-af-yok-768x577.jpg 768w, https:\/\/www.enerjigazetesi.ist\/wp-content\/uploads\/2018\/03\/kacakcilik-sorusturmasiyla-kapanan-istasyonlara-af-yok-1024x769.jpg 1024w, https:\/\/www.enerjigazetesi.ist\/wp-content\/uploads\/2018\/03\/kacakcilik-sorusturmasiyla-kapanan-istasyonlara-af-yok-500x376.jpg 500w, https:\/\/www.enerjigazetesi.ist\/wp-content\/uploads\/2018\/03\/kacakcilik-sorusturmasiyla-kapanan-istasyonlara-af-yok-67x50.jpg 67w, https:\/\/www.enerjigazetesi.ist\/wp-content\/uploads\/2018\/03\/kacakcilik-sorusturmasiyla-kapanan-istasyonlara-af-yok.jpg 1676w\" sizes=\"(max-width: 300px) 100vw, 300px\" \/>ka\u00e7ak\u00e7\u0131l\u0131k yap\u0131ld\u0131\u011f\u0131 gerek\u00e7esiyle m\u00fch\u00fcrlenen istasyonlar\u0131n yeniden faaliyete ge\u00e7irilmesinin \u00f6n\u00fcn\u00fc a\u00e7acak d\u00fczenlemeye tamamen kar\u015f\u0131 oldu\u011funu a\u00e7\u0131klayarak, tasar\u0131daki maddenin geri \u00e7ekilmesini talep etmi\u015fti. EPG\u0130S Ba\u015fkan\u0131 Fesih Akta\u015f, maddenin Komisyon&#8217;da kabul\u00fc sonras\u0131nda \u015fu uyar\u0131y\u0131 yapm\u0131\u015ft\u0131:<\/p>\n<p>\u201cBu afla hepimiz biliyoruz ki, m\u00fclk sahipleri istasyonlar\u0131n\u0131 tekrar, bilerek ve isteyerek yeni bir ka\u00e7ak\u00e7\u0131l\u0131k fiili i\u015fleyecek kirac\u0131 aday\u0131na, ayn\u0131 rakamlardan, hatta daha y\u00fcksek fiyatlardan istasyonlar\u0131n\u0131 kiraya verecektir. B\u00f6ylelikle ka\u00e7ak\u00e7\u0131l\u0131\u011fa zemin haz\u0131rlanacakt\u0131r. Ayr\u0131ca ceza kesilecek kiralayan firma s\u0131rra kadem basaca\u011f\u0131ndan bu cezan\u0131n tahsili asla ve asla m\u00fcmk\u00fcn olmayacakt\u0131r. Kamu her durumda zarar g\u00f6recektir.&#8221;<\/p>\n<p><strong>&#8220;KA\u00c7A\u011eA M\u00dcSAMAHA YOK&#8221;<\/strong><\/p>\n<p>EPG\u0130S&#8217;in \u00f6nc\u00fcl\u00fc\u011f\u00fcnde akaryak\u0131t sekt\u00f6r\u00fcnden y\u00fckselen itirazlar\u0131 dikkate alan H\u00fck\u00fcmet, torba yasan\u0131n son \u015feklinde ka\u00e7ak\u00e7\u0131l\u0131k yapt\u0131\u011f\u0131 i\u00e7in faaliyetten men edilen akaryak\u0131t istasyonlar\u0131na af getiren maddeye yer vermedi. EPG\u0130S Ba\u015fkan\u0131 Fesih Akta\u015f, maddenin geri \u00e7ekilmesi \u00fczerine yapt\u0131\u011f\u0131 a\u00e7\u0131klamada \u015f\u00f6yle dedi: &#8220;H\u00fck\u00fcmet, maddeye geri \u00e7ekerek vergi ka\u00e7ak\u00e7\u0131l\u0131\u011f\u0131na m\u00fcsamaha g\u00f6stermeyece\u011fini ilan etmi\u015ftir. Yasa, Komisyon&#8217;da kabul edildi\u011fi \u015fekilde yasala\u015fsayd\u0131 kamu b\u00fcy\u00fck bir zarara u\u011frayacakt\u0131. Vergi ka\u00e7a\u011f\u0131yla m\u00fccadele konusundaki kararl\u0131l\u0131\u011fa da g\u00f6lge d\u00fc\u015fm\u00fc\u015f olacakt\u0131. S\u00f6z konusu maddeyi torba yasan\u0131n d\u0131\u015f\u0131nda b\u0131rakmaya karar veren H\u00fck\u00fcmeti ve yetkilileri, ba\u015fta Maliye Bakan\u0131m\u0131z Naci A\u011fbal olmak \u00fczere kutluyoruz.&#8221;<\/p>","protected":false},"excerpt":{"rendered":"<p>Sorry, this entry is only available in Turkish. For the sake of viewer convenience, the content is shown below in the alternative language. You may click the link to switch the active language.Ge\u00e7mi\u015fte ka\u00e7ak\u00e7\u0131l\u0131k yapt\u0131\u011f\u0131 i\u00e7in faaliyetten men edilen akaryak\u0131t istasyonlar\u0131na af getiren yasa maddesinin Meclis Genel Kurulu&#8217;nda geri \u00e7ekilmesine Enerji Petrol Gaz \u0130kmal \u0130stasyonlar\u0131 [&hellip;]<\/p>\n","protected":false},"author":1,"featured_media":72672,"comment_status":"open","ping_status":"open","sticky":false,"template":"","format":"standard","meta":[],"categories":[53,44],"tags":[67,1009,34935,2388,34936],"views":1068,"_links":{"self":[{"href":"https:\/\/www.enerjigazetesi.ist\/en\/wp-json\/wp\/v2\/posts\/72671"}],"collection":[{"href":"https:\/\/www.enerjigazetesi.ist\/en\/wp-json\/wp\/v2\/posts"}],"about":[{"href":"https:\/\/www.enerjigazetesi.ist\/en\/wp-json\/wp\/v2\/types\/post"}],"author":[{"embeddable":true,"href":"https:\/\/www.enerjigazetesi.ist\/en\/wp-json\/wp\/v2\/users\/1"}],"replies":[{"embeddable":true,"href":"https:\/\/www.enerjigazetesi.ist\/en\/wp-json\/wp\/v2\/comments?post=72671"}],"version-history":[{"count":1,"href":"https:\/\/www.enerjigazetesi.ist\/en\/wp-json\/wp\/v2\/posts\/72671\/revisions"}],"predecessor-version":[{"id":72673,"href":"https:\/\/www.enerjigazetesi.ist\/en\/wp-json\/wp\/v2\/posts\/72671\/revisions\/72673"}],"wp:featuredmedia":[{"embeddable":true,"href":"https:\/\/www.enerjigazetesi.ist\/en\/wp-json\/wp\/v2\/media\/72672"}],"wp:attachment":[{"href":"https:\/\/www.enerjigazetesi.ist\/en\/wp-json\/wp\/v2\/media?parent=72671"}],"wp:term":[{"taxonomy":"category","embeddable":true,"href":"https:\/\/www.enerjigazetesi.ist\/en\/wp-json\/wp\/v2\/categories?post=72671"},{"taxonomy":"post_tag","embeddable":true,"href":"https:\/\/www.enerjigazetesi.ist\/en\/wp-json\/wp\/v2\/tags?post=72671"}],"curies":[{"name":"wp","href":"https:\/\/api.w.org\/{rel}","templated":true}]}}