{"id":72666,"date":"2018-03-22T10:51:06","date_gmt":"2018-03-22T07:51:06","guid":{"rendered":"https:\/\/www.enerjigazetesi.ist\/?p=72666"},"modified":"2018-03-22T10:51:32","modified_gmt":"2018-03-22T07:51:32","slug":"okul-catilari-gunes-enerjisi-sistemleriyle-dolup-tasacak","status":"publish","type":"post","link":"https:\/\/www.enerjigazetesi.ist\/en\/okul-catilari-gunes-enerjisi-sistemleriyle-dolup-tasacak\/","title":{"rendered":"(Turkish) Okul \u00c7at\u0131lar\u0131 G\u00fcne\u015f Enerjisi Sistemleriyle Dolup Ta\u015facak"},"content":{"rendered":"<p class=\"qtranxs-available-languages-message qtranxs-available-languages-message-en\">Sorry, this entry is only available in <a href=\"https:\/\/www.enerjigazetesi.ist\/tr\/wp-json\/wp\/v2\/posts\/72666\" class=\"qtranxs-available-language-link qtranxs-available-language-link-tr\" title=\"Turkish\">Turkish<\/a>. For the sake of viewer convenience, the content is shown below in the alternative language. You may click the link to switch the active language.<\/p><p><strong>H\u00fck\u00fcmetin, \u2018yerli ve milli enerji\u2019 seferberli\u011fi \u00e7er\u00e7evesinde, yenilenebilir enerjinin kamu kurumlar\u0131nda yayg\u0131n kullan\u0131m\u0131 i\u00e7in Milli E\u011fitim Bakanl\u0131\u011f\u0131 (MEB) harekete ge\u00e7ti.<\/strong><\/p>\n<p><span id=\"more-98858\"><\/span>Bakanl\u0131\u011f\u0131n ger\u00e7ekle\u015ftirece\u011fi \u2018Okullarda Yenilenebilir Enerji Projesi\u2019 kapsam\u0131nda, okul \u00e7at\u0131lar\u0131n\u0131 g\u00fcne\u015f enerjisi panelleriyle donatacak. Bu sayede okullar t\u00fcketti\u011fi enerjiyi \u00fcretebilecek teknolojiyle donat\u0131lacak. <img loading=\"lazy\" class=\"alignright size-medium wp-image-72667\" src=\"https:\/\/www.enerjigazetesi.ist\/wp-content\/uploads\/2018\/03\/okul-catilari-gunes-enerjisi-sistemleriyle-dolup-tasacak-300x169.jpg\" alt=\"\" width=\"300\" height=\"169\" srcset=\"https:\/\/www.enerjigazetesi.ist\/wp-content\/uploads\/2018\/03\/okul-catilari-gunes-enerjisi-sistemleriyle-dolup-tasacak-300x169.jpg 300w, https:\/\/www.enerjigazetesi.ist\/wp-content\/uploads\/2018\/03\/okul-catilari-gunes-enerjisi-sistemleriyle-dolup-tasacak-500x282.jpg 500w, https:\/\/www.enerjigazetesi.ist\/wp-content\/uploads\/2018\/03\/okul-catilari-gunes-enerjisi-sistemleriyle-dolup-tasacak-80x45.jpg 80w, https:\/\/www.enerjigazetesi.ist\/wp-content\/uploads\/2018\/03\/okul-catilari-gunes-enerjisi-sistemleriyle-dolup-tasacak.jpg 696w\" sizes=\"(max-width: 300px) 100vw, 300px\" \/>MEB, Avrupa Birli\u011fi\u2019nin FRiT Fonu b\u00fcnyesinde G\u00fcne\u015f Enerjisi Santrali Kurulmas\u0131 Hibe Program\u0131 kapsam\u0131nda, Alman Kalk\u0131nma Bankas\u0131 ile protokol ger\u00e7ekle\u015ftirdi.<\/p>\n<p>Bu \u00e7er\u00e7evede, 120 okulun \u00e7at\u0131s\u0131na 50KW\u2019l\u0131k G\u00fcne\u015f Enerjisi Paneli kurulumu ger\u00e7ekle\u015ftirilecek. Proje tamamland\u0131\u011f\u0131nda, toplamda 20 MW g\u00fcce sahip G\u00fcne\u015f Enerji Santrali\u2019ne kavu\u015fulacak. Y\u0131ll\u0131k toplam enerji \u00fcretimi 30 milyon 556 bin kWh olacak. Projeyle y\u0131ll\u0131k 10 milyon 694 bin TL kazan\u00e7 sa\u011flanacak. Projenin toplam maliyetinin 40 milyon euroyu bulmas\u0131 planlan\u0131yor.<\/p>","protected":false},"excerpt":{"rendered":"<p>Sorry, this entry is only available in Turkish. For the sake of viewer convenience, the content is shown below in the alternative language. You may click the link to switch the active language.H\u00fck\u00fcmetin, \u2018yerli ve milli enerji\u2019 seferberli\u011fi \u00e7er\u00e7evesinde, yenilenebilir enerjinin kamu kurumlar\u0131nda yayg\u0131n kullan\u0131m\u0131 i\u00e7in Milli E\u011fitim Bakanl\u0131\u011f\u0131 (MEB) harekete ge\u00e7ti. Bakanl\u0131\u011f\u0131n ger\u00e7ekle\u015ftirece\u011fi \u2018Okullarda [&hellip;]<\/p>\n","protected":false},"author":1,"featured_media":72667,"comment_status":"open","ping_status":"open","sticky":false,"template":"","format":"standard","meta":[],"categories":[53,49],"tags":[67,1009,148,13,23416,1876,142,23131,37170,105],"views":1659,"_links":{"self":[{"href":"https:\/\/www.enerjigazetesi.ist\/en\/wp-json\/wp\/v2\/posts\/72666"}],"collection":[{"href":"https:\/\/www.enerjigazetesi.ist\/en\/wp-json\/wp\/v2\/posts"}],"about":[{"href":"https:\/\/www.enerjigazetesi.ist\/en\/wp-json\/wp\/v2\/types\/post"}],"author":[{"embeddable":true,"href":"https:\/\/www.enerjigazetesi.ist\/en\/wp-json\/wp\/v2\/users\/1"}],"replies":[{"embeddable":true,"href":"https:\/\/www.enerjigazetesi.ist\/en\/wp-json\/wp\/v2\/comments?post=72666"}],"version-history":[{"count":1,"href":"https:\/\/www.enerjigazetesi.ist\/en\/wp-json\/wp\/v2\/posts\/72666\/revisions"}],"predecessor-version":[{"id":72668,"href":"https:\/\/www.enerjigazetesi.ist\/en\/wp-json\/wp\/v2\/posts\/72666\/revisions\/72668"}],"wp:featuredmedia":[{"embeddable":true,"href":"https:\/\/www.enerjigazetesi.ist\/en\/wp-json\/wp\/v2\/media\/72667"}],"wp:attachment":[{"href":"https:\/\/www.enerjigazetesi.ist\/en\/wp-json\/wp\/v2\/media?parent=72666"}],"wp:term":[{"taxonomy":"category","embeddable":true,"href":"https:\/\/www.enerjigazetesi.ist\/en\/wp-json\/wp\/v2\/categories?post=72666"},{"taxonomy":"post_tag","embeddable":true,"href":"https:\/\/www.enerjigazetesi.ist\/en\/wp-json\/wp\/v2\/tags?post=72666"}],"curies":[{"name":"wp","href":"https:\/\/api.w.org\/{rel}","templated":true}]}}