{"id":72659,"date":"2018-03-22T10:34:59","date_gmt":"2018-03-22T07:34:59","guid":{"rendered":"https:\/\/www.enerjigazetesi.ist\/?p=72659"},"modified":"2018-03-22T10:34:59","modified_gmt":"2018-03-22T07:34:59","slug":"cinde-enerji-tuketimi-gectigimiz-yila-gore-yuzde-2-artis-gosterdi","status":"publish","type":"post","link":"https:\/\/www.enerjigazetesi.ist\/en\/cinde-enerji-tuketimi-gectigimiz-yila-gore-yuzde-2-artis-gosterdi\/","title":{"rendered":"(Turkish) \u00c7in\u2019de Enerji T\u00fcketimi Ge\u00e7ti\u011fimiz Y\u0131la G\u00f6re Y\u00fczde 2 Art\u0131\u015f G\u00f6sterdi"},"content":{"rendered":"<p class=\"qtranxs-available-languages-message qtranxs-available-languages-message-en\">Sorry, this entry is only available in <a href=\"https:\/\/www.enerjigazetesi.ist\/tr\/wp-json\/wp\/v2\/posts\/72659\" class=\"qtranxs-available-language-link qtranxs-available-language-link-tr\" title=\"Turkish\">Turkish<\/a>. For the sake of viewer convenience, the content is shown below in the alternative language. You may click the link to switch the active language.<\/p><p><strong><span id=\"more-98853\"><img loading=\"lazy\" class=\"size-medium wp-image-72660 alignright\" src=\"https:\/\/www.enerjigazetesi.ist\/wp-content\/uploads\/2018\/03\/cin-2016-enerji-tuketimi-300x163.jpg\" alt=\"\" width=\"300\" height=\"163\" srcset=\"https:\/\/www.enerjigazetesi.ist\/wp-content\/uploads\/2018\/03\/cin-2016-enerji-tuketimi-300x163.jpg 300w, https:\/\/www.enerjigazetesi.ist\/wp-content\/uploads\/2018\/03\/cin-2016-enerji-tuketimi-80x43.jpg 80w, https:\/\/www.enerjigazetesi.ist\/wp-content\/uploads\/2018\/03\/cin-2016-enerji-tuketimi.jpg 460w\" sizes=\"(max-width: 300px) 100vw, 300px\" \/><\/span><\/strong><\/p>\n<p><strong>\u00c7in Ulusal Enerji B\u00fcrosu verilerine g\u00f6re, enerji t\u00fcketimi \u015fubat ay\u0131nda ge\u00e7en y\u0131l\u0131n ayn\u0131\u00a0ay\u0131na g\u00f6re y\u00fczde 2 artarak 455,7 milyar kWh olarak ger\u00e7ekle\u015fti.<\/strong><\/p>\n<p>Ocak-\u015fubat d\u00f6neminde ise enerji t\u00fcketiminde art\u0131\u015f y\u00fczde 13,3\u2019e ula\u015ft\u0131. \u015eubat ay\u0131nda sanayide kullan\u0131lan enerji miktar\u0131 ge\u00e7en y\u0131l\u0131n ayn\u0131 ay\u0131na g\u00f6re y\u00fczde 4,5 d\u00fc\u015f\u00fc\u015f g\u00f6sterdi.<\/p>\n<p>\u00c7in\u2019in kurulu enerji \u00fcretim kapasitesi ise \u015fubat sonunda ge\u00e7en y\u0131l\u0131n ayn\u0131 d\u00f6nemine g\u00f6re y\u00fczde 6,3 artt\u0131.<\/p>","protected":false},"excerpt":{"rendered":"<p>Sorry, this entry is only available in Turkish. For the sake of viewer convenience, the content is shown below in the alternative language. You may click the link to switch the active language. \u00c7in Ulusal Enerji B\u00fcrosu verilerine g\u00f6re, enerji t\u00fcketimi \u015fubat ay\u0131nda ge\u00e7en y\u0131l\u0131n ayn\u0131\u00a0ay\u0131na g\u00f6re y\u00fczde 2 artarak 455,7 milyar kWh olarak ger\u00e7ekle\u015fti. [&hellip;]<\/p>\n","protected":false},"author":1,"featured_media":72660,"comment_status":"open","ping_status":"open","sticky":false,"template":"","format":"standard","meta":[],"categories":[53],"tags":[886,37168,37169,33830,63,67,1009],"views":463,"_links":{"self":[{"href":"https:\/\/www.enerjigazetesi.ist\/en\/wp-json\/wp\/v2\/posts\/72659"}],"collection":[{"href":"https:\/\/www.enerjigazetesi.ist\/en\/wp-json\/wp\/v2\/posts"}],"about":[{"href":"https:\/\/www.enerjigazetesi.ist\/en\/wp-json\/wp\/v2\/types\/post"}],"author":[{"embeddable":true,"href":"https:\/\/www.enerjigazetesi.ist\/en\/wp-json\/wp\/v2\/users\/1"}],"replies":[{"embeddable":true,"href":"https:\/\/www.enerjigazetesi.ist\/en\/wp-json\/wp\/v2\/comments?post=72659"}],"version-history":[{"count":1,"href":"https:\/\/www.enerjigazetesi.ist\/en\/wp-json\/wp\/v2\/posts\/72659\/revisions"}],"predecessor-version":[{"id":72661,"href":"https:\/\/www.enerjigazetesi.ist\/en\/wp-json\/wp\/v2\/posts\/72659\/revisions\/72661"}],"wp:featuredmedia":[{"embeddable":true,"href":"https:\/\/www.enerjigazetesi.ist\/en\/wp-json\/wp\/v2\/media\/72660"}],"wp:attachment":[{"href":"https:\/\/www.enerjigazetesi.ist\/en\/wp-json\/wp\/v2\/media?parent=72659"}],"wp:term":[{"taxonomy":"category","embeddable":true,"href":"https:\/\/www.enerjigazetesi.ist\/en\/wp-json\/wp\/v2\/categories?post=72659"},{"taxonomy":"post_tag","embeddable":true,"href":"https:\/\/www.enerjigazetesi.ist\/en\/wp-json\/wp\/v2\/tags?post=72659"}],"curies":[{"name":"wp","href":"https:\/\/api.w.org\/{rel}","templated":true}]}}