{"id":72635,"date":"2018-03-21T14:17:57","date_gmt":"2018-03-21T11:17:57","guid":{"rendered":"https:\/\/www.enerjigazetesi.ist\/?p=72635"},"modified":"2018-03-21T14:17:57","modified_gmt":"2018-03-21T11:17:57","slug":"guney-korenin-iklim-politikasi-akaryakit-ithalatinda-patlama-yaratti","status":"publish","type":"post","link":"https:\/\/www.enerjigazetesi.ist\/en\/guney-korenin-iklim-politikasi-akaryakit-ithalatinda-patlama-yaratti\/","title":{"rendered":"(Turkish) G\u00fcney Kore\u2019nin \u0130klim Politikas\u0131 Akaryak\u0131t \u0130thalat\u0131nda Patlama Yaratt\u0131"},"content":{"rendered":"<p class=\"qtranxs-available-languages-message qtranxs-available-languages-message-en\">Sorry, this entry is only available in <a href=\"https:\/\/www.enerjigazetesi.ist\/tr\/wp-json\/wp\/v2\/posts\/72635\" class=\"qtranxs-available-language-link qtranxs-available-language-link-tr\" title=\"Turkish\">Turkish<\/a>. For the sake of viewer convenience, the content is shown below in the alternative language. You may click the link to switch the active language.<\/p><p><strong>G\u00fcney Kore\u2019nin hava kirlili\u011fi ile m\u00fccadele i\u00e7in k\u00f6m\u00fcr santrallerinin \u00fcretimlerini durdurma karar\u0131 n\u00fckleer reakt\u00f6rlerin planl\u0131 bak\u0131mlar\u0131 ile ayn\u0131 zamana denk gelerek \u015firketlerin elektrik talebini kar\u015f\u0131lamak i\u00e7in kirli hammaddelerine y\u00f6nelmesine ve akaryak\u0131t ithalat\u0131nda patlamaya neden oldu. <\/strong><\/p>\n<p><img loading=\"lazy\" class=\"alignleft size-medium wp-image-72636\" src=\"https:\/\/www.enerjigazetesi.ist\/wp-content\/uploads\/2018\/03\/guney-korenin-iklim-politikasi-akaryakit-ithalatinda-patlama-yaratti-300x172.jpg\" alt=\"\" width=\"300\" height=\"172\" srcset=\"https:\/\/www.enerjigazetesi.ist\/wp-content\/uploads\/2018\/03\/guney-korenin-iklim-politikasi-akaryakit-ithalatinda-patlama-yaratti-300x172.jpg 300w, https:\/\/www.enerjigazetesi.ist\/wp-content\/uploads\/2018\/03\/guney-korenin-iklim-politikasi-akaryakit-ithalatinda-patlama-yaratti-500x286.jpg 500w, https:\/\/www.enerjigazetesi.ist\/wp-content\/uploads\/2018\/03\/guney-korenin-iklim-politikasi-akaryakit-ithalatinda-patlama-yaratti-80x46.jpg 80w, https:\/\/www.enerjigazetesi.ist\/wp-content\/uploads\/2018\/03\/guney-korenin-iklim-politikasi-akaryakit-ithalatinda-patlama-yaratti.jpg 720w\" sizes=\"(max-width: 300px) 100vw, 300px\" \/>So\u011fuk k\u0131\u015f\u0131n da etkisiyle artan elektrik ve \u0131s\u0131nma talebi \u015firketlerin bu talebi kar\u015f\u0131lamak i\u00e7in daha fazla yak\u0131t yakmas\u0131na neden oldu. K\u00f6m\u00fcr yak\u0131tl\u0131 \u00fcretim kapasitesindeki d\u00fc\u015f\u00fc\u015f\u00fc telafi etmek i\u00e7in k\u0131sa vadede akaryak\u0131t ithalat\u0131n\u0131n artmas\u0131 beklenirken, G\u00fcney Kore\u2019nin, akaryak\u0131t al\u0131mlar\u0131ndaki bu art\u0131\u015fla bile, n\u00fckleer santrallerin yakla\u015f\u0131k yar\u0131s\u0131n\u0131n bak\u0131ma girmesi nedeniyle di\u011fer yak\u0131tlar\u0131n ithalat\u0131nda da y\u00fckselmeye gitmesi bekleniyor.<\/p>\n<p>LNG\u2019yi yak\u0131ttaki bu bo\u015flu\u011fu dolduracak en muhtemel se\u00e7enek olarak \u00f6ne \u00e7\u0131kar\u0131yor. Thomson Reuters Eikon verilerine g\u00f6re, \u00fclkenin LNG sevkiyatlar\u0131, ge\u00e7en y\u0131l\u0131n ilk \u00e7eyre\u011fine g\u00f6re %1,5 art\u0131\u015fla 14 Ocak ve 14 Mart aras\u0131nda yakla\u015f\u0131k 12 milyon tona ula\u015ft\u0131.<\/p>\n<p><a href=\"https:\/\/www.reuters.com\/article\/us-southkorea-power-fueloil-coal\/south-korea-fuel-oil-imports-soar-as-coal-nuclear-plants-shut-idUSKCN1GQ13U\"><em>Reuters<\/em><\/a><\/p>","protected":false},"excerpt":{"rendered":"<p>Sorry, this entry is only available in Turkish. For the sake of viewer convenience, the content is shown below in the alternative language. You may click the link to switch the active language.G\u00fcney Kore\u2019nin hava kirlili\u011fi ile m\u00fccadele i\u00e7in k\u00f6m\u00fcr santrallerinin \u00fcretimlerini durdurma karar\u0131 n\u00fckleer reakt\u00f6rlerin planl\u0131 bak\u0131mlar\u0131 ile ayn\u0131 zamana denk gelerek \u015firketlerin elektrik [&hellip;]<\/p>\n","protected":false},"author":1,"featured_media":72636,"comment_status":"open","ping_status":"open","sticky":false,"template":"","format":"standard","meta":[],"categories":[53,44],"tags":[4802,67,1009,5363,27289,34935,2388,34936],"views":1147,"_links":{"self":[{"href":"https:\/\/www.enerjigazetesi.ist\/en\/wp-json\/wp\/v2\/posts\/72635"}],"collection":[{"href":"https:\/\/www.enerjigazetesi.ist\/en\/wp-json\/wp\/v2\/posts"}],"about":[{"href":"https:\/\/www.enerjigazetesi.ist\/en\/wp-json\/wp\/v2\/types\/post"}],"author":[{"embeddable":true,"href":"https:\/\/www.enerjigazetesi.ist\/en\/wp-json\/wp\/v2\/users\/1"}],"replies":[{"embeddable":true,"href":"https:\/\/www.enerjigazetesi.ist\/en\/wp-json\/wp\/v2\/comments?post=72635"}],"version-history":[{"count":1,"href":"https:\/\/www.enerjigazetesi.ist\/en\/wp-json\/wp\/v2\/posts\/72635\/revisions"}],"predecessor-version":[{"id":72637,"href":"https:\/\/www.enerjigazetesi.ist\/en\/wp-json\/wp\/v2\/posts\/72635\/revisions\/72637"}],"wp:featuredmedia":[{"embeddable":true,"href":"https:\/\/www.enerjigazetesi.ist\/en\/wp-json\/wp\/v2\/media\/72636"}],"wp:attachment":[{"href":"https:\/\/www.enerjigazetesi.ist\/en\/wp-json\/wp\/v2\/media?parent=72635"}],"wp:term":[{"taxonomy":"category","embeddable":true,"href":"https:\/\/www.enerjigazetesi.ist\/en\/wp-json\/wp\/v2\/categories?post=72635"},{"taxonomy":"post_tag","embeddable":true,"href":"https:\/\/www.enerjigazetesi.ist\/en\/wp-json\/wp\/v2\/tags?post=72635"}],"curies":[{"name":"wp","href":"https:\/\/api.w.org\/{rel}","templated":true}]}}