{"id":72600,"date":"2018-03-20T14:08:42","date_gmt":"2018-03-20T11:08:42","guid":{"rendered":"https:\/\/www.enerjigazetesi.ist\/?p=72600"},"modified":"2018-03-20T14:08:42","modified_gmt":"2018-03-20T11:08:42","slug":"2030-yilinda-gunes-enerjisi-sektorunde-300-bin-kisiye-istihdam-saglanabilir","status":"publish","type":"post","link":"https:\/\/www.enerjigazetesi.ist\/en\/2030-yilinda-gunes-enerjisi-sektorunde-300-bin-kisiye-istihdam-saglanabilir\/","title":{"rendered":"(Turkish) \u201c2030 Y\u0131l\u0131nda G\u00fcne\u015f Enerjisi Sekt\u00f6r\u00fcnde 300 Bin Ki\u015fiye \u0130stihdam Sa\u011flanabilir\u201d"},"content":{"rendered":"<p class=\"qtranxs-available-languages-message qtranxs-available-languages-message-en\">Sorry, this entry is only available in <a href=\"https:\/\/www.enerjigazetesi.ist\/tr\/wp-json\/wp\/v2\/posts\/72600\" class=\"qtranxs-available-language-link qtranxs-available-language-link-tr\" title=\"Turkish\">Turkish<\/a>. For the sake of viewer convenience, the content is shown below in the alternative language. You may click the link to switch the active language.<\/p><p><strong>Elektrik ve Elektronik \u015firketi olarak bilinen Tun\u00e7matik\u2019in Y\u00f6netim Kurulu Ba\u015fkan\u0131 Mehmet \u00d6zer a\u00e7\u0131klamalarda bulunarak, \u00fclke genelinde g\u00fcne\u015f enerjisi konusunda b\u00fcy\u00fck oranda bir bilgi ve birikimin var oldu\u011funun vurgusunu yapt\u0131.<\/strong><\/p>\n<p>Yapt\u0131\u011f\u0131 a\u00e7\u0131klamada, planlar\u0131n yap\u0131lmas\u0131 halinde 2030 senesinde sadece g\u00fcne\u015fte 300 bin ki\u015fiden olu\u015fan istihdam sa\u011flanabilece\u011fini d\u00fc\u015f\u00fcnd\u00fcklerine vurgu yapan \u00d6zer, b\u00f6ylelikle g\u00fcne\u015fin en b\u00fcy\u00fck i\u015fveren <img loading=\"lazy\" class=\"alignright size-medium wp-image-44452\" src=\"https:\/\/www.enerjigazetesi.ist\/wp-content\/uploads\/2015\/09\/gunes-paneli-maliyetleri-yuzde-40-azalacak-300x110.jpg\" alt=\"\" width=\"300\" height=\"110\" srcset=\"https:\/\/www.enerjigazetesi.ist\/wp-content\/uploads\/2015\/09\/gunes-paneli-maliyetleri-yuzde-40-azalacak-300x110.jpg 300w, https:\/\/www.enerjigazetesi.ist\/wp-content\/uploads\/2015\/09\/gunes-paneli-maliyetleri-yuzde-40-azalacak-1024x377.jpg 1024w, https:\/\/www.enerjigazetesi.ist\/wp-content\/uploads\/2015\/09\/gunes-paneli-maliyetleri-yuzde-40-azalacak-500x184.jpg 500w, https:\/\/www.enerjigazetesi.ist\/wp-content\/uploads\/2015\/09\/gunes-paneli-maliyetleri-yuzde-40-azalacak-80x29.jpg 80w, https:\/\/www.enerjigazetesi.ist\/wp-content\/uploads\/2015\/09\/gunes-paneli-maliyetleri-yuzde-40-azalacak.jpg 1900w\" sizes=\"(max-width: 300px) 100vw, 300px\" \/>sekt\u00f6r\u00fc konumuna gelece\u011fini de dile getirdi.<\/p>\n<p>Yat\u0131r\u0131mc\u0131lar\u0131n \u00f6n\u00fcne \u00e7\u0131kan engeller olmas\u0131na ra\u011fmen, ge\u00e7en sene i\u00e7erisinde g\u00fcne\u015f enerjisi alan\u0131nda \u00f6nemli bir ilerleme g\u00f6zlemlendi\u011fine dikkatleri \u00e7eken \u00d6zer, Tun\u00e7matik olarak U\u015fak\u2019ta, Milas\u2019ta, Ankara\u2019da, Elaz\u0131\u011f\u2019da, Afyon\u2019da ve Mersin\u2019de lisanss\u0131z g\u00fcne\u015f enerjisi alan\u0131na 73 milyon dolarl\u0131k yat\u0131r\u0131m ger\u00e7ekle\u015ftirdiklerini ifade etti.<\/p>\n<p>\u00d6zer ayr\u0131ca, T\u00fcrkiye genelinde \u015fu anda 30 g\u00fcne\u015f paneli \u00fcreticisi bulundu\u011funu fakat sekt\u00f6rdeki daralma y\u00fcz\u00fcnden \u00f6n\u00fcm\u00fczdeki sene i\u00e7erisinde s\u00f6z konusu \u00fcreticilerin bir \u00e7o\u011funun sekt\u00f6rden \u00e7\u0131kabilece\u011fini bildiren \u00d6zer, bu \u00fcreticilerin kapasitesinin \u00fclkedeki panel talebinin 20 kat\u0131 b\u00fcy\u00fckl\u00fc\u011f\u00fcnde oldu\u011funun da bilgisini verdi.<\/p>","protected":false},"excerpt":{"rendered":"<p>Sorry, this entry is only available in Turkish. For the sake of viewer convenience, the content is shown below in the alternative language. You may click the link to switch the active language.Elektrik ve Elektronik \u015firketi olarak bilinen Tun\u00e7matik\u2019in Y\u00f6netim Kurulu Ba\u015fkan\u0131 Mehmet \u00d6zer a\u00e7\u0131klamalarda bulunarak, \u00fclke genelinde g\u00fcne\u015f enerjisi konusunda b\u00fcy\u00fck oranda bir bilgi [&hellip;]<\/p>\n","protected":false},"author":1,"featured_media":44452,"comment_status":"open","ping_status":"open","sticky":false,"template":"","format":"standard","meta":[],"categories":[53,49],"tags":[37154,67,1009,532,13,23416,2569,142,23131,2833,12476,105],"views":885,"_links":{"self":[{"href":"https:\/\/www.enerjigazetesi.ist\/en\/wp-json\/wp\/v2\/posts\/72600"}],"collection":[{"href":"https:\/\/www.enerjigazetesi.ist\/en\/wp-json\/wp\/v2\/posts"}],"about":[{"href":"https:\/\/www.enerjigazetesi.ist\/en\/wp-json\/wp\/v2\/types\/post"}],"author":[{"embeddable":true,"href":"https:\/\/www.enerjigazetesi.ist\/en\/wp-json\/wp\/v2\/users\/1"}],"replies":[{"embeddable":true,"href":"https:\/\/www.enerjigazetesi.ist\/en\/wp-json\/wp\/v2\/comments?post=72600"}],"version-history":[{"count":1,"href":"https:\/\/www.enerjigazetesi.ist\/en\/wp-json\/wp\/v2\/posts\/72600\/revisions"}],"predecessor-version":[{"id":72601,"href":"https:\/\/www.enerjigazetesi.ist\/en\/wp-json\/wp\/v2\/posts\/72600\/revisions\/72601"}],"wp:featuredmedia":[{"embeddable":true,"href":"https:\/\/www.enerjigazetesi.ist\/en\/wp-json\/wp\/v2\/media\/44452"}],"wp:attachment":[{"href":"https:\/\/www.enerjigazetesi.ist\/en\/wp-json\/wp\/v2\/media?parent=72600"}],"wp:term":[{"taxonomy":"category","embeddable":true,"href":"https:\/\/www.enerjigazetesi.ist\/en\/wp-json\/wp\/v2\/categories?post=72600"},{"taxonomy":"post_tag","embeddable":true,"href":"https:\/\/www.enerjigazetesi.ist\/en\/wp-json\/wp\/v2\/tags?post=72600"}],"curies":[{"name":"wp","href":"https:\/\/api.w.org\/{rel}","templated":true}]}}