{"id":72581,"date":"2018-03-19T16:09:43","date_gmt":"2018-03-19T13:09:43","guid":{"rendered":"https:\/\/www.enerjigazetesi.ist\/?p=72581"},"modified":"2018-03-19T16:10:18","modified_gmt":"2018-03-19T13:10:18","slug":"sisecam-duzcam-avrasya-cam-fuarinda-ileri-teknolojiyle-uretilen-yeni-urunler","status":"publish","type":"post","link":"https:\/\/www.enerjigazetesi.ist\/en\/sisecam-duzcam-avrasya-cam-fuarinda-ileri-teknolojiyle-uretilen-yeni-urunler\/","title":{"rendered":"(Turkish) \u015ei\u015fecam D\u00fczcam&#8217;dan \u2018Avrasya Cam Fuar\u0131\u2019nda \u0130leri Teknoloji Yeni \u00dcr\u00fcnler!"},"content":{"rendered":"<p class=\"qtranxs-available-languages-message qtranxs-available-languages-message-en\">Sorry, this entry is only available in <a href=\"https:\/\/www.enerjigazetesi.ist\/tr\/wp-json\/wp\/v2\/posts\/72581\" class=\"qtranxs-available-language-link qtranxs-available-language-link-tr\" title=\"Turkish\">Turkish<\/a>. For the sake of viewer convenience, the content is shown below in the alternative language. You may click the link to switch the active language.<\/p><p><strong>T\u00fcrkiye d\u00fczcam pazar\u0131n\u0131n lideri ve Avrupa\u2019n\u0131n en b\u00fcy\u00fck \u00fcreticisi \u015ei\u015fecam D\u00fczcam, ileri teknoloji \u00fcr\u00fcnleriyle \u2018Avrasya Cam 2018 Fuar\u0131\u2019nda yerini ald\u0131. \u015ei\u015fecam D\u00fczcam, 7-10 Mart tarihleri aras\u0131nda Beylikd\u00fcz\u00fc T\u00dcYAP Fuar ve Kongre Merkezi\u2019nde d\u00fczenlenen Avrasya B\u00f6lgesi\u2019nin en \u00f6nemli cam end\u00fcstrisi fuar\u0131nda sergiledi\u011fi yenilik\u00e7i \u00fcr\u00fcnleriyle ziyaret\u00e7ilerden b\u00fcy\u00fck ilgi g\u00f6rd\u00fc.<\/strong><\/p>\n<p>Cam sekt\u00f6r\u00fcn\u00fcn global oyuncusu \u015ei\u015fecam Toplulu\u011fu b\u00fcnyesinde faaliyet g\u00f6steren \u015ei\u015fecam D\u00fczcam, 7-10 Mart tarihleri aras\u0131nda Beylikd\u00fcz\u00fc T\u00dcYAP Fuar ve Kongre Merkezi\u2019nde d\u00fczenlenen ve Avrasya <img loading=\"lazy\" class=\"alignright size-medium wp-image-72582\" src=\"https:\/\/www.enerjigazetesi.ist\/wp-content\/uploads\/2018\/03\/sisecam-duzcam-avrasya-cam-fuarinda-ileri-teknolojiyle-uretilen-yeni-urunler-300x225.jpg\" alt=\"\" width=\"300\" height=\"225\" srcset=\"https:\/\/www.enerjigazetesi.ist\/wp-content\/uploads\/2018\/03\/sisecam-duzcam-avrasya-cam-fuarinda-ileri-teknolojiyle-uretilen-yeni-urunler-300x225.jpg 300w, https:\/\/www.enerjigazetesi.ist\/wp-content\/uploads\/2018\/03\/sisecam-duzcam-avrasya-cam-fuarinda-ileri-teknolojiyle-uretilen-yeni-urunler-500x375.jpg 500w, https:\/\/www.enerjigazetesi.ist\/wp-content\/uploads\/2018\/03\/sisecam-duzcam-avrasya-cam-fuarinda-ileri-teknolojiyle-uretilen-yeni-urunler-67x50.jpg 67w, https:\/\/www.enerjigazetesi.ist\/wp-content\/uploads\/2018\/03\/sisecam-duzcam-avrasya-cam-fuarinda-ileri-teknolojiyle-uretilen-yeni-urunler.jpg 504w\" sizes=\"(max-width: 300px) 100vw, 300px\" \/>B\u00f6lgesi\u2019nin en \u00f6nemli cam end\u00fcstrisi fuar\u0131 olan \u2018Avrasya Cam 2018 Fuar\u0131\u2019ndaki yerini ald\u0131. Fuarda, 156 metrekarelik \u00f6zel dekorasyonlu stand\u0131nda ileri teknoloji \u00fcr\u00fcnlerini sergileyen \u015ei\u015fecam D\u00fczcam, \u00fcr\u00fcn geli\u015ftirme ve Ar-Ge \u00e7al\u0131\u015fmalar\u0131ndaki uzmanl\u0131\u011f\u0131n\u0131 bir kez daha g\u00f6zler \u00f6n\u00fcne sererken fuar ziyaret\u00e7ilerine enerji tasarrufu, emniyet ve g\u00fcvenlik, g\u00fcr\u00fclt\u00fc kontrol\u00fc sa\u011flayan ve dekorasyon kullan\u0131m\u0131na y\u00f6nelik en yeni \u00fcr\u00fcnleri hakk\u0131nda bilgiler verdi.<\/p>\n<p>\u015ei\u015fecam D\u00fczcam fuarda, mimari cam pazar\u0131na y\u00f6nelik geli\u015ftirdi\u011fi, etkin \u0131s\u0131 yal\u0131t\u0131m\u0131 ve g\u00fcne\u015f kontrol\u00fc sa\u011flayan y\u00fcksek performansl\u0131 d\u00f6rt yeni temperlenebilir Solar Low-E \u00fcr\u00fcn\u00fcn\u00fc sergiledi:<\/p>\n<p>Y\u00fcksek \u0131\u015f\u0131k ge\u00e7irgenli\u011fine sahip \u00e7ift g\u00fcm\u00fc\u015fl\u00fc \u201c\u015ei\u015fecam Temperlenebilir Solar Low-E Cam N\u00f6tral 70\/37\u201d \u00fcr\u00fcn\u00fc n\u00f6tral g\u00f6r\u00fcn\u00fcm\u00fcn ve d\u00fc\u015f\u00fck yans\u0131tman\u0131n \u00f6n plana \u00e7\u0131kt\u0131\u011f\u0131 konut, rezidans, villa ve ma\u011faza vitrin camlar\u0131nda tercih edilir.<\/p>\n<p>%50 \u0131\u015f\u0131k ge\u00e7irgenli\u011fine sahip \u00e7ift g\u00fcm\u00fc\u015fl\u00fc \u201c\u015ei\u015fecam Temperlenebilir Solar Low-E Cam N\u00f6tral 50\/27\u201d i\u00e7eriden bak\u0131ld\u0131\u011f\u0131nda \u015feffafl\u0131\u011f\u0131n\/n\u00f6tralli\u011fin \u00f6n planda olu\u011fu ama cephede mavi renk etkisinin olmas\u0131 istenen ofis, hastane ve otel projelerine \u00e7\u00f6z\u00fcmler sunar.<\/p>\n<p>\u201c\u015ei\u015fecam Temperlenebilir Solar Low-E Cam N\u00f6tral 51\/28\u201d ise N\u00f6tral 50\/27 ile ayn\u0131 \u00f6zelliklere sahip olup, d\u0131\u015far\u0131dan bak\u0131ld\u0131\u011f\u0131nda cephede ye\u015fil renk etkisi yarat\u0131r.<\/p>\n<p>Renksiz cam \u00fczerine yap\u0131lan kaplama ile renklendirilen \u201c\u015ei\u015fecam Temperlenebilir Solar Low-E Cam Derin Mavi 40\/28\u201d ise, kontroll\u00fc g\u00fcn \u0131\u015f\u0131\u011f\u0131 ve daha etkin g\u00fcne\u015f kontrol\u00fcn\u00fcn \u00f6n plana \u00e7\u0131kt\u0131\u011f\u0131 s\u0131cak iklim b\u00f6lgeleri ve \u00e7at\u0131 \u0131\u015f\u0131kl\u0131klar\u0131nda tercih edilir. Bu yenilik\u00e7i \u00fcr\u00fcn\u00fcn en \u00f6nemli \u00f6zelli\u011fi i\u00e7eriden d\u0131\u015far\u0131 bak\u0131ld\u0131\u011f\u0131nda n\u00f6tral etki devam ederken d\u0131\u015far\u0131dan i\u00e7eriye bak\u0131ld\u0131\u011f\u0131nda cephede mavi etki yaratmas\u0131d\u0131r.<\/p>\n<p>\u015ei\u015fecam D\u00fczcam\u2019\u0131n t\u00fcketici markas\u0131 Is\u0131cam\u2019\u0131n yeni maskotu Is\u0131c\u0131k ilk defa bir fuarda ziyaret\u00e7ilerle bulu\u015farak Is\u0131cam Sistemleri\u2019nin y\u00fcksek performansl\u0131 \u00fcr\u00fcnlerini tan\u0131tarak, t\u00fcketicilerin ihtiyac\u0131na uygun do\u011fru Is\u0131cam \u00fcr\u00fcn\u00fcn\u00fc se\u00e7mesine yard\u0131mc\u0131 oldu.<\/p>\n<p>Ar-Ge ve yat\u0131r\u0131m faaliyetlerini aral\u0131ks\u0131z s\u00fcrd\u00fcrerek pazar\u0131n de\u011fi\u015fen ve geli\u015fen ihtiya\u00e7lar\u0131na yenilik\u00e7i \u00e7\u00f6z\u00fcmler sunan \u015ei\u015fecam D\u00fczcam\u2018\u0131n \u00fcst\u00fcn nitelikli \u00fcr\u00fcnlerinin, karbondioksit emisyonunu azal\u0131rken \u00e7evre dostu binalar yarat\u0131lmas\u0131na olanak tan\u0131d\u0131\u011f\u0131 bildirildi.<\/p>","protected":false},"excerpt":{"rendered":"<p>Sorry, this entry is only available in Turkish. For the sake of viewer convenience, the content is shown below in the alternative language. You may click the link to switch the active language.T\u00fcrkiye d\u00fczcam pazar\u0131n\u0131n lideri ve Avrupa\u2019n\u0131n en b\u00fcy\u00fck \u00fcreticisi \u015ei\u015fecam D\u00fczcam, ileri teknoloji \u00fcr\u00fcnleriyle \u2018Avrasya Cam 2018 Fuar\u0131\u2019nda yerini ald\u0131. \u015ei\u015fecam D\u00fczcam, 7-10 [&hellip;]<\/p>\n","protected":false},"author":1,"featured_media":72582,"comment_status":"open","ping_status":"open","sticky":false,"template":"","format":"standard","meta":[],"categories":[53,52],"tags":[37147,37146,67,1009,103,33715],"views":1151,"_links":{"self":[{"href":"https:\/\/www.enerjigazetesi.ist\/en\/wp-json\/wp\/v2\/posts\/72581"}],"collection":[{"href":"https:\/\/www.enerjigazetesi.ist\/en\/wp-json\/wp\/v2\/posts"}],"about":[{"href":"https:\/\/www.enerjigazetesi.ist\/en\/wp-json\/wp\/v2\/types\/post"}],"author":[{"embeddable":true,"href":"https:\/\/www.enerjigazetesi.ist\/en\/wp-json\/wp\/v2\/users\/1"}],"replies":[{"embeddable":true,"href":"https:\/\/www.enerjigazetesi.ist\/en\/wp-json\/wp\/v2\/comments?post=72581"}],"version-history":[{"count":2,"href":"https:\/\/www.enerjigazetesi.ist\/en\/wp-json\/wp\/v2\/posts\/72581\/revisions"}],"predecessor-version":[{"id":72584,"href":"https:\/\/www.enerjigazetesi.ist\/en\/wp-json\/wp\/v2\/posts\/72581\/revisions\/72584"}],"wp:featuredmedia":[{"embeddable":true,"href":"https:\/\/www.enerjigazetesi.ist\/en\/wp-json\/wp\/v2\/media\/72582"}],"wp:attachment":[{"href":"https:\/\/www.enerjigazetesi.ist\/en\/wp-json\/wp\/v2\/media?parent=72581"}],"wp:term":[{"taxonomy":"category","embeddable":true,"href":"https:\/\/www.enerjigazetesi.ist\/en\/wp-json\/wp\/v2\/categories?post=72581"},{"taxonomy":"post_tag","embeddable":true,"href":"https:\/\/www.enerjigazetesi.ist\/en\/wp-json\/wp\/v2\/tags?post=72581"}],"curies":[{"name":"wp","href":"https:\/\/api.w.org\/{rel}","templated":true}]}}