{"id":7258,"date":"2013-02-24T17:27:19","date_gmt":"2013-02-24T14:27:19","guid":{"rendered":"https:\/\/www.enerjigazetesi.ist\/?p=7258"},"modified":"2013-02-24T17:27:19","modified_gmt":"2013-02-24T14:27:19","slug":"harran-universitesinden-enerji-paneli","status":"publish","type":"post","link":"https:\/\/www.enerjigazetesi.ist\/en\/harran-universitesinden-enerji-paneli\/","title":{"rendered":"(Turkish) Harran \u00dcniversitesi&#8217;nden &#8220;Enerji&#8221; Paneli"},"content":{"rendered":"<p class=\"qtranxs-available-languages-message qtranxs-available-languages-message-en\">Sorry, this entry is only available in <a href=\"https:\/\/www.enerjigazetesi.ist\/tr\/wp-json\/wp\/v2\/posts\/7258\" class=\"qtranxs-available-language-link qtranxs-available-language-link-tr\" title=\"Turkish\">Turkish<\/a>. For the sake of viewer convenience, the content is shown below in the alternative language. You may click the link to switch the active language.<\/p><p><\/p>\n<h2>Harran \u00dcniversitesi&#8217;nce (HR\u00dc) &#8220;Yenilenebilir Enerji ve Enerji Verimlili\u011fi Konular\u0131nda \u0130stihdam ve Kariyer&#8221; konulu panel d\u00fczenlendi.<img loading=\"lazy\" class=\"alignright size-medium wp-image-7259\" title=\"harran-universitesi-enerji-paneli\" src=\"https:\/\/www.enerjigazetesi.ist\/wp-content\/uploads\/2013\/02\/harran-universitesi-enerji-paneli-300x189.jpg\" alt=\"\" width=\"300\" height=\"189\" srcset=\"https:\/\/www.enerjigazetesi.ist\/wp-content\/uploads\/2013\/02\/harran-universitesi-enerji-paneli-300x189.jpg 300w, https:\/\/www.enerjigazetesi.ist\/wp-content\/uploads\/2013\/02\/harran-universitesi-enerji-paneli-500x315.jpg 500w, https:\/\/www.enerjigazetesi.ist\/wp-content\/uploads\/2013\/02\/harran-universitesi-enerji-paneli-80x50.jpg 80w, https:\/\/www.enerjigazetesi.ist\/wp-content\/uploads\/2013\/02\/harran-universitesi-enerji-paneli.jpg 698w\" sizes=\"(max-width: 300px) 100vw, 300px\" \/><\/h2>\n<p>Harran \u00dcniversitesi&#8217;nce (Hr\u00fc) &#8220;Yenilenebilir Enerji ve Enerji Verimlili\u011fi Konular\u0131nda \u0130stihdam ve Kariyer&#8221; konulu panel d\u00fczenlendi.<\/p>\n<p>Hr\u00fc&#8217;den yap\u0131lan a\u00e7\u0131klamaya g\u00f6re, M\u00fchendislik Fak\u00fcltesi Anfi Salonu&#8217;nda d\u00fczenlenen panele konu\u015fmac\u0131 olarak kat\u0131lan Ulusal Ajans Uzman\u0131 Alim Sar\u0131aslan ve Dr. Mete \u00c7ubuk\u00e7u, &#8220;AB E\u011fitim ve Gen\u00e7lik Programlar\u0131&#8221;, &#8220;Fotovoltaik Sekt\u00f6r\u00fcnde \u0130stihdam ve Kariyer Olanaklar\u0131&#8221; ve &#8220;Yenilenebilir Enerji Sekt\u00f6r\u00fcnde \u0130stihdam&#8221; gibi konularda kat\u0131l\u0131mc\u0131lar\u0131 bilgilendirdi.<\/p>\n<p>A\u00e7\u0131klamada, panelin amac\u0131n\u0131n, yenilenebilir enerji ve enerji verimlili\u011fi sekt\u00f6rlerinde istihdam ve kariyer f\u0131rsatlar\u0131 hakk\u0131nda gen\u00e7lerin bilgilendirilmesi, gen\u00e7 istihdam\u0131na katk\u0131 sa\u011flayacak yeni meslek alanlar\u0131n\u0131n tan\u0131t\u0131lmas\u0131 ve bu sayede sekt\u00f6rlerin ihtiya\u00e7 duydu\u011fu kalifiye eleman profilinin \u015fekillendirilmesine katk\u0131da bulunmak oldu\u011fu kaydedildi.<\/p>\n<p>Kaynak: <a href=\"http:\/\/www.haberler.com\/hru-den-enerji-paneli-4361873-haberi\/\" target=\"_blank\">Haberler<\/a><\/p>","protected":false},"excerpt":{"rendered":"<p>Sorry, this entry is only available in Turkish. For the sake of viewer convenience, the content is shown below in the alternative language. You may click the link to switch the active language. Harran \u00dcniversitesi&#8217;nce (HR\u00dc) &#8220;Yenilenebilir Enerji ve Enerji Verimlili\u011fi Konular\u0131nda \u0130stihdam ve Kariyer&#8221; konulu panel d\u00fczenlendi. Harran \u00dcniversitesi&#8217;nce (Hr\u00fc) &#8220;Yenilenebilir Enerji ve Enerji [&hellip;]<\/p>\n","protected":false},"author":1,"featured_media":7259,"comment_status":"open","ping_status":"open","sticky":false,"template":"","format":"standard","meta":[],"categories":[53,52],"tags":[67,12,2836,2835,2833,2834],"views":1112,"_links":{"self":[{"href":"https:\/\/www.enerjigazetesi.ist\/en\/wp-json\/wp\/v2\/posts\/7258"}],"collection":[{"href":"https:\/\/www.enerjigazetesi.ist\/en\/wp-json\/wp\/v2\/posts"}],"about":[{"href":"https:\/\/www.enerjigazetesi.ist\/en\/wp-json\/wp\/v2\/types\/post"}],"author":[{"embeddable":true,"href":"https:\/\/www.enerjigazetesi.ist\/en\/wp-json\/wp\/v2\/users\/1"}],"replies":[{"embeddable":true,"href":"https:\/\/www.enerjigazetesi.ist\/en\/wp-json\/wp\/v2\/comments?post=7258"}],"version-history":[{"count":1,"href":"https:\/\/www.enerjigazetesi.ist\/en\/wp-json\/wp\/v2\/posts\/7258\/revisions"}],"predecessor-version":[{"id":7260,"href":"https:\/\/www.enerjigazetesi.ist\/en\/wp-json\/wp\/v2\/posts\/7258\/revisions\/7260"}],"wp:featuredmedia":[{"embeddable":true,"href":"https:\/\/www.enerjigazetesi.ist\/en\/wp-json\/wp\/v2\/media\/7259"}],"wp:attachment":[{"href":"https:\/\/www.enerjigazetesi.ist\/en\/wp-json\/wp\/v2\/media?parent=7258"}],"wp:term":[{"taxonomy":"category","embeddable":true,"href":"https:\/\/www.enerjigazetesi.ist\/en\/wp-json\/wp\/v2\/categories?post=7258"},{"taxonomy":"post_tag","embeddable":true,"href":"https:\/\/www.enerjigazetesi.ist\/en\/wp-json\/wp\/v2\/tags?post=7258"}],"curies":[{"name":"wp","href":"https:\/\/api.w.org\/{rel}","templated":true}]}}