{"id":72575,"date":"2018-03-19T14:40:04","date_gmt":"2018-03-19T11:40:04","guid":{"rendered":"https:\/\/www.enerjigazetesi.ist\/?p=72575"},"modified":"2018-03-19T14:40:21","modified_gmt":"2018-03-19T11:40:21","slug":"bereket-enerji-grubu-anadolunun-en-buyuk-500-sirketi-arasinda","status":"publish","type":"post","link":"https:\/\/www.enerjigazetesi.ist\/en\/bereket-enerji-grubu-anadolunun-en-buyuk-500-sirketi-arasinda\/","title":{"rendered":"(Turkish) Bereket Enerji Grubu, \u2018\u2019Anadolu\u2019nun En B\u00fcy\u00fck 500 \u015eirketi\u2019\u2019 Aras\u0131nda!"},"content":{"rendered":"<p class=\"qtranxs-available-languages-message qtranxs-available-languages-message-en\">Sorry, this entry is only available in <a href=\"https:\/\/www.enerjigazetesi.ist\/tr\/wp-json\/wp\/v2\/posts\/72575\" class=\"qtranxs-available-language-link qtranxs-available-language-link-tr\" title=\"Turkish\">Turkish<\/a>. For the sake of viewer convenience, the content is shown below in the alternative language. You may click the link to switch the active language.<\/p><p><strong>Bereket Enerji Grubu, Ekonomist Dergisi\u2019nin \u2018\u2019Anadolu\u2019nun En B\u00fcy\u00fck 500 \u015eirketi\u2019\u2019 ara\u015ft\u0131rmas\u0131n\u0131n \u00f6d\u00fcl t\u00f6reninde, bir kategoride T\u00fcrkiye 1\u2019ncisi, iki kategoride de T\u00fcrkiye 2\u2019ncili\u011fi \u00f6d\u00fcl\u00fc ald\u0131.<\/strong><\/p>\n<p>Bilim ve Sanayi Bakan\u0131 Faruk \u00d6zl\u00fc, T\u00dcS\u0130AD Ba\u015fkan\u0131 Erol Bilecek ile 500 b\u00fcy\u00fck \u015firketin \u00fcst d\u00fczey y\u00f6neticilerinin kat\u0131ld\u0131\u011f\u0131 ve 9 kategoride \u00f6d\u00fcllerin verildi\u011fi Conrad \u0130stanbul Bosphorus Otel\u2019deki t\u00f6rende, <img loading=\"lazy\" class=\"alignright size-medium wp-image-72576\" src=\"https:\/\/www.enerjigazetesi.ist\/wp-content\/uploads\/2018\/03\/bereket-enerji-grubu-anadolunun-en-buyuk-500-sirketi-arasinda-300x225.jpg\" alt=\"\" width=\"300\" height=\"225\" srcset=\"https:\/\/www.enerjigazetesi.ist\/wp-content\/uploads\/2018\/03\/bereket-enerji-grubu-anadolunun-en-buyuk-500-sirketi-arasinda-300x225.jpg 300w, https:\/\/www.enerjigazetesi.ist\/wp-content\/uploads\/2018\/03\/bereket-enerji-grubu-anadolunun-en-buyuk-500-sirketi-arasinda-768x576.jpg 768w, https:\/\/www.enerjigazetesi.ist\/wp-content\/uploads\/2018\/03\/bereket-enerji-grubu-anadolunun-en-buyuk-500-sirketi-arasinda-500x375.jpg 500w, https:\/\/www.enerjigazetesi.ist\/wp-content\/uploads\/2018\/03\/bereket-enerji-grubu-anadolunun-en-buyuk-500-sirketi-arasinda-67x50.jpg 67w, https:\/\/www.enerjigazetesi.ist\/wp-content\/uploads\/2018\/03\/bereket-enerji-grubu-anadolunun-en-buyuk-500-sirketi-arasinda.jpg 1008w\" sizes=\"(max-width: 300px) 100vw, 300px\" \/>Bereket Enerji Grubu en \u00e7ok \u00f6d\u00fcl alan enerji grubu oldu.<\/p>\n<p>Bu y\u0131l 14.nc\u00fcs\u00fc yap\u0131lan t\u00f6rende, Bereket Enerji \u00dcretim A.\u015e. vergi \u00f6ncesi kar\u0131n\u0131 art\u0131ran \u015firket s\u0131ralamas\u0131nda T\u00fcrkiye 1.ncili\u011fini kazand\u0131. Bereket Enerji Grubu Y\u00f6netim Kurulu Ba\u015fkan\u0131 Ceyhan Saldanl\u0131\u2019ya \u00f6d\u00fcl\u00fcn\u00fc TEB Y\u00f6netim Kurulu \u00fcyeleri \u00d6zden Odaba\u015f\u0131 ile \u0130smail Yan\u0131k verdi.verdi. Cirosunu en \u00e7ok art\u0131ran T\u00fcrkiye\u2019nin 2.nci b\u00fcy\u00fck \u015firketi \u00f6d\u00fcl\u00fcn\u00fc Bereket Enerji Grubu Y\u00f6netim Kurulu Ba\u015fkan Yard\u0131mc\u0131s\u0131 Ali Ya\u011fl\u0131, Do\u011fan Burda CEO\u2019su Cem Ba\u015far\u2019dan ald\u0131. \u0130stihdam\u0131n\u0131 en \u00e7ok art\u0131ran T\u00fcrkiye\u2019nin 2.nci b\u00fcy\u00fck \u015firketi \u00f6d\u00fcl\u00fcn\u00fc ise Bereket Enerji Grubu Y\u00fcr\u00fctme Kurulu \u00fcyesi Baran Saldanl\u0131, TEB Genel M\u00fcd\u00fcr\u00fc \u00dcmit Leblebici\u2019den ald\u0131.<\/p>\n<p>Bereket Enerji Grubu Y\u00f6netim Kurulu Ba\u015fkan\u0131 Ceyhan Saldanl\u0131, 1.ncilik \u00f6d\u00fcl\u00fcn\u00fc ald\u0131ktan sonra konu\u015fma yapmas\u0131 i\u00e7in sahneye davet edildi. Saldanl\u0131 konu\u015fmas\u0131nda, ald\u0131klar\u0131 \u00f6d\u00fcller i\u00e7in mutlu ve gururlu olduklar\u0131n\u0131 belirterek, \u2018\u2019G\u00fc\u00e7l\u00fc bir T\u00fcrkiye i\u00e7in var g\u00fcc\u00fcm\u00fczle \u00e7al\u0131\u015fmaya devam edece\u011fiz\u2019\u2019 dedi. Saldanl\u0131 devamla \u015funlar\u0131 s\u00f6yledi:<\/p>\n<p>\u2018\u2019Biz bu ba\u015far\u0131y\u0131, genel ve yerel y\u00f6netimlerin katk\u0131s\u0131, halk\u0131m\u0131z\u0131n deste\u011fi ve \u00e7al\u0131\u015fanlar\u0131m\u0131z\u0131n \u00f6zverisi ile yakalad\u0131k. Enerji sekt\u00f6r\u00fcnde T\u00fcrkiye adeta yeni bir tarih yazm\u0131\u015ft\u0131r. Bereket Enerji Grubu olarak bundan sonra da \u00dclkemiz i\u00e7in de\u011fer yaratmaya, \u00fclke ekonomisine katk\u0131 yapmaya ve i\u015fsizlik i\u00e7in istihdam sa\u011flamaya devam edece\u011fiz\u2019\u2019<\/p>","protected":false},"excerpt":{"rendered":"<p>Sorry, this entry is only available in Turkish. For the sake of viewer convenience, the content is shown below in the alternative language. You may click the link to switch the active language.Bereket Enerji Grubu, Ekonomist Dergisi\u2019nin \u2018\u2019Anadolu\u2019nun En B\u00fcy\u00fck 500 \u015eirketi\u2019\u2019 ara\u015ft\u0131rmas\u0131n\u0131n \u00f6d\u00fcl t\u00f6reninde, bir kategoride T\u00fcrkiye 1\u2019ncisi, iki kategoride de T\u00fcrkiye 2\u2019ncili\u011fi \u00f6d\u00fcl\u00fc [&hellip;]<\/p>\n","protected":false},"author":1,"featured_media":72576,"comment_status":"open","ping_status":"open","sticky":false,"template":"","format":"standard","meta":[],"categories":[53,49],"tags":[37144,4720,30154,8758,67,1009,23416,23131,4440],"views":1070,"_links":{"self":[{"href":"https:\/\/www.enerjigazetesi.ist\/en\/wp-json\/wp\/v2\/posts\/72575"}],"collection":[{"href":"https:\/\/www.enerjigazetesi.ist\/en\/wp-json\/wp\/v2\/posts"}],"about":[{"href":"https:\/\/www.enerjigazetesi.ist\/en\/wp-json\/wp\/v2\/types\/post"}],"author":[{"embeddable":true,"href":"https:\/\/www.enerjigazetesi.ist\/en\/wp-json\/wp\/v2\/users\/1"}],"replies":[{"embeddable":true,"href":"https:\/\/www.enerjigazetesi.ist\/en\/wp-json\/wp\/v2\/comments?post=72575"}],"version-history":[{"count":1,"href":"https:\/\/www.enerjigazetesi.ist\/en\/wp-json\/wp\/v2\/posts\/72575\/revisions"}],"predecessor-version":[{"id":72577,"href":"https:\/\/www.enerjigazetesi.ist\/en\/wp-json\/wp\/v2\/posts\/72575\/revisions\/72577"}],"wp:featuredmedia":[{"embeddable":true,"href":"https:\/\/www.enerjigazetesi.ist\/en\/wp-json\/wp\/v2\/media\/72576"}],"wp:attachment":[{"href":"https:\/\/www.enerjigazetesi.ist\/en\/wp-json\/wp\/v2\/media?parent=72575"}],"wp:term":[{"taxonomy":"category","embeddable":true,"href":"https:\/\/www.enerjigazetesi.ist\/en\/wp-json\/wp\/v2\/categories?post=72575"},{"taxonomy":"post_tag","embeddable":true,"href":"https:\/\/www.enerjigazetesi.ist\/en\/wp-json\/wp\/v2\/tags?post=72575"}],"curies":[{"name":"wp","href":"https:\/\/api.w.org\/{rel}","templated":true}]}}