{"id":7255,"date":"2013-02-24T17:21:19","date_gmt":"2013-02-24T14:21:19","guid":{"rendered":"https:\/\/www.enerjigazetesi.ist\/?p=7255"},"modified":"2013-02-24T17:21:19","modified_gmt":"2013-02-24T14:21:19","slug":"2013-yesil-binalarin-yili-olacak","status":"publish","type":"post","link":"https:\/\/www.enerjigazetesi.ist\/en\/2013-yesil-binalarin-yili-olacak\/","title":{"rendered":"(Turkish) 2013 Ye\u015fil Binalar\u0131n Y\u0131l\u0131 Olacak&#8230;"},"content":{"rendered":"<p class=\"qtranxs-available-languages-message qtranxs-available-languages-message-en\">Sorry, this entry is only available in <a href=\"https:\/\/www.enerjigazetesi.ist\/tr\/wp-json\/wp\/v2\/posts\/7255\" class=\"qtranxs-available-language-link qtranxs-available-language-link-tr\" title=\"Turkish\">Turkish<\/a>. For the sake of viewer convenience, the content is shown below in the alternative language. You may click the link to switch the active language.<\/p><p><strong>Kentlerin ye\u015file d\u00f6n\u00fc\u015f\u00fcm\u00fcn\u00fc irdeleyecek olan 2. Uluslararas\u0131 Ye\u015fil Binalar Zirvesi&#8217;ne destek veren Soyak Holding&#8217;in CEO&#8217;su Emre \u00c7aml\u0131bel, 2013&#8217;\u00fcn &#8216;ye\u015fil binalar y\u0131l\u0131&#8217; olaca\u011f\u0131n\u0131 s\u00f6yledi.<\/strong><\/p>\n<p><strong>11 <\/strong>\u015firketinde yaratt\u0131\u011f\u0131 bin 500 ki\u015filik istihdamla s\u00fcrd\u00fcr\u00fclebilir geli\u015fmeye katk\u0131da bulunmak amac\u0131yla \u00e7al\u0131\u015fmalar\u0131n\u0131 y\u00fcr\u00fcten Soyak Holding&#8217;in, \u0130stanbul&#8217;da Soyak Evostar, Soyak Park Aparts, Soyak Soho, \u0130zmir&#8217;de Soyak Mavi\u015fehir Optimus ve Soyak Siesta olmak \u00fczere 5 konut projesi bulunuyor. Belirledi\u011fi kurumsal stratejisi do\u011frultusunda \u00e7evreye ve toplum de\u011ferlerine sayg\u0131l\u0131 \u00e7al\u0131\u015fmalarla s\u00fcrd\u00fcr\u00fclebilir geli\u015fmeye ve daha iyi bir gelece\u011fe katk\u0131da bulunmay\u0131 hedeflediklerini s\u00f6yleyen Soyak Holding CEO&#8217;su Dr. Emre \u00c7aml\u0131bel &#8220;2013 ye\u015fil binalar\u0131n y\u0131l\u0131 olacak&#8221; dedi. \u00c7aml\u0131bel, &#8220;Soyak uzun y\u0131llard\u0131r s\u00fcrd\u00fcr\u00fclebilir ya\u015fam\u0131 desteklemek ve gelece\u011fe de\u011fer katmak \u00fczerine d\u00fc\u015f\u00fcn\u00fcyor ve projeler \u00fcretiyor.<\/p>\n<p><img loading=\"lazy\" class=\"alignleft size-medium wp-image-7256\" title=\"2013-yesil-binalar-yili-olacak-22214\" src=\"https:\/\/www.enerjigazetesi.ist\/wp-content\/uploads\/2013\/02\/2013-yesil-binalar-yili-olacak-22214-300x190.jpg\" alt=\"\" width=\"300\" height=\"190\" srcset=\"https:\/\/www.enerjigazetesi.ist\/wp-content\/uploads\/2013\/02\/2013-yesil-binalar-yili-olacak-22214-300x190.jpg 300w, https:\/\/www.enerjigazetesi.ist\/wp-content\/uploads\/2013\/02\/2013-yesil-binalar-yili-olacak-22214-80x50.jpg 80w, https:\/\/www.enerjigazetesi.ist\/wp-content\/uploads\/2013\/02\/2013-yesil-binalar-yili-olacak-22214.jpg 422w\" sizes=\"(max-width: 300px) 100vw, 300px\" \/>\u00d6zellikle \u00fcretilen enerjinin y\u00fczde 40&#8217;\u0131n\u0131n binalar taraf\u0131ndan harcand\u0131\u011f\u0131 d\u00fc\u015f\u00fcn\u00fcl\u00fcrse gayrimenkul geli\u015ftirici firmalar a\u00e7\u0131s\u0131ndan enerji verimlili\u011fi daha da bir \u00f6nem kazan\u0131yor. Bu sebeple \u00e7evreye uyumlu ve s\u00fcrd\u00fcr\u00fclebilir ya\u015fam alanlar\u0131 in\u015fa ediyoruz&#8221; dedi. Bu uygulamalar\u0131n yan\u0131 s\u0131ra gayrimenkul projelerinin bir\u00e7o\u011funda art\u0131k gereksiz alanlara ve b\u00fcy\u00fckl\u00fcklere de yer verilmedi\u011finin alt\u0131n\u0131 \u00e7izen \u00c7aml\u0131bel, &#8220;Kullan\u0131lmayan alanlar\u0131n \u0131s\u0131tmas\u0131na, ayd\u0131nlatmas\u0131na harcanan enerjiden tasarruf ederken m\u00fc\u015fterilerinin de daha az aidat \u00f6deyerek ayr\u0131ca tasarruf etmelerini sa\u011fl\u0131yor&#8221; diye konu\u015ftu.<\/p>\n<p><strong>\u00c7evreci konut kredisi <\/strong><\/p>\n<p>Ye\u015fil konut kredisiyle de bir ilke imza att\u0131klar\u0131n\u0131 kaydeden Emre \u00c7aml\u0131bel yeni projelerine ili\u015fkin \u015fu bilgileri verdi: Yap\u0131 Kredi Bankas\u0131 i\u015fbirli\u011fiyle T\u00fcrkiye&#8217;nin en d\u00fc\u015f\u00fck faizli &#8216;Avantajl\u0131 Ye\u015fil Konut Kredisi&#8217; uygulamas\u0131n\u0131 ba\u015flatt\u0131k. Bankan\u0131n kredi faiz oranlar\u0131ndan 3 puan d\u00fc\u015f\u00fcrerek T\u00fcrkiye&#8217;nin en d\u00fc\u015f\u00fck faizli kredisi ile ev sahibi olmak isteyenler, ancak ye\u015fil bina konsepti ile tasarlanan projelerden ev alabilecek. Uluslararas\u0131 \u00e7evre sertifikalar\u0131na aday olan projeler i\u00e7in do\u011frudan &#8216;Ye\u015fil Konut Kredisi&#8217; kullan\u0131labilecek.\u00a0<strong> <\/strong><\/p>\n<p><strong>Aidat masraf\u0131 azalacak <\/strong><\/p>\n<p>Soyak Soho ve Soyak Mavi\u015fehir Optimus projelerinde do\u011fal ya\u015fam\u0131 desteklemek i\u00e7in \u0130stanbul&#8217;un ve \u0130zmir&#8217;in yerel iklimine uyumlu bitkiler se\u00e7ilecek. &#8220;Gelece\u011fe bir damla sakla&#8221; projesinin mimar\u0131 Soyak, bu projelerde de ya\u011fmur suyunu ziyan etmemek i\u00e7in ya\u011fmur suyu toplama kanallar\u0131 olu\u015fturarak bah\u00e7e sulama i\u015fleminde kullan\u0131lacak. Bu uygulama hem su tasarrufu sa\u011flayacak, hem de konut sakinlerinin aidat masraflar\u0131n\u0131 \u00f6nemli derecede azaltacak.<\/p>\n<p><strong>Elektrikten tasarruf<\/strong><\/p>\n<p>Binalarda her t\u00fcrl\u00fc sistemin enerji t\u00fcketimi takip edilerek tasarruf \u00f6nlemlerinin devaml\u0131l\u0131\u011f\u0131 sa\u011flanabilecek. Her odaya konan termostatik vana ile evin \u0131s\u0131 kontrol\u00fcn\u00fc ev sakinleri istedi\u011fi gibi ayarlayabilecek. Bu \u015fekilde \u0131s\u0131 enerjisinden tasarruf sa\u011flanm\u0131\u015f olacak. Is\u0131 yal\u0131t\u0131m\u0131 uluslar aras\u0131 standartlarda yap\u0131lacak. T\u00fcm bu uygulamalarla elektrik faturalar\u0131ndan ve aidat masraflar\u0131ndan tasarruf sa\u011flanm\u0131\u015f olacak. y\u00fczde 1 KDV avantaj\u0131yla sahip olunabilecek Soyak Soho, ofis sakinlerinin sa\u011fl\u0131\u011f\u0131n\u0131 da d\u00fc\u015f\u00fcnerek, uluslararas\u0131 standartlara uygun olacak \u015fekilde sigara duman\u0131na maruz kal\u0131nmamas\u0131 i\u00e7in bina giri\u015f ve \u00e7\u0131k\u0131\u015flar\u0131na yak\u0131n alanlarda sigara i\u00e7ilmeyecek.<\/p>\n<p>Kaynak: <a href=\"http:\/\/www.sabah.com.tr\/Ekonomi\/2013\/02\/18\/2013-yesil-binalarin-yili-olacak\" target=\"_blank\">Sabah<\/a><\/p>","protected":false},"excerpt":{"rendered":"<p>Sorry, this entry is only available in Turkish. For the sake of viewer convenience, the content is shown below in the alternative language. You may click the link to switch the active language.Kentlerin ye\u015file d\u00f6n\u00fc\u015f\u00fcm\u00fcn\u00fc irdeleyecek olan 2. Uluslararas\u0131 Ye\u015fil Binalar Zirvesi&#8217;ne destek veren Soyak Holding&#8217;in CEO&#8217;su Emre \u00c7aml\u0131bel, 2013&#8217;\u00fcn &#8216;ye\u015fil binalar y\u0131l\u0131&#8217; olaca\u011f\u0131n\u0131 s\u00f6yledi. [&hellip;]<\/p>\n","protected":false},"author":1,"featured_media":7256,"comment_status":"open","ping_status":"open","sticky":false,"template":"","format":"standard","meta":[],"categories":[53,52],"tags":[2693,1330,104,2832,67,103,12,2762,55],"views":544,"_links":{"self":[{"href":"https:\/\/www.enerjigazetesi.ist\/en\/wp-json\/wp\/v2\/posts\/7255"}],"collection":[{"href":"https:\/\/www.enerjigazetesi.ist\/en\/wp-json\/wp\/v2\/posts"}],"about":[{"href":"https:\/\/www.enerjigazetesi.ist\/en\/wp-json\/wp\/v2\/types\/post"}],"author":[{"embeddable":true,"href":"https:\/\/www.enerjigazetesi.ist\/en\/wp-json\/wp\/v2\/users\/1"}],"replies":[{"embeddable":true,"href":"https:\/\/www.enerjigazetesi.ist\/en\/wp-json\/wp\/v2\/comments?post=7255"}],"version-history":[{"count":1,"href":"https:\/\/www.enerjigazetesi.ist\/en\/wp-json\/wp\/v2\/posts\/7255\/revisions"}],"predecessor-version":[{"id":7257,"href":"https:\/\/www.enerjigazetesi.ist\/en\/wp-json\/wp\/v2\/posts\/7255\/revisions\/7257"}],"wp:featuredmedia":[{"embeddable":true,"href":"https:\/\/www.enerjigazetesi.ist\/en\/wp-json\/wp\/v2\/media\/7256"}],"wp:attachment":[{"href":"https:\/\/www.enerjigazetesi.ist\/en\/wp-json\/wp\/v2\/media?parent=7255"}],"wp:term":[{"taxonomy":"category","embeddable":true,"href":"https:\/\/www.enerjigazetesi.ist\/en\/wp-json\/wp\/v2\/categories?post=7255"},{"taxonomy":"post_tag","embeddable":true,"href":"https:\/\/www.enerjigazetesi.ist\/en\/wp-json\/wp\/v2\/tags?post=7255"}],"curies":[{"name":"wp","href":"https:\/\/api.w.org\/{rel}","templated":true}]}}