{"id":7251,"date":"2013-02-24T17:08:52","date_gmt":"2013-02-24T14:08:52","guid":{"rendered":"https:\/\/www.enerjigazetesi.ist\/?p=7251"},"modified":"2013-02-24T17:49:49","modified_gmt":"2013-02-24T14:49:49","slug":"kaptan-cousteaunun-torunundan-yesil-bina-onerisi","status":"publish","type":"post","link":"https:\/\/www.enerjigazetesi.ist\/en\/kaptan-cousteaunun-torunundan-yesil-bina-onerisi\/","title":{"rendered":"(Turkish) Kaptan Cousteau&#8217;nun Torunundan &#8220;Ye\u015fil Bina&#8221; \u00d6nerisi"},"content":{"rendered":"<p class=\"qtranxs-available-languages-message qtranxs-available-languages-message-en\">Sorry, this entry is only available in <a href=\"https:\/\/www.enerjigazetesi.ist\/tr\/wp-json\/wp\/v2\/posts\/7251\" class=\"qtranxs-available-language-link qtranxs-available-language-link-tr\" title=\"Turkish\">Turkish<\/a>. For the sake of viewer convenience, the content is shown below in the alternative language. You may click the link to switch the active language.<\/p><p><strong>Kaptan Cousteau olarak bilinen Frans\u0131z deniz bilimci Jacques Cousteau&#8217;nun torunu Philippe Cousteau Jr., \u0130stanbul&#8217;da d\u00fczenlenen 2. Uluslararas\u0131 Ye\u015fil Binalar Zirvesine konuk konu\u015fmac\u0131 olarak kat\u0131ld\u0131.<\/strong><\/p>\n<p>Earthecho International adl\u0131 sivil toplum kurulu\u015funu y\u00f6neten Philippe Cousteau Jr., zirvedeki konu\u015fmas\u0131nda \u00f6nce iklim de\u011fi\u015fikli\u011fine de\u011findi.<br \/>\nCousteau Jr., karbon art\u0131\u015f\u0131n\u0131n d\u00fcnyan\u0131n y\u00fcz\u00fcn\u00fc tamamen de\u011fi\u015ftirece\u011fini kaydetti.<br \/>\nCousteau Jr. &#8221; Biz sa\u011fl\u0131\u011f\u0131n korunmas\u0131ndan bahsediyoruz. 2 derecelik bir s\u0131cakl\u0131k art\u0131\u015f\u0131 100 &#8211; 400 milyon ki\u015finin a\u00e7 kalmas\u0131 anlam\u0131na gelecektir. Bu h\u0131zla ilerleyen bir geli\u015fme&#8221; dedi. Cousteau Jr., Antartika&#8217;daki buz k\u00fctlelerinde bug\u00fcne kadar y\u00fczde 40&#8217;l\u0131k bir kay\u0131p oldu\u011funu s\u00f6yledi.<\/p>\n<p><img loading=\"lazy\" class=\"alignleft size-full wp-image-7252\" title=\"yesil-bina-onerisi\" src=\"https:\/\/www.enerjigazetesi.ist\/wp-content\/uploads\/2013\/02\/yesil-bina-onerisi.jpg\" alt=\"\" width=\"292\" height=\"233\" srcset=\"https:\/\/www.enerjigazetesi.ist\/wp-content\/uploads\/2013\/02\/yesil-bina-onerisi.jpg 292w, https:\/\/www.enerjigazetesi.ist\/wp-content\/uploads\/2013\/02\/yesil-bina-onerisi-62x50.jpg 62w\" sizes=\"(max-width: 292px) 100vw, 292px\" \/>K\u00f6t\u00fc senaryolara odaklanmak istemedi\u011fini s\u00f6yleyen Cousteau Jr., \u015f\u00f6yle konu\u015ftu: &#8220;Problemleri sevmem ama \u00e7\u00f6z\u00fcmleri severim. Ye\u015fil d\u00f6n\u00fc\u015f\u00fcm bu \u00e7\u00f6z\u00fcmlerden sadece biri. \u0130nan\u0131yorum ki, bu \u00e7\u00f6z\u00fcm inovasyon, e\u011fitim ile kad\u0131nlar ve \u00e7ocuklar\u0131n e\u011fitilmesinde yat\u0131yor. Ye\u015fil binalar \u00e7ok \u00f6nemli. Bunlar sahip oldu\u011fumuz en b\u00fcy\u00fck umutlardan biri.<\/p>\n<p>D\u00fcnyada ciddi oranda karbon art\u0131\u015f\u0131 var. \u00d6rne\u011fin ABD&#8217;de binalar\u0131n art\u0131\u015f\u0131ndan dolay\u0131 karbon da y\u00fczde 40 oran\u0131nda artt\u0131. Bu da ye\u015fil bina kavram\u0131n\u0131 daha \u00f6nemli hale getiriyor. T\u00fcrkiye&#8217;nin de bu konuda b\u00fcy\u00fck bir sorumlulu\u011fu var. Bu sorumluluk \u00f6nderlik, liderlik etme sorumlulu\u011fu.T\u00fcrkiye ye\u015fil binalar konusunda lider olabilir. T\u00fcrkiye&#8217;nin de ye\u015fil bina kavram\u0131na destek vermesi daha sa\u011fl\u0131kl\u0131 bir d\u00fcnya anlam\u0131na gelir.<br \/>\nYe\u015fil binalar\u0131n \u015fimdiki binalardan daha e\u011flenceli ve daha sa\u011fl\u0131kl\u0131 olaca\u011f\u0131na dikkat \u00e7eken Cousteau Jr., &#8221; Gelece\u011fe odaklanmal\u0131y\u0131z. E\u011fitim bunun yolunu a\u00e7\u0131yor.Muhakkak kad\u0131n ve \u00e7ocuklar\u0131n g\u00fc\u00e7lendirilmesi laz\u0131m. Bu daha g\u00fc\u00e7l\u00fc toplumlar\u0131n olu\u015fmas\u0131n\u0131 sa\u011flayacakt\u0131r. E\u011fer d\u00fcnyay\u0131 de\u011fi\u015ftirmek d\u00f6n\u00fc\u015ft\u00fcrmek istiyorsak, kad\u0131nlar\u0131n geli\u015fimi \u00e7ok \u00f6nemli &#8221; diye konu\u015ftu.<\/p>\n<p>Kaynak: <a href=\"http:\/\/www.cnnturk.com\/2013\/yasam\/diger\/02\/18\/kaptan.cousteaunun.torunundan.yesil.bina.onerisi\/696947.0\/\" target=\"_blank\">CnnTurk<\/a><\/p>","protected":false},"excerpt":{"rendered":"<p>Sorry, this entry is only available in Turkish. For the sake of viewer convenience, the content is shown below in the alternative language. You may click the link to switch the active language.Kaptan Cousteau olarak bilinen Frans\u0131z deniz bilimci Jacques Cousteau&#8217;nun torunu Philippe Cousteau Jr., \u0130stanbul&#8217;da d\u00fczenlenen 2. Uluslararas\u0131 Ye\u015fil Binalar Zirvesine konuk konu\u015fmac\u0131 olarak [&hellip;]<\/p>\n","protected":false},"author":1,"featured_media":7252,"comment_status":"open","ping_status":"open","sticky":false,"template":"","format":"standard","meta":[],"categories":[53,52],"tags":[2693,67,103,12,2831,76,55],"views":697,"_links":{"self":[{"href":"https:\/\/www.enerjigazetesi.ist\/en\/wp-json\/wp\/v2\/posts\/7251"}],"collection":[{"href":"https:\/\/www.enerjigazetesi.ist\/en\/wp-json\/wp\/v2\/posts"}],"about":[{"href":"https:\/\/www.enerjigazetesi.ist\/en\/wp-json\/wp\/v2\/types\/post"}],"author":[{"embeddable":true,"href":"https:\/\/www.enerjigazetesi.ist\/en\/wp-json\/wp\/v2\/users\/1"}],"replies":[{"embeddable":true,"href":"https:\/\/www.enerjigazetesi.ist\/en\/wp-json\/wp\/v2\/comments?post=7251"}],"version-history":[{"count":3,"href":"https:\/\/www.enerjigazetesi.ist\/en\/wp-json\/wp\/v2\/posts\/7251\/revisions"}],"predecessor-version":[{"id":7268,"href":"https:\/\/www.enerjigazetesi.ist\/en\/wp-json\/wp\/v2\/posts\/7251\/revisions\/7268"}],"wp:featuredmedia":[{"embeddable":true,"href":"https:\/\/www.enerjigazetesi.ist\/en\/wp-json\/wp\/v2\/media\/7252"}],"wp:attachment":[{"href":"https:\/\/www.enerjigazetesi.ist\/en\/wp-json\/wp\/v2\/media?parent=7251"}],"wp:term":[{"taxonomy":"category","embeddable":true,"href":"https:\/\/www.enerjigazetesi.ist\/en\/wp-json\/wp\/v2\/categories?post=7251"},{"taxonomy":"post_tag","embeddable":true,"href":"https:\/\/www.enerjigazetesi.ist\/en\/wp-json\/wp\/v2\/tags?post=7251"}],"curies":[{"name":"wp","href":"https:\/\/api.w.org\/{rel}","templated":true}]}}