{"id":72492,"date":"2018-03-16T11:50:02","date_gmt":"2018-03-16T08:50:02","guid":{"rendered":"https:\/\/www.enerjigazetesi.ist\/?p=72492"},"modified":"2018-03-16T11:50:02","modified_gmt":"2018-03-16T08:50:02","slug":"cazibe-merkezlerindeki-yatirimlara-yonelik-3-yil-enerji-destegi-saglanacak","status":"publish","type":"post","link":"https:\/\/www.enerjigazetesi.ist\/en\/cazibe-merkezlerindeki-yatirimlara-yonelik-3-yil-enerji-destegi-saglanacak\/","title":{"rendered":"(Turkish) Cazibe Merkezlerindeki Yat\u0131r\u0131mlara Y\u00f6nelik 3 Y\u0131l Enerji Deste\u011fi Sa\u011flanacak"},"content":{"rendered":"<p class=\"qtranxs-available-languages-message qtranxs-available-languages-message-en\">Sorry, this entry is only available in <a href=\"https:\/\/www.enerjigazetesi.ist\/tr\/wp-json\/wp\/v2\/posts\/72492\" class=\"qtranxs-available-language-link qtranxs-available-language-link-tr\" title=\"Turkish\">Turkish<\/a>. For the sake of viewer convenience, the content is shown below in the alternative language. You may click the link to switch the active language.<\/p><p><strong>Ekonomi Bakanl\u0131\u011f\u0131\u2019n\u0131n Cazibe Merkezleri Program\u0131 Kapsam\u0131nda Yat\u0131r\u0131mlar\u0131n Desteklenmesi Hakk\u0131nda 2018\/11201 Say\u0131l\u0131 Karar\u0131n Uygulanmas\u0131na \u0130li\u015fkin Tebli\u011fi, 15 Mart\u2019ta Resmi Gazete\u2019de yay\u0131mland\u0131.<\/strong><\/p>\n<p>S\u00f6z konusu Karar kapsam\u0131nda yer alan desteklerden yararlanmak i\u00e7in, Yat\u0131r\u0131mlarda Devlet Yard\u0131mlar\u0131 <img loading=\"lazy\" class=\"alignright size-medium wp-image-51353\" src=\"https:\/\/www.enerjigazetesi.ist\/wp-content\/uploads\/2016\/03\/yorum-elektrik-faturaniz-hakkinda-bilmeniz-gerekenler-300x165.jpg\" alt=\"\" width=\"300\" height=\"165\" srcset=\"https:\/\/www.enerjigazetesi.ist\/wp-content\/uploads\/2016\/03\/yorum-elektrik-faturaniz-hakkinda-bilmeniz-gerekenler-300x165.jpg 300w, https:\/\/www.enerjigazetesi.ist\/wp-content\/uploads\/2016\/03\/yorum-elektrik-faturaniz-hakkinda-bilmeniz-gerekenler-500x276.jpg 500w, https:\/\/www.enerjigazetesi.ist\/wp-content\/uploads\/2016\/03\/yorum-elektrik-faturaniz-hakkinda-bilmeniz-gerekenler-80x44.jpg 80w, https:\/\/www.enerjigazetesi.ist\/wp-content\/uploads\/2016\/03\/yorum-elektrik-faturaniz-hakkinda-bilmeniz-gerekenler.jpg 696w\" sizes=\"(max-width: 300px) 100vw, 300px\" \/>Hakk\u0131nda Karar\u0131n Uygulamas\u0131na \u0130li\u015fkin Tebli\u011f\u2019de belirtilen te\u015fvik belgesi m\u00fcracaat\u0131nda aranan bilgi ve belgelerle Ekonomi Bakanl\u0131\u011f\u0131\u2019na m\u00fcracaat edilecek. Enerji deste\u011finin uygulanabilmesi i\u00e7in, te\u015fvik belgesinin tamamlama vizesinin yap\u0131lm\u0131\u015f olmas\u0131 gerekecek.<\/p>\n<p>Enerji deste\u011fi, te\u015fvik belgesinin tamamlama vizesinin yap\u0131ld\u0131\u011f\u0131 ay\u0131 takip eden ay d\u00fczenlenecek elektrik faturas\u0131 ile ba\u015flamak \u00fczere 3 y\u0131l s\u00fcreyle uygulanacak.<\/p>\n<p>&nbsp;<\/p>\n<p>Enerji deste\u011fi uygulamas\u0131n\u0131n y\u00fcr\u00fct\u00fclebilmesini teminen il d\u00fczeyinde, Vali veya Vali taraf\u0131ndan tayin edilen Vali yard\u0131mc\u0131lar\u0131ndan birisinin ba\u015fkanl\u0131\u011f\u0131nda; Bilim, Sanayi ve Teknoloji \u0130l M\u00fcd\u00fcrl\u00fc\u011f\u00fc, Vergi Dairesi M\u00fcd\u00fcrl\u00fc\u011f\u00fc, Sosyal G\u00fcvenlik \u0130l M\u00fcd\u00fcrl\u00fc\u011f\u00fc, Kalk\u0131nma Ajans\u0131 ile elektrik da\u011f\u0131t\u0131m \u015firketinden birer temsilci kat\u0131l\u0131m\u0131yla Enerji Deste\u011fi Komisyonu olu\u015fturulacak. Komisyon, ilde bulunan i\u015fletmelerin destek taleplerini ayl\u0131k d\u00f6nemler halinde de\u011ferlendirecek.<\/p>","protected":false},"excerpt":{"rendered":"<p>Sorry, this entry is only available in Turkish. For the sake of viewer convenience, the content is shown below in the alternative language. You may click the link to switch the active language.Ekonomi Bakanl\u0131\u011f\u0131\u2019n\u0131n Cazibe Merkezleri Program\u0131 Kapsam\u0131nda Yat\u0131r\u0131mlar\u0131n Desteklenmesi Hakk\u0131nda 2018\/11201 Say\u0131l\u0131 Karar\u0131n Uygulanmas\u0131na \u0130li\u015fkin Tebli\u011fi, 15 Mart\u2019ta Resmi Gazete\u2019de yay\u0131mland\u0131. S\u00f6z konusu Karar [&hellip;]<\/p>\n","protected":false},"author":1,"featured_media":51353,"comment_status":"open","ping_status":"open","sticky":false,"template":"","format":"standard","meta":[],"categories":[51,53],"tags":[37113,25433,546,67,1009,1388,7789],"views":392,"_links":{"self":[{"href":"https:\/\/www.enerjigazetesi.ist\/en\/wp-json\/wp\/v2\/posts\/72492"}],"collection":[{"href":"https:\/\/www.enerjigazetesi.ist\/en\/wp-json\/wp\/v2\/posts"}],"about":[{"href":"https:\/\/www.enerjigazetesi.ist\/en\/wp-json\/wp\/v2\/types\/post"}],"author":[{"embeddable":true,"href":"https:\/\/www.enerjigazetesi.ist\/en\/wp-json\/wp\/v2\/users\/1"}],"replies":[{"embeddable":true,"href":"https:\/\/www.enerjigazetesi.ist\/en\/wp-json\/wp\/v2\/comments?post=72492"}],"version-history":[{"count":1,"href":"https:\/\/www.enerjigazetesi.ist\/en\/wp-json\/wp\/v2\/posts\/72492\/revisions"}],"predecessor-version":[{"id":72493,"href":"https:\/\/www.enerjigazetesi.ist\/en\/wp-json\/wp\/v2\/posts\/72492\/revisions\/72493"}],"wp:featuredmedia":[{"embeddable":true,"href":"https:\/\/www.enerjigazetesi.ist\/en\/wp-json\/wp\/v2\/media\/51353"}],"wp:attachment":[{"href":"https:\/\/www.enerjigazetesi.ist\/en\/wp-json\/wp\/v2\/media?parent=72492"}],"wp:term":[{"taxonomy":"category","embeddable":true,"href":"https:\/\/www.enerjigazetesi.ist\/en\/wp-json\/wp\/v2\/categories?post=72492"},{"taxonomy":"post_tag","embeddable":true,"href":"https:\/\/www.enerjigazetesi.ist\/en\/wp-json\/wp\/v2\/tags?post=72492"}],"curies":[{"name":"wp","href":"https:\/\/api.w.org\/{rel}","templated":true}]}}