{"id":72463,"date":"2018-03-15T11:19:36","date_gmt":"2018-03-15T08:19:36","guid":{"rendered":"https:\/\/www.enerjigazetesi.ist\/?p=72463"},"modified":"2018-03-15T11:22:15","modified_gmt":"2018-03-15T08:22:15","slug":"dunyanin-onde-gelen-sirketleri-jeotermal-kongresi-icin-ankaraya-geliyor","status":"publish","type":"post","link":"https:\/\/www.enerjigazetesi.ist\/en\/dunyanin-onde-gelen-sirketleri-jeotermal-kongresi-icin-ankaraya-geliyor\/","title":{"rendered":"(Turkish) \u00d6nde Gelen Firmalar, Jeotermal Kongresi \u0130\u00e7in Ankara\u2019ya Geliyor"},"content":{"rendered":"<p class=\"qtranxs-available-languages-message qtranxs-available-languages-message-en\">Sorry, this entry is only available in <a href=\"https:\/\/www.enerjigazetesi.ist\/tr\/wp-json\/wp\/v2\/posts\/72463\" class=\"qtranxs-available-language-link qtranxs-available-language-link-tr\" title=\"Turkish\">Turkish<\/a>. For the sake of viewer convenience, the content is shown below in the alternative language. You may click the link to switch the active language.<\/p><p><strong>Enerji sekt\u00f6r\u00fcnde d\u00fcnyan\u0131n \u00f6nde gelen \u015firketleri, jeotermal kongresi i\u00e7in Ankara\u2019ya geliyor. 14-15 Mart tarihlerindeki kongreye, 400\u2019\u00fc a\u015fk\u0131n CEO kat\u0131lacak.<\/strong><span id=\"more-98664\"><\/span><\/p>\n<p>Enerji ve Tabii Kaynaklar Bakan\u0131 Berat Albayrak\u2019\u0131n b\u00fcy\u00fck \u00f6nem verdi\u011fi \u2018T\u00fcrkiye\u2019nin enerji merkezi olmas\u0131\u2019 projesi kapsam\u0131nda \u00f6nemli bir ad\u0131m daha at\u0131l\u0131yor. Enerji sekt\u00f6r\u00fcnde d\u00fcnyan\u0131n \u00f6nde gelen \u015firketleri, jeotermal enerji kongresi kapsam\u0131nda T\u00fcrkiye\u2019ye geliyor.<img loading=\"lazy\" class=\"alignright wp-image-70392 size-medium\" src=\"https:\/\/www.enerjigazetesi.ist\/wp-content\/uploads\/2017\/12\/manisada-yer-alan-jeotermal-enerji-kaynaklari-degerlendirildi-300x169.jpg\" alt=\"dunyanin-onde-gelen-sirketleri-jeotermal-kongresi-icin-ankaraya-geliyor\" width=\"300\" height=\"169\" srcset=\"https:\/\/www.enerjigazetesi.ist\/wp-content\/uploads\/2017\/12\/manisada-yer-alan-jeotermal-enerji-kaynaklari-degerlendirildi-300x169.jpg 300w, https:\/\/www.enerjigazetesi.ist\/wp-content\/uploads\/2017\/12\/manisada-yer-alan-jeotermal-enerji-kaynaklari-degerlendirildi-500x282.jpg 500w, https:\/\/www.enerjigazetesi.ist\/wp-content\/uploads\/2017\/12\/manisada-yer-alan-jeotermal-enerji-kaynaklari-degerlendirildi-80x45.jpg 80w, https:\/\/www.enerjigazetesi.ist\/wp-content\/uploads\/2017\/12\/manisada-yer-alan-jeotermal-enerji-kaynaklari-degerlendirildi.jpg 696w\" sizes=\"(max-width: 300px) 100vw, 300px\" \/><\/p>\n<p>Kongreye 400\u2019\u00fcn \u00fczerinde, d\u00fcnyaca tan\u0131nm\u0131\u015f sekt\u00f6r\u00fcn \u00fcnl\u00fc CEO\u2019lar\u0131 kat\u0131l\u0131yor. Jeotermal yat\u0131r\u0131mlar\u0131n art\u0131r\u0131lmas\u0131, kredi musluklar\u0131n\u0131n a\u00e7\u0131lmas\u0131 ve i\u015fbirli\u011fi ba\u015fta olmak \u00fczere b\u00fcy\u00fck projelerin \u00f6n\u00fcn\u00fc a\u00e7acak konular kongrede masaya yat\u0131r\u0131lacak. D\u00fcnya Bankas\u0131\u2019n\u0131n \u00f6nc\u00fcl\u00fck etti\u011fi d\u00fcnyan\u0131n en prestijli enerji kongrelerinden olan IGC\u2019nin 3\u2019\u00fcnc\u00fcs\u00fc 14-15 Mart\u2019ta Ankara\u2019da d\u00fczenlenecek. Kongre, son 5 y\u0131lda jeotermalde en h\u0131zl\u0131 b\u00fcy\u00fcyen \u00fclke olan T\u00fcrkiye\u2019de jeotermal end\u00fcstrisine y\u00f6nelik yat\u0131r\u0131m f\u0131rsatlar\u0131na zemin olu\u015fturacak. \u00c7\u0131kar\u0131lan yasayla jeotermalde 25 megavat olan kurulu g\u00fc\u00e7, bug\u00fcn yerli ve milli desteklerle bin 100 megavata \u00e7\u0131kt\u0131. Jeotermal enerjide hedefine d\u00fcnya birincili\u011fini koyan T\u00fcrkiye, 2020\u2019ye kadar 4 bin megavat kurulu g\u00fcce ula\u015farak d\u00fcnya jeotermalden elektrik \u00fcretimi s\u0131ralamas\u0131nda ilk 3 \u00fclke aras\u0131na girecek.<\/p>","protected":false},"excerpt":{"rendered":"<p>Sorry, this entry is only available in Turkish. For the sake of viewer convenience, the content is shown below in the alternative language. You may click the link to switch the active language.Enerji sekt\u00f6r\u00fcnde d\u00fcnyan\u0131n \u00f6nde gelen \u015firketleri, jeotermal kongresi i\u00e7in Ankara\u2019ya geliyor. 14-15 Mart tarihlerindeki kongreye, 400\u2019\u00fc a\u015fk\u0131n CEO kat\u0131lacak. Enerji ve Tabii Kaynaklar [&hellip;]<\/p>\n","protected":false},"author":1,"featured_media":70392,"comment_status":"open","ping_status":"open","sticky":false,"template":"","format":"standard","meta":[],"categories":[53,48],"tags":[27051,63,67,1009,165,2069,1389,16077,23226,33688,34985],"views":763,"_links":{"self":[{"href":"https:\/\/www.enerjigazetesi.ist\/en\/wp-json\/wp\/v2\/posts\/72463"}],"collection":[{"href":"https:\/\/www.enerjigazetesi.ist\/en\/wp-json\/wp\/v2\/posts"}],"about":[{"href":"https:\/\/www.enerjigazetesi.ist\/en\/wp-json\/wp\/v2\/types\/post"}],"author":[{"embeddable":true,"href":"https:\/\/www.enerjigazetesi.ist\/en\/wp-json\/wp\/v2\/users\/1"}],"replies":[{"embeddable":true,"href":"https:\/\/www.enerjigazetesi.ist\/en\/wp-json\/wp\/v2\/comments?post=72463"}],"version-history":[{"count":2,"href":"https:\/\/www.enerjigazetesi.ist\/en\/wp-json\/wp\/v2\/posts\/72463\/revisions"}],"predecessor-version":[{"id":72467,"href":"https:\/\/www.enerjigazetesi.ist\/en\/wp-json\/wp\/v2\/posts\/72463\/revisions\/72467"}],"wp:featuredmedia":[{"embeddable":true,"href":"https:\/\/www.enerjigazetesi.ist\/en\/wp-json\/wp\/v2\/media\/70392"}],"wp:attachment":[{"href":"https:\/\/www.enerjigazetesi.ist\/en\/wp-json\/wp\/v2\/media?parent=72463"}],"wp:term":[{"taxonomy":"category","embeddable":true,"href":"https:\/\/www.enerjigazetesi.ist\/en\/wp-json\/wp\/v2\/categories?post=72463"},{"taxonomy":"post_tag","embeddable":true,"href":"https:\/\/www.enerjigazetesi.ist\/en\/wp-json\/wp\/v2\/tags?post=72463"}],"curies":[{"name":"wp","href":"https:\/\/api.w.org\/{rel}","templated":true}]}}