{"id":72395,"date":"2018-03-13T14:25:34","date_gmt":"2018-03-13T11:25:34","guid":{"rendered":"https:\/\/www.enerjigazetesi.ist\/?p=72395"},"modified":"2018-03-13T14:25:34","modified_gmt":"2018-03-13T11:25:34","slug":"turkiyede-ruzgar-enerjisinin-yuzde-19u-izmirden","status":"publish","type":"post","link":"https:\/\/www.enerjigazetesi.ist\/en\/turkiyede-ruzgar-enerjisinin-yuzde-19u-izmirden\/","title":{"rendered":"(Turkish) T\u00fcrkiye\u2019de R\u00fczgar Enerjisinin Y\u00fczde 19\u2019u \u0130zmir&#8217;den&#8230;"},"content":{"rendered":"<p class=\"qtranxs-available-languages-message qtranxs-available-languages-message-en\">Sorry, this entry is only available in <a href=\"https:\/\/www.enerjigazetesi.ist\/tr\/wp-json\/wp\/v2\/posts\/72395\" class=\"qtranxs-available-language-link qtranxs-available-language-link-tr\" title=\"Turkish\">Turkish<\/a>. For the sake of viewer convenience, the content is shown below in the alternative language. You may click the link to switch the active language.<\/p><p><strong>T\u00fcrkiye\u2019nin 6 bin 872 megavatl\u0131k r\u00fczgar enerjisi kurulu g\u00fcc\u00fcn\u00fcn y\u00fczde 19\u2019una sahipli\u011fi sahip olan \u0130zmir, Yenilenebilir Enerji Kaynak Alanlar\u0131 (YEKA) kapsam\u0131nda ger\u00e7ekle\u015ftirilmesi planlanan yat\u0131r\u0131mlarda da aday kentler aras\u0131nda \u00f6n planda yer almaktad\u0131r.<img loading=\"lazy\" class=\"alignright size-medium wp-image-50070\" src=\"https:\/\/www.enerjigazetesi.ist\/wp-content\/uploads\/2016\/02\/ovacik-res-icin-halk-toplantisi-yapilacak-300x215.jpg\" alt=\"\" width=\"300\" height=\"215\" srcset=\"https:\/\/www.enerjigazetesi.ist\/wp-content\/uploads\/2016\/02\/ovacik-res-icin-halk-toplantisi-yapilacak-300x215.jpg 300w, https:\/\/www.enerjigazetesi.ist\/wp-content\/uploads\/2016\/02\/ovacik-res-icin-halk-toplantisi-yapilacak-69x50.jpg 69w, https:\/\/www.enerjigazetesi.ist\/wp-content\/uploads\/2016\/02\/ovacik-res-icin-halk-toplantisi-yapilacak.jpg 448w\" sizes=\"(max-width: 300px) 100vw, 300px\" \/><\/strong><\/p>\n<p>T\u00fcrkiye R\u00fczgar Enerjisi Birli\u011fi verilerinden derlenen bilgiye g\u00f6re, Enerji ve Tabii Kaynaklar Bakanl\u0131\u011f\u0131n\u0131n yenilenebilir enerji alan\u0131nda sa\u011flad\u0131\u011f\u0131 desteklerin etkisiyle T\u00fcrkiye, son 10 y\u0131lda r\u00fczgar enerjisi kurulu g\u00fcc\u00fcn\u00fc 47 kat art\u0131rarak 146 megavattan 6 bin 872 megavata ula\u015ft\u0131rd\u0131. Kurulu g\u00fc\u00e7 iller baz\u0131nda de\u011ferlendirildi\u011finde \u0130zmir, bin 331 megavatla ilk s\u0131rada yer ald\u0131. Bu kenti bin 69 megavatla Bal\u0131kesir ve 660 megavatla Manisa izledi.<\/p>\n<p>Toplam kurulu g\u00fcc\u00fcn y\u00fczde 19\u2019una sahip olan \u0130zmir\u2019de 53 megavat kurulu g\u00fc\u00e7teki r\u00fczgar santrali yat\u0131r\u0131m\u0131 ise s\u00fcrmektedir. R\u00fczgar t\u00fcrbini kanat ve kule \u00fcreticilerine de ev sahipli\u011fi yapan \u0130zmir\u2019de, bu alanda d\u00fcnyan\u0131n en b\u00fcy\u00fckleri aras\u0131nda g\u00f6sterilen TPI Kompozit, Enercon ve LM Wind Power\u2019\u0131n \u00fcretim tesisleri yer almaktad\u0131r.<\/p>","protected":false},"excerpt":{"rendered":"<p>Sorry, this entry is only available in Turkish. For the sake of viewer convenience, the content is shown below in the alternative language. You may click the link to switch the active language.T\u00fcrkiye\u2019nin 6 bin 872 megavatl\u0131k r\u00fczgar enerjisi kurulu g\u00fcc\u00fcn\u00fcn y\u00fczde 19\u2019una sahipli\u011fi sahip olan \u0130zmir, Yenilenebilir Enerji Kaynak Alanlar\u0131 (YEKA) kapsam\u0131nda ger\u00e7ekle\u015ftirilmesi planlanan [&hellip;]<\/p>\n","protected":false},"author":1,"featured_media":62049,"comment_status":"open","ping_status":"open","sticky":false,"template":"","format":"standard","meta":[],"categories":[53,50],"tags":[19,1972,37082,36930,474,35002,16,24949,23318,34960,1053,25578],"views":1283,"_links":{"self":[{"href":"https:\/\/www.enerjigazetesi.ist\/en\/wp-json\/wp\/v2\/posts\/72395"}],"collection":[{"href":"https:\/\/www.enerjigazetesi.ist\/en\/wp-json\/wp\/v2\/posts"}],"about":[{"href":"https:\/\/www.enerjigazetesi.ist\/en\/wp-json\/wp\/v2\/types\/post"}],"author":[{"embeddable":true,"href":"https:\/\/www.enerjigazetesi.ist\/en\/wp-json\/wp\/v2\/users\/1"}],"replies":[{"embeddable":true,"href":"https:\/\/www.enerjigazetesi.ist\/en\/wp-json\/wp\/v2\/comments?post=72395"}],"version-history":[{"count":1,"href":"https:\/\/www.enerjigazetesi.ist\/en\/wp-json\/wp\/v2\/posts\/72395\/revisions"}],"predecessor-version":[{"id":72396,"href":"https:\/\/www.enerjigazetesi.ist\/en\/wp-json\/wp\/v2\/posts\/72395\/revisions\/72396"}],"wp:featuredmedia":[{"embeddable":true,"href":"https:\/\/www.enerjigazetesi.ist\/en\/wp-json\/wp\/v2\/media\/62049"}],"wp:attachment":[{"href":"https:\/\/www.enerjigazetesi.ist\/en\/wp-json\/wp\/v2\/media?parent=72395"}],"wp:term":[{"taxonomy":"category","embeddable":true,"href":"https:\/\/www.enerjigazetesi.ist\/en\/wp-json\/wp\/v2\/categories?post=72395"},{"taxonomy":"post_tag","embeddable":true,"href":"https:\/\/www.enerjigazetesi.ist\/en\/wp-json\/wp\/v2\/tags?post=72395"}],"curies":[{"name":"wp","href":"https:\/\/api.w.org\/{rel}","templated":true}]}}