{"id":72361,"date":"2018-03-12T16:41:29","date_gmt":"2018-03-12T13:41:29","guid":{"rendered":"https:\/\/www.enerjigazetesi.ist\/?p=72361"},"modified":"2018-03-12T16:41:29","modified_gmt":"2018-03-12T13:41:29","slug":"ge-ve-fina-enerjiden-yenilenebilir-enerjinin-gelisimi-icin-gucbirligi","status":"publish","type":"post","link":"https:\/\/www.enerjigazetesi.ist\/en\/ge-ve-fina-enerjiden-yenilenebilir-enerjinin-gelisimi-icin-gucbirligi\/","title":{"rendered":"(Turkish) GE ve Fina Enerji\u2019den Yenilenebilir Enerjinin Geli\u015fimi \u0130\u00e7in G\u00fc\u00e7birli\u011fi"},"content":{"rendered":"<p class=\"qtranxs-available-languages-message qtranxs-available-languages-message-en\">Sorry, this entry is only available in <a href=\"https:\/\/www.enerjigazetesi.ist\/tr\/wp-json\/wp\/v2\/posts\/72361\" class=\"qtranxs-available-language-link qtranxs-available-language-link-tr\" title=\"Turkish\">Turkish<\/a>. For the sake of viewer convenience, the content is shown below in the alternative language. You may click the link to switch the active language.<\/p><p><strong>GE Yenilenebilir Enerji ve Fina Enerji 410 MW enerji sa\u011flayacak potansiyel sekiz proje i\u00e7in mutabakat anla\u015fmas\u0131 imzalad\u0131.<\/strong><\/p>\n<p>GE Yenilenebilir Enerji (NYSE:GE) veFiba Grubu\u2019nun enerji sekt\u00f6r\u00fcnde faaliyet g\u00f6steren i\u015ftiraki Fina Enerji, T\u00fcrkiye\u2019de potansiyel sekiz r\u00fczg\u00e2r enerjisi projesine410 MW\u2019l\u0131k g\u00fc\u00e7 sa\u011flamak i\u00e7in bir mutabakat anla\u015fmas\u0131 imzalad\u0131. 2017 y\u0131l\u0131 sonunda imzalanan K\u0131z\u0131lcaterzi R\u00fczgar Enerjisi Santrali anla\u015fmas\u0131yla<\/p>\n<p><img loading=\"lazy\" class=\"alignright wp-image-72362 size-medium\" src=\"https:\/\/www.enerjigazetesi.ist\/wp-content\/uploads\/2018\/03\/ge-ve-fina-enerjiden-yenilenebilir-enerjinin-gelisimi-icin-gucbirligi-300x200.jpg\" alt=\"\" width=\"300\" height=\"200\" srcset=\"https:\/\/www.enerjigazetesi.ist\/wp-content\/uploads\/2018\/03\/ge-ve-fina-enerjiden-yenilenebilir-enerjinin-gelisimi-icin-gucbirligi-300x200.jpg 300w, https:\/\/www.enerjigazetesi.ist\/wp-content\/uploads\/2018\/03\/ge-ve-fina-enerjiden-yenilenebilir-enerjinin-gelisimi-icin-gucbirligi-500x333.jpg 500w, https:\/\/www.enerjigazetesi.ist\/wp-content\/uploads\/2018\/03\/ge-ve-fina-enerjiden-yenilenebilir-enerjinin-gelisimi-icin-gucbirligi-75x50.jpg 75w, https:\/\/www.enerjigazetesi.ist\/wp-content\/uploads\/2018\/03\/ge-ve-fina-enerjiden-yenilenebilir-enerjinin-gelisimi-icin-gucbirligi.jpg 690w\" sizes=\"(max-width: 300px) 100vw, 300px\" \/><\/p>\n<p>birlikte toplam 425MW\u2019a ula\u015facak kurulu g\u00fcc\u00fcn 2020 y\u0131l\u0131 sonuna kadar devreye al\u0131nmas\u0131 \u00f6ng\u00f6r\u00fclmektedir. Bu i\u015fbirli\u011fi, T\u00fcrkiye\u2019nin r\u00fczgar enerjisi alan\u0131nda 20 gigavatl\u0131k (GW) toplam kapasiteye ula\u015fmak ve enerjinin y\u00fczde 30\u2019unun yenilenebilir kaynaklardan elde etmek y\u00f6n\u00fcndeki hedeflerine ula\u015fmas\u0131na katk\u0131da bulunacak.<\/p>\n<p>GE\u2019nin 3.8-130 r\u00fczg\u00e2r t\u00fcrbininitedarik etmesini ve uzun s\u00fcreli servis hizmetlerini \u00fcstlenmesini \u00f6ng\u00f6ren anla\u015fman\u0131n imza t\u00f6reni GE Y\u00f6netim Kurulu Ba\u015fkan\u0131 ve CEO\u2019su John Flannery ve Fina Enerji Y\u00f6netim Kurulu Ba\u015fkan\u0131 Murat \u00d6zye\u011fin\u2019in kat\u0131l\u0131m\u0131yla ger\u00e7ekle\u015fti. R\u00fczg\u00e2r enerjisi santrallerinin2019 ve 2020 y\u0131llar\u0131nda ticari olarak faaliyete ba\u015flamas\u0131ve T\u00fcrkiye\u2019ninfarkl\u0131b\u00f6lgelerinde kurulmas\u0131 planlan\u0131yor.<\/p>\n<p><strong>Fina Enerji Y\u00f6netim Kurulu Ba\u015fkan\u0131 Murat \u00d6zye\u011fin,<\/strong>\u201cFina Enerji olarak, \u00fclkemizin yenilenebilir enerji hedeflerine ula\u015fmas\u0131na b\u00fcy\u00fck katk\u0131 sa\u011flayaca\u011f\u0131n\u0131 d\u00fc\u015f\u00fcnd\u00fc\u011f\u00fcm\u00fcz bu anla\u015fmaya imza atmaktan gurur duyuyoruz. 2007 y\u0131l\u0131ndan itibaren h\u0131z kesmeden ve hedeflerimizi her ge\u00e7en g\u00fcn b\u00fcy\u00fcterek yat\u0131r\u0131mlar\u0131m\u0131za devam etmekteyiz. GE ile imzalad\u0131\u011f\u0131m\u0131z anla\u015fmalar ile r\u00fczgar enerjisi alan\u0131nda halihaz\u0131rda 336 MW olan kurulu g\u00fcc\u00fcm\u00fcz\u00fc \u00f6n\u00fcm\u00fczdeki 2 y\u0131l i\u00e7inde 761 MW\u2019a \u00e7\u0131karaca\u011f\u0131z. Bu s\u00fcre\u00e7te \u00f6zellikle yerli \u00fcretime katk\u0131s\u0131n\u0131 art\u0131ran, uzun s\u00fcreli i\u015f orta\u011f\u0131m\u0131z GE ile yolumuza devam etmekten b\u00fcy\u00fck mutluluk duyuyoruz\u201d dedi.<\/p>\n<p>GE\u2019nin 3.8-130 r\u00fczg\u00e2r t\u00fcrbini, 130 metrelik rotor \u00e7ap\u0131, y\u00fck y\u00f6netim kontrolleri, d\u00fc\u015f\u00fck akustik emisyonlar\u0131, verimli bir elektrik enerjisi d\u00f6n\u00fc\u015f\u00fcm\u00fc ve g\u00fc\u00e7l\u00fc bir performans sunuyor. T\u00fcrbinler,yerli aksam d\u00fczenlemelerineuygun olarak \u00fclkedeki istihdam\u0131 ve yerelle\u015ftirme \u00e7abalar\u0131n\u0131 destekleyecek.<\/p>\n<p><strong>GE Yenilenebilir Enerji Orta Do\u011fu, Kuzey Afrika ve T\u00fcrkiye Genel M\u00fcd\u00fcr\u00fc Dr. Manar Al Moneef, \u201c<\/strong>\u00c7al\u0131\u015fmalar\u0131m\u0131z\u0131n, ulusal stratejilerin ger\u00e7ekle\u015ftirilmesine aktif bir \u015fekilde katk\u0131da bulunmas\u0131ndan b\u00fcy\u00fck gurur duyuyoruz. Fina Enerji\u2019yle olan anla\u015fmam\u0131z ger\u00e7ek bir i\u015fbirli\u011finin sa\u011flayaca\u011f\u0131 ba\u015far\u0131y\u0131 temsil ediyor. T\u00fcrkiye\u2019de yenilenebilir enerji hedeflerini desteklemenin yan\u0131 s\u0131ra GE olarak ayn\u0131 zamanda yerel \u00fcretimin ve istihdam\u0131n geli\u015ftirmesi i\u00e7in de \u00e7al\u0131\u015f\u0131yoruz. \u0130zmir\u2019de 2017\u2019de \u00fcretime ba\u015flayan GE\u2019nin LM Wind Power t\u00fcrbin kanad\u0131 fabrikas\u0131 bu taahh\u00fcd\u00fcm\u00fcz\u00fcn bir kan\u0131t\u0131d\u0131r. Bu anla\u015fma konusundason derece heyecanl\u0131y\u0131z.\u201d<\/p>\n<p>\u0130mzalananmutabakat anla\u015fmas\u0131, GE veFina Enerji aras\u0131nda var olan k\u00f6kl\u00fcili\u015fkiyi daha da g\u00fc\u00e7lendiriyor. GE ve Fina Enerji, Nisan 2017\u2019de 10 Y\u0131l S\u00fcreli Servis Anla\u015fmas\u0131 ile i\u015fbirli\u011fini geli\u015ftirmeye karar verdiklerini duyurmu\u015ftu. Bu anla\u015fmaya ek olarak da GE&#8217;nin Predix platformunda \u00e7al\u0131\u015fan Dijital R\u00fczgar Santrali \u00e7\u00f6z\u00fcmlerinin Fina Enerji\u2019nin mevcut r\u00fczgar santrallerinde iki y\u0131ll\u0131k bir deneme s\u00fcresiyle sa\u011flanmas\u0131na da karar verilmi\u015fti.<\/p>","protected":false},"excerpt":{"rendered":"<p>Sorry, this entry is only available in Turkish. For the sake of viewer convenience, the content is shown below in the alternative language. You may click the link to switch the active language.GE Yenilenebilir Enerji ve Fina Enerji 410 MW enerji sa\u011flayacak potansiyel sekiz proje i\u00e7in mutabakat anla\u015fmas\u0131 imzalad\u0131. GE Yenilenebilir Enerji (NYSE:GE) veFiba Grubu\u2019nun [&hellip;]<\/p>\n","protected":false},"author":1,"featured_media":72362,"comment_status":"open","ping_status":"open","sticky":false,"template":"","format":"standard","meta":[],"categories":[53],"tags":[67,1009,19897,24949,23318,105],"views":692,"_links":{"self":[{"href":"https:\/\/www.enerjigazetesi.ist\/en\/wp-json\/wp\/v2\/posts\/72361"}],"collection":[{"href":"https:\/\/www.enerjigazetesi.ist\/en\/wp-json\/wp\/v2\/posts"}],"about":[{"href":"https:\/\/www.enerjigazetesi.ist\/en\/wp-json\/wp\/v2\/types\/post"}],"author":[{"embeddable":true,"href":"https:\/\/www.enerjigazetesi.ist\/en\/wp-json\/wp\/v2\/users\/1"}],"replies":[{"embeddable":true,"href":"https:\/\/www.enerjigazetesi.ist\/en\/wp-json\/wp\/v2\/comments?post=72361"}],"version-history":[{"count":1,"href":"https:\/\/www.enerjigazetesi.ist\/en\/wp-json\/wp\/v2\/posts\/72361\/revisions"}],"predecessor-version":[{"id":72363,"href":"https:\/\/www.enerjigazetesi.ist\/en\/wp-json\/wp\/v2\/posts\/72361\/revisions\/72363"}],"wp:featuredmedia":[{"embeddable":true,"href":"https:\/\/www.enerjigazetesi.ist\/en\/wp-json\/wp\/v2\/media\/72362"}],"wp:attachment":[{"href":"https:\/\/www.enerjigazetesi.ist\/en\/wp-json\/wp\/v2\/media?parent=72361"}],"wp:term":[{"taxonomy":"category","embeddable":true,"href":"https:\/\/www.enerjigazetesi.ist\/en\/wp-json\/wp\/v2\/categories?post=72361"},{"taxonomy":"post_tag","embeddable":true,"href":"https:\/\/www.enerjigazetesi.ist\/en\/wp-json\/wp\/v2\/tags?post=72361"}],"curies":[{"name":"wp","href":"https:\/\/api.w.org\/{rel}","templated":true}]}}