{"id":72355,"date":"2018-03-12T15:23:32","date_gmt":"2018-03-12T12:23:32","guid":{"rendered":"https:\/\/www.enerjigazetesi.ist\/?p=72355"},"modified":"2018-03-12T15:24:27","modified_gmt":"2018-03-12T12:24:27","slug":"turkiyenin-kadin-muhendisleri-turkiyede-kadin-muhendis-olmayi-anlatti","status":"publish","type":"post","link":"https:\/\/www.enerjigazetesi.ist\/en\/turkiyenin-kadin-muhendisleri-turkiyede-kadin-muhendis-olmayi-anlatti\/","title":{"rendered":"(Turkish) \u201cKad\u0131n M\u00fchendisler, T\u00fcrkiye\u2019de Kad\u0131n M\u00fchendis Olmay\u0131\u201d Anlatt\u0131"},"content":{"rendered":"<p class=\"qtranxs-available-languages-message qtranxs-available-languages-message-en\">Sorry, this entry is only available in <a href=\"https:\/\/www.enerjigazetesi.ist\/tr\/wp-json\/wp\/v2\/posts\/72355\" class=\"qtranxs-available-language-link qtranxs-available-language-link-tr\" title=\"Turkish\">Turkish<\/a>. For the sake of viewer convenience, the content is shown below in the alternative language. You may click the link to switch the active language.<\/p><p><strong>Boreas ve Samsung firmalar\u0131, 8 Mart D\u00fcnya Kad\u0131nlar G\u00fcn\u00fc\u2019nde \u2018\u0130klimlendirme Sekt\u00f6r\u00fcn\u00fcn M\u00fchendis Kad\u0131nlar\u0131 Konu\u015fuyor\u2019 adl\u0131 bir panel d\u00fczenledi. Panelde Samsung Electronics T\u00fcrkiye Sistem Klimalar\u0131ndan Sorumlu K\u0131demli M\u00fcd\u00fcr Okan Tutcu, A\u00e7\u0131k Grubu Y\u00f6netim Kurulu Ba\u015fkan\u0131 Y\u00fcksel A\u00e7\u0131k, FNP M\u00fchendislik\u2019ten Filiz Pehlivan, Polimeks \u0130n\u015faat\u2019tan Elif \u00c7al\u0131ml\u0131, \u00c7evre Yap\u0131 \u0130n\u015faat\u2019tan Esra Kend\u00fczler, Metta Proje\u2019den \u00d6zlem A\u00e7\u0131kg\u00f6z, AE Arma Elektropan\u00e7\u2019dan Ayten Demirta\u015f ve Essa Mekanik\u2019den Esma Sar\u0131aslan Divrikli konu\u015fmac\u0131 olarak yer ald\u0131.<\/strong><\/p>\n<p>Moderat\u00f6rl\u00fc\u011f\u00fcn\u00fc Boreas A.\u015e. Pazarlama M\u00fcd\u00fcr Ezgi Temo\u00e7in ile Samsung Electronics T\u00fcrkiye Sistem Klimalar\u0131ndan Sorumlu K\u0131demli M\u00fcd\u00fcr Okan Tutcu\u2019nun yapt\u0131\u011f\u0131 panelde 300\u2019den fazla kat\u0131l\u0131mc\u0131 yer ald\u0131.<\/p>\n<p>Kad\u0131nlar G\u00fcn\u00fc\u2019n\u00fcn \u00e7\u0131k\u0131\u015f noktas\u0131 olan 1857 direni\u015finden bahsederek bu g\u00fcn\u00fcn bir s\u00fcre\u00e7 oldu\u011funa vurgu<img loading=\"lazy\" class=\"alignright size-medium wp-image-72356\" src=\"https:\/\/www.enerjigazetesi.ist\/wp-content\/uploads\/2018\/03\/turkiyenin-kadin-muhendisleri-turkiyede-kadin-muhendis-olmayi-anlatti-300x189.jpg\" alt=\"\" width=\"300\" height=\"189\" srcset=\"https:\/\/www.enerjigazetesi.ist\/wp-content\/uploads\/2018\/03\/turkiyenin-kadin-muhendisleri-turkiyede-kadin-muhendis-olmayi-anlatti-300x189.jpg 300w, https:\/\/www.enerjigazetesi.ist\/wp-content\/uploads\/2018\/03\/turkiyenin-kadin-muhendisleri-turkiyede-kadin-muhendis-olmayi-anlatti-500x316.jpg 500w, https:\/\/www.enerjigazetesi.ist\/wp-content\/uploads\/2018\/03\/turkiyenin-kadin-muhendisleri-turkiyede-kadin-muhendis-olmayi-anlatti-80x50.jpg 80w, https:\/\/www.enerjigazetesi.ist\/wp-content\/uploads\/2018\/03\/turkiyenin-kadin-muhendisleri-turkiyede-kadin-muhendis-olmayi-anlatti.jpg 751w\" sizes=\"(max-width: 300px) 100vw, 300px\" \/> yapan Ezgi Temo\u00e7in, T\u00fcrkiye \u0130klimlendirme Sekt\u00f6r\u00fcnde ba\u015far\u0131lar\u0131yla ad\u0131n\u0131 tarihe yazd\u0131ran ilk kad\u0131n m\u00fchendisleri de hat\u0131rlatt\u0131.<\/p>\n<p>Konu\u015fmas\u0131na Atat\u00fcrk\u2019\u00fcn \u201cB\u00fcy\u00fck adamlar, b\u00fcy\u00fck kad\u0131nlar\u0131n eseridir s\u00f6z\u00fcn\u00fc hat\u0131rlatarak ba\u015flayan Okan Tutcu, Boreas firmas\u0131 ile sekt\u00f6rde kad\u0131n m\u00fchendis say\u0131s\u0131n\u0131 art\u0131rmaya y\u00f6nelik fark\u0131ndal\u0131k yaratmak istediklerine dikkati \u00e7ekti. Okan Tutcu, \u201cBoreas ile birlikte ger\u00e7ekle\u015ftirdi\u011fimiz bu etkinli\u011fin bir k\u0131v\u0131lc\u0131m olmas\u0131n\u0131 arzu ediyoruz. \u0130nan\u0131yoruz ki, bundan sonra sekt\u00f6r\u00fcm\u00fcze kad\u0131nlar\u0131n ilgisi daha fazla olacak. Biz sadece kad\u0131n kat\u0131l\u0131mc\u0131lar olsun istemedik. Kad\u0131n ve erkeklerin yer almas\u0131n\u0131 istedik. Bizim sekt\u00f6r\u00fcm\u00fczde kad\u0131n\u0131n de\u011ferine dikkat \u00e7ekmi\u015f olaca\u011f\u0131z\u201d a\u00e7\u0131klamas\u0131nda bulundu.<\/p>\n<p>Tutcu\u2019nun ard\u0131ndan konu\u015fan A\u00e7\u0131k Grubu Y\u00f6netim Grubu Ba\u015fkan\u0131 Y\u00fcksel A\u00e7\u0131k, konu\u015fmas\u0131na t\u00fcm kad\u0131nlar\u0131n \u201cD\u00fcnya Emek\u00e7i Kad\u0131nlar G\u00fcn\u00fc\u201dn\u00fc kutlayarak ba\u015flad\u0131. A\u00e7\u0131k\u2019\u0131n, kendi hayat\u0131ndan anekdotlarla renklendirdi\u011fi sunumu, kat\u0131l\u0131mc\u0131lar taraf\u0131ndan ilgi ile dinlendi. A\u00e7\u0131k, \u201cHer insan d\u00fcnyaya g\u00f6z\u00fcn\u00fc a\u00e7t\u0131\u011f\u0131nda bir kad\u0131n\u0131n, annesinin, g\u00f6zlerine bakar. Her insan\u0131n hayat\u0131na ilk dokunan insan annesidir. Benim annem, 57 y\u0131ll\u0131k k\u0131sa \u00f6mr\u00fcne, k\u0131z evlat \u00f6zlemi ile dokuz do\u011fum s\u0131\u011fd\u0131rd\u0131, ama daima erkek evlad\u0131 oldu. Hayatta kalan biz yedi erkek karde\u015f aras\u0131nda ben, annemle ba\u015f ba\u015fa bir y\u0131l ge\u00e7irebilecek kadar \u015fansl\u0131yd\u0131m. Tokat Almus\u2019ta annemle kald\u0131\u011f\u0131m bir y\u0131l boyunca ona yarenlik ederek, biraz da onun k\u0131z evlat \u00f6zlemini dindirmeye u\u011fra\u015farak d\u00fcnyaya kad\u0131n g\u00f6z\u00fcyle bakabilmeyi \u00f6\u011frendim. Annemin neden bu kadar sevildi\u011fini de ke\u015ffettim. Sahip oldu\u011fu empati yetene\u011fi ve insanlar\u0131 kar\u015f\u0131l\u0131ks\u0131z sevmesi nedeniyle, g\u00f6rd\u00fc\u011f\u00fcm en kalabal\u0131k cenaze t\u00f6reniyle u\u011furlanm\u0131\u015f kad\u0131nd\u0131r annem. \u0130lkokuldayken 28 \u00f6\u011frencisine neredeyse annelik yapan bir kad\u0131n \u00f6\u011fretmene sahiptim. Tayininin \u00e7\u0131kt\u0131\u011f\u0131n\u0131 s\u00f6yledi\u011finde istisnas\u0131z her \u00f6\u011frenci g\u00f6zya\u015f\u0131 d\u00f6kt\u00fc. Ben, bir insan\u0131n \u00f6\u011frencileri taraf\u0131ndan bu kadar sevilmesinin nedenini d\u00fc\u015f\u00fcnd\u00fcm ve buldum. Bir iti\u015f kak\u0131\u015f s\u0131ras\u0131nda \u00fc\u00e7 d\u00fc\u011fmem kopup da utana s\u0131k\u0131la s\u0131rama oturdu\u011fumda, elinde i\u011fne, iplik ve d\u00fc\u011fmelerle gelip \u00f6nl\u00fc\u011f\u00fcm\u00fc onard\u0131\u011f\u0131nda bu sorunun yan\u0131t\u0131 daha da netle\u015fti kafamda: E\u015fit muamele ve ger\u00e7ek sevgi, \u00f6\u011fretmenimizi bu kadar sevdirmi\u015fti. Lisede ba\u015fka bir kad\u0131n \u00f6\u011fretmenimden sayg\u0131nl\u0131\u011f\u0131 ve bunun ne kadar \u00f6nemli oldu\u011funu \u00f6\u011frendim. K\u0131ymetli \u015eadan Hocam, herkesi dinleyebilmesi, anlamaya \u00e7al\u0131\u015fmas\u0131yla bu sayg\u0131nl\u0131\u011f\u0131 edinmi\u015fti. Hayat\u0131ma dokunan ve bana bu derece k\u0131ymetli de\u011ferleri \u00f6\u011freten kad\u0131nlara huzurunuzda te\u015fekk\u00fcrlerimi iletiyorum.\u201d Y\u00fcksel A\u00e7\u0131k, A\u00e7\u0131k Grubu \u015eirketlerinin faaliyet alanlar\u0131n\u0131 \u00f6zetledikten sonra, \u015firketlerinde y\u00f6netim kadrosunda yer alan kad\u0131n \u00e7al\u0131\u015fanlara te\u015fekk\u00fcrlerini iletti ve kad\u0131nlar\u0131n \u00f6zellikle detaylara daha iyi odaklanmalar\u0131 ve titizlikleri ile y\u00f6netici kadrosunda \u00e7ok daha ba\u015far\u0131l\u0131 olduklar\u0131na dikkat \u00e7ekti. Y\u00fcksel A\u00e7\u0131k, A\u00e7\u0131k \u015firketler grubunun kad\u0131n i\u015f g\u00fcc\u00fcne ve kad\u0131n y\u00f6neticilere verdi\u011fi \u00f6nemi; \u201cBe\u015f farkl\u0131 sekt\u00f6rde faaliyet g\u00f6steren \u015firketlerimizin \u00fc\u00e7\u00fcnde kad\u0131n y\u00f6neticilerimiz bulunuyor. \u015eirketlerimizdeki kad\u0131n y\u00f6netici oran\u0131; %14 olan T\u00fcrkiye ortalamas\u0131na kar\u015f\u0131 %33\u2019\u00fcn \u00fczerinde\u201d s\u00f6zleriyle vurgulad\u0131.<\/p>\n<p>Y\u00fcksel A\u00e7\u0131k; \u201cbu vesile ile Boreas A.\u015e Genel M\u00fcd\u00fcr Yard\u0131mc\u0131m\u0131z M\u00fcge L\u00fclecio\u011flu\u2019na \u00f6zverili \u00e7al\u0131\u015fmalar\u0131 i\u00e7in te\u015fekk\u00fcr etmek isterim. Vietnam\u2019da fiberoptik ba\u011flant\u0131 ekipmanlar\u0131 \u00fcreten fabrikam\u0131zda 332 ki\u015fi \u00e7al\u0131\u015f\u0131yor. \u00c7al\u0131\u015fanlar\u0131n 219\u2019u yani % 66\u2019s\u0131 kad\u0131n\u201d dedi.<\/p>\n<p>Okan Tutcu\u2019nun Samsung hakk\u0131nda k\u0131saca bilgi vermesinin ard\u0131ndan davet edilen panelistlerden FNP M\u00fchendislik\u2019ten Filiz Pehlivan, \u201cBug\u00fcnlere gelmek hi\u00e7 kolay olmad\u0131. Okul hayat\u0131mdan i\u015f hayat\u0131ma pek \u00e7ok zorlukla kar\u015f\u0131la\u015ft\u0131m elbette. T\u00fcrkiye\u2019deki teknolojik geli\u015fmeler konusunda pek \u00e7ok ilkin i\u00e7inde olduk. MNG Holding, benim i\u00e7in \u00e7ok iyi bir okuldu. Orada \u00e7al\u0131\u015f\u0131rken pek \u00e7ok b\u00fcy\u00fck projede bulunma \u015fans\u0131 yakalad\u0131m. Bu elbette pek \u00e7ok yeni bilgi ve tecr\u00fcbe edinmek anlam\u0131na da geliyordu. Eskiden bilgiye ula\u015fmak bug\u00fcnk\u00fc kadar kolay de\u011fildi. Bir yandan \u00f6\u011frenip bir yandan tasarlamak zorunda kal\u0131yorduk. Bug\u00fcn, bir kad\u0131n olarak \u015firket sahibi, mesle\u011finde ba\u015far\u0131l\u0131 bir i\u015f kad\u0131n\u0131 ve bir anne olarak ba\u015fta Ulu \u00d6nder Atat\u00fcrk olmak \u00fczere T\u00fcrk toplumuna te\u015fekk\u00fcr ediyorum. Beni ba\u015far\u0131l\u0131 k\u0131lan bu topluma vefa borcum oldu\u011funa inan\u0131yorum ve bunun sorumlulu\u011funu ta\u015f\u0131yorum. Gen\u00e7lerin elinden tutman\u0131n, onlara yard\u0131mc\u0131 olman\u0131n, bu sorumlulu\u011fun bir par\u00e7as\u0131 oldu\u011funa inan\u0131yorum. Bunun en rahat yap\u0131labilece\u011fi platform, sivil toplum kurulu\u015flar\u0131. \u00d6ncelikle kendi sekt\u00f6r\u00fcmdeki faal derneklerden T\u00fcrk Tesisat M\u00fchendisleri Derne\u011fi\u2019nde (TTMD) \u00e7al\u0131\u015fmalar\u0131m oldu. Daha sonra TTMD\u2019nin y\u00f6netim kuruluna giren ilk kad\u0131n olarak derne\u011fin genel sekreterlik g\u00f6revini y\u00fcr\u00fctmeye ba\u015flad\u0131m. Yapt\u0131\u011f\u0131m i\u015fi, benden sonra geleceklere \u00f6rnek olmak i\u00e7in daima \u00e7ok iyi yapmam gerekti\u011fine inan\u0131yorum. Ard\u0131ndan T\u00fcrk M\u00fc\u015favir M\u00fchendisler ve Mimarlar Birli\u011fi\u2019ne (TMMMB) \u00fcye oldum. Orada da aktif \u00e7al\u0131\u015fmalar\u0131m\u0131z oldu.<\/p>\n<p>Daha sonra ANG\u0130KAD Giri\u015fimci \u0130\u015f Kad\u0131nlar\u0131 ve Destekleme Derne\u011fi\u2019ne \u00fcye oldum. ANG\u0130KAD, kad\u0131nlar\u0131n e\u015fit haklar\u0131 i\u00e7in ciddi \u00e7al\u0131\u015fmalar yap\u0131yor. T\u00fcrkiye\u2019de kad\u0131n \u00e7al\u0131\u015fanlar\u0131n \u00f6n\u00fcnde ger\u00e7ekten zorluklar var. Ama bu zorluklar a\u015f\u0131lamayacak zorluklar de\u011fil. Yeter ki diren\u00e7li ve donan\u0131ml\u0131 olun\u201d dedi.<\/p>\n<p>Okan Tutcu\u2019nun \u201cBir kad\u0131n olarak \u015fantiyede olmak ne demektir?\u201d sorusuna Elif \u00c7al\u0131ml\u0131, \u201cAsl\u0131n\u0131 isterseniz bana \u015fantiyede daima sayg\u0131yla yakla\u015f\u0131lm\u0131\u015ft\u0131r. Bunda g\u00fczel \u015firketlerde g\u00fczel insanlarla \u00e7al\u0131\u015fm\u0131\u015f olmam\u0131n pay\u0131 b\u00fcy\u00fck elbette. Baret ve yele\u011fimle \u015fantiyeleri alt\u0131n\u0131 \u00fcst\u00fcne getirirken hi\u00e7 kimseden rahats\u0131z edici bir bak\u0131\u015f bile g\u00f6rmedim. Sadece bir tek g\u00fcn arabam\u0131 \u015fantiye binas\u0131n\u0131n arka taraf\u0131na park ettim. Ak\u015fam baretimle yele\u011fimi \u00e7\u0131kar\u0131p arabama do\u011fru y\u00fcr\u00fcmeye ba\u015flad\u0131m. Arabam, i\u015f\u00e7i ko\u011fu\u015flar\u0131n\u0131n oldu\u011fu b\u00f6lgedeydi. Bu beni hi\u00e7 rahats\u0131z etmedi \u00e7\u00fcnk\u00fc zaten sabahtan ak\u015fama kadar \u00fc\u00e7 bin i\u015f\u00e7i ile \u00e7al\u0131\u015f\u0131yorum. O b\u00f6lgeden ge\u00e7erken, pencereden bir i\u015f\u00e7i beni g\u00f6r\u00fcp bir t\u00fcrk\u00fc s\u00f6ylemeye ba\u015flad\u0131. Daha sonra t\u00fcm pencerelerden i\u015f\u00e7iler t\u00fcrk\u00fc s\u00f6ylemeye ba\u015flad\u0131. Ben kendimi arabama att\u0131m ve o an anlad\u0131m ki o baret ve yelek sadece i\u015f g\u00fcvenli\u011fini sa\u011flamakla g\u00f6revli de\u011fil. Bunun d\u0131\u015f\u0131nda \u015fantiyede \u00e7al\u0131\u015fmak bir erkek i\u00e7in ne kadar zorsa bir kad\u0131n i\u00e7in de o kadar zor. Kad\u0131nlar\u0131n hijyen a\u00e7\u0131s\u0131ndan daha titiz olmalar\u0131, uzun \u00e7al\u0131\u015fma saatleri, a\u015f\u0131r\u0131 s\u0131cakta ve a\u015f\u0131r\u0131 so\u011fukta a\u00e7\u0131k havada olmak gibi baz\u0131 ekstra zorluklar\u0131 var ama bence \u015fantiyede olmak \u00e7ok keyifli\u201d yan\u0131t\u0131n\u0131 verdi.<\/p>\n<p>Panelistlerden Esma Sar\u0131aslan Divrikli, \u00fcniversitedeyken evlendi\u011fini ve \u00e7ok erken ya\u015fta \u00e7ocuk sahibi oldu\u011funu, daha sonra bir \u015firketin \u00e7al\u0131\u015fma saatlerine uyamayaca\u011f\u0131 i\u00e7in kendi \u015firketini kurarak serbest \u00e7al\u0131\u015fmay\u0131 istedi\u011fini, b\u00f6ylece Essa Mekanik M\u00fchendislik firmas\u0131n\u0131 kurdu\u011funu dile getirdi. Esra Sar\u0131aslan Divrikli s\u00f6zlerini \u015f\u00f6yle s\u00fcrd\u00fcrd\u00fc: \u201c90\u2019l\u0131 y\u0131llar\u0131n ba\u015f\u0131nda istihdam yarat\u0131p vergi vermek istiyorum diyerek kendi \u015firketimi kurmak i\u00e7in ba\u015fvurdu\u011fumda \u2018E\u015finden izin ka\u011f\u0131d\u0131 getir\u2019 dediler ve ben \u015firketimi o izin ka\u011f\u0131d\u0131yla kurdum. Sekt\u00f6r\u00fcm\u00fcz\u00fcn bug\u00fcn \u00e7ok az olan kad\u0131n say\u0131s\u0131 artt\u0131k\u00e7a, bizler de kendimizi daha g\u00fc\u00e7l\u00fc hissedece\u011fiz. \u0130klimlendirme sekt\u00f6r\u00fc, daha \u00e7ok erkeklerin oldu\u011fu bir meslek dal\u0131. Oysa bedensel g\u00fc\u00e7 isteyen a\u011f\u0131r i\u015fler, g\u00fcn\u00fcm\u00fcz teknolojilerinde art\u0131k makineler ile yap\u0131labiliyor. Dolay\u0131s\u0131yla art\u0131k bu sekt\u00f6rde de kad\u0131nlar\u0131n daha \u00e7ok yer almalar\u0131 gerekiyor. Zira kad\u0131nlar\u0131n zihin g\u00fc\u00e7leri ile yapamayacaklar\u0131 hi\u00e7bir \u015fey yok\u201d dedi.<\/p>\n<p>Panelistlerden Esra Kend\u00fczler ise \u201cHobi olarak tiyatro ile ilgileniyorum. Bir oyunda, bir erkek oyuncuya ko\u00e7luk yaparken y\u00f6netmen taraf\u0131ndan rol\u00fc benim oynamam teklif edildi. Neticede bir kad\u0131n olarak oynad\u0131\u011f\u0131m erkek rol\u00fc ile en iyi erkek oyuncu \u00f6d\u00fcl\u00fc ald\u0131m. Sekt\u00f6re ilk olarak savunma sanayii sekt\u00f6r\u00fc ile ba\u015flad\u0131m ki bu da hi\u00e7 kolay olmad\u0131. \u00c7ok u\u011fra\u015fmam gerekti. Ard\u0131ndan iklimlendirme sekt\u00f6r\u00fcnde devam etmeye karar verdim. Mesle\u011fimizi icra ederken kad\u0131n\u0131n kad\u0131n gibi, erke\u011fin erkek gibi olmas\u0131ndan yanay\u0131m. Asla bir kad\u0131n\u0131n erkek gibi giyinmesi gerekti\u011fini d\u00fc\u015f\u00fcnm\u00fcyorum. E\u015fitli\u011fimiz, hak hukuk, \u00e7al\u0131\u015fma ko\u015fullar\u0131nda olmal\u0131. \u00dcniversitelerin m\u00fchendislik b\u00f6l\u00fcmlerinde k\u0131z \u00f6\u011frenci say\u0131s\u0131 g\u00fcn\u00fcm\u00fczde bile \u00e7ok az. K\u0131zlar\u0131m\u0131z\u0131n m\u00fchendislik alan\u0131nda daha aktif olmalar\u0131n\u0131 diliyorum\u201d dedi.<\/p>\n<p>Ayten Demirta\u015f ise \u201cBenim \u015fantiyede ge\u00e7irdi\u011fim s\u00fcre o kadar yo\u011fun ki, aileme ve \u00f6zel hayat\u0131ma da pek zaman ay\u0131rabildi\u011fimi s\u00f6yleyemeyece\u011fim. Kad\u0131nlar olarak \u00e7ok detayc\u0131 olmam\u0131z, i\u015fimize daha fazla odaklanmam\u0131z\u0131 sa\u011fl\u0131yor. Ben \u00f6\u011frenciyken, tesisat malzemesi satan bir firmada \u00e7al\u0131\u015ft\u0131m ve malzemelere dokundum, neye benzediklerini, nerede kullan\u0131ld\u0131klar\u0131n\u0131 anlad\u0131m, bunun da \u00e7ok faydas\u0131n\u0131 g\u00f6rd\u00fcm. Daha sonra \u015fantiyede \u00e7al\u0131\u015fmak istedi\u011fime karar verdim. Kendi i\u015f yerimin patronu bile bana \u015fantiye i\u00e7in i\u015f aramaya ba\u015flad\u0131. Sadece kad\u0131n oldu\u011fum i\u00e7in uzun s\u00fcre i\u015f bulamad\u0131m. Biz, \u015fantiyede ayakkab\u0131lar\u0131n\u0131 bile b\u0131rak\u0131p giden erkek m\u00fchendisler g\u00f6rd\u00fck, kad\u0131n bu i\u015fi yapamaz\u201d denildi s\u0131kl\u0131kla. Hatta bir defas\u0131nda gitti\u011fim bir g\u00f6r\u00fc\u015fmede, \u201cSizi \u015fantiyede \u00e7al\u0131\u015ft\u0131r\u0131rken bir de pe\u015finize koruma m\u0131 takaca\u011f\u0131z\u201d c\u00fcmlesi ile kar\u015f\u0131la\u015ft\u0131m. Bu beni yolumdan d\u00f6nd\u00fcrebilirdi ama ben tam tersi, bu i\u015fte ba\u015far\u0131l\u0131 olmak i\u00e7in h\u0131rsland\u0131m. Mesle\u011fimle ilgili \u00f6\u011frenebilece\u011fim her \u015feyi \u00f6\u011frenmeye, bilgimi art\u0131rmaya odakland\u0131m. Bug\u00fcn \u015fantiyelerde \u00e7al\u0131\u015f\u0131yorum ve ger\u00e7ekten \u201cayakkab\u0131lar\u0131n\u0131 b\u0131rak\u0131p ka\u00e7an erkek m\u00fchendisleri\u201d ben de g\u00f6rd\u00fcm. \u0130\u015fte tam da bu y\u00fczden, rahatl\u0131kla kad\u0131nlar\u0131n da bu i\u015fi \u00e7ok iyi yapabileceklerinin alt\u0131n\u0131 \u00e7izmek istiyorum\u201d dedi.<\/p>\n<p>Okan Tutcu\u2019nun, \u201cY\u00fcksek lisans\u0131n\u0131z\u0131 Almanya\u2019da yapt\u0131\u011f\u0131n\u0131z i\u00e7in size Almanya\u2019daki ve T\u00fcrkiye\u2019deki e\u011fitim aras\u0131ndaki farklar\u0131 sormak istiyorum\u201d diyerek s\u00f6z verdi\u011fi \u00d6zlem A\u00e7\u0131kg\u00f6z ise \u015funlar\u0131 kaydetti: \u201c\u0130ki \u00fclke aras\u0131ndaki e\u011fitim fark\u0131 \u00e7ok b\u00fcy\u00fck. Almanya\u2019da, \u00f6\u011fretim g\u00f6revlilerinden asistanlara kadar akademik kadronun \u00e7ok daha m\u00fctevaz\u0131 oldu\u011funu s\u00f6yleyebilirim. Orada uygulamal\u0131 e\u011fitim \u00e7ok fazla oldu\u011fundan \u00f6\u011frenmek de \u00e7ok keyifli hale geliyor. \u00dclkemizde de e\u011fitim sisteminin daha uygulamal\u0131 olmas\u0131 gerekti\u011fini d\u00fc\u015f\u00fcn\u00fcyorum. Ayr\u0131ca \u00f6\u011fretim g\u00f6revlilerinin \u00f6\u011frencilerine mesle\u011fini sevdirmelerinin \u00e7ok \u00f6nemli oldu\u011funa inan\u0131yorum.\u201d<\/p>\n<p>Panelin ard\u0131ndan Okan Tutcu, Samsung DVM S 360\u00b0 Kaset Tipi VRF Klima \u00fcr\u00fcn\u00fcn\u00fcn estetik y\u00f6n\u00fc g\u00fc\u00e7l\u00fc uygulama \u00f6rneklerini kat\u0131l\u0131mc\u0131larla payla\u015ft\u0131 ve en \u015f\u0131k uygulama se\u00e7ilen Brisa projesini ger\u00e7ekle\u015ftiren Samsung\u2019un s\u00f6zle\u015fmeli servis firmas\u0131 Geli\u015fim Grup\u2019a plaket verildi.<\/p>\n<p>Panelistlere \u00e7i\u00e7ek ve plaketlerinin takdiminin ard\u0131ndan 8 Mart D\u00fcnya Kad\u0131nlar G\u00fcn\u00fc pastas\u0131 kesildi. Etkinlik d\u00fczenlenen kokteyl ile sona erdi.<\/p>","protected":false},"excerpt":{"rendered":"<p>Sorry, this entry is only available in Turkish. For the sake of viewer convenience, the content is shown below in the alternative language. You may click the link to switch the active language.Boreas ve Samsung firmalar\u0131, 8 Mart D\u00fcnya Kad\u0131nlar G\u00fcn\u00fc\u2019nde \u2018\u0130klimlendirme Sekt\u00f6r\u00fcn\u00fcn M\u00fchendis Kad\u0131nlar\u0131 Konu\u015fuyor\u2019 adl\u0131 bir panel d\u00fczenledi. Panelde Samsung Electronics T\u00fcrkiye Sistem [&hellip;]<\/p>\n","protected":false},"author":1,"featured_media":72356,"comment_status":"open","ping_status":"open","sticky":false,"template":"","format":"standard","meta":[],"categories":[53],"tags":[37015,37064,67,1009,37065,37063,37060,37061,37062],"views":1107,"_links":{"self":[{"href":"https:\/\/www.enerjigazetesi.ist\/en\/wp-json\/wp\/v2\/posts\/72355"}],"collection":[{"href":"https:\/\/www.enerjigazetesi.ist\/en\/wp-json\/wp\/v2\/posts"}],"about":[{"href":"https:\/\/www.enerjigazetesi.ist\/en\/wp-json\/wp\/v2\/types\/post"}],"author":[{"embeddable":true,"href":"https:\/\/www.enerjigazetesi.ist\/en\/wp-json\/wp\/v2\/users\/1"}],"replies":[{"embeddable":true,"href":"https:\/\/www.enerjigazetesi.ist\/en\/wp-json\/wp\/v2\/comments?post=72355"}],"version-history":[{"count":2,"href":"https:\/\/www.enerjigazetesi.ist\/en\/wp-json\/wp\/v2\/posts\/72355\/revisions"}],"predecessor-version":[{"id":72358,"href":"https:\/\/www.enerjigazetesi.ist\/en\/wp-json\/wp\/v2\/posts\/72355\/revisions\/72358"}],"wp:featuredmedia":[{"embeddable":true,"href":"https:\/\/www.enerjigazetesi.ist\/en\/wp-json\/wp\/v2\/media\/72356"}],"wp:attachment":[{"href":"https:\/\/www.enerjigazetesi.ist\/en\/wp-json\/wp\/v2\/media?parent=72355"}],"wp:term":[{"taxonomy":"category","embeddable":true,"href":"https:\/\/www.enerjigazetesi.ist\/en\/wp-json\/wp\/v2\/categories?post=72355"},{"taxonomy":"post_tag","embeddable":true,"href":"https:\/\/www.enerjigazetesi.ist\/en\/wp-json\/wp\/v2\/tags?post=72355"}],"curies":[{"name":"wp","href":"https:\/\/api.w.org\/{rel}","templated":true}]}}