{"id":7235,"date":"2013-02-23T14:07:04","date_gmt":"2013-02-23T11:07:04","guid":{"rendered":"https:\/\/www.enerjigazetesi.ist\/?p=7235"},"modified":"2013-02-23T14:07:04","modified_gmt":"2013-02-23T11:07:04","slug":"enerji-tasarrufu-icin-dunyanin-en-buyuk-kazagini-yaptilar","status":"publish","type":"post","link":"https:\/\/www.enerjigazetesi.ist\/en\/enerji-tasarrufu-icin-dunyanin-en-buyuk-kazagini-yaptilar\/","title":{"rendered":"(Turkish) Enerji Tasarrufu \u0130\u00e7in D\u00fcnyan\u0131n En B\u00fcy\u00fck Kaza\u011f\u0131n\u0131 Yapt\u0131lar"},"content":{"rendered":"<p class=\"qtranxs-available-languages-message qtranxs-available-languages-message-en\">Sorry, this entry is only available in <a href=\"https:\/\/www.enerjigazetesi.ist\/tr\/wp-json\/wp\/v2\/posts\/7235\" class=\"qtranxs-available-language-link qtranxs-available-language-link-tr\" title=\"Turkish\">Turkish<\/a>. For the sake of viewer convenience, the content is shown below in the alternative language. You may click the link to switch the active language.<\/p><p><\/p>\n<h2>T\u00fcrkiye\u2019de enerji tasarrufuna dikkat \u00e7ekmek i\u00e7in ev ve i\u015f yerlerinde kazak giyerek bir y\u0131lda 2 milyar dolar tasarruf sa\u011flanabilece\u011fine dikkat \u00e7eken i\u015f adamlar\u0131 d\u00fcnyan\u0131n en b\u00fcy\u00fck kaza\u011f\u0131n\u0131 \u00fcretti. Bayrampa\u015fa Belediyesi\u2019nin binas\u0131na as\u0131lan kazak, Guinness Rekorlar Kitab\u0131\u2019na girdi. AB Bakan\u0131 ve Ba\u015fm\u00fczakereci Egemen Ba\u011f\u0131\u015f, en b\u00fcy\u00fck kaza\u011f\u0131n ayn\u0131 modelini giydi.<\/h2>\n<div id=\"DivAdnetHaberDetay\">\n<div>\n<p><img loading=\"lazy\" class=\"alignright size-medium wp-image-7236\" title=\"en-buyuk-kazak-enerji-tasarrufu\" src=\"https:\/\/www.enerjigazetesi.ist\/wp-content\/uploads\/2013\/02\/en-buyuk-kazak-enerji-tasarrufu-300x200.jpg\" alt=\"\" width=\"300\" height=\"200\" srcset=\"https:\/\/www.enerjigazetesi.ist\/wp-content\/uploads\/2013\/02\/en-buyuk-kazak-enerji-tasarrufu-300x200.jpg 300w, https:\/\/www.enerjigazetesi.ist\/wp-content\/uploads\/2013\/02\/en-buyuk-kazak-enerji-tasarrufu-500x333.jpg 500w, https:\/\/www.enerjigazetesi.ist\/wp-content\/uploads\/2013\/02\/en-buyuk-kazak-enerji-tasarrufu-75x50.jpg 75w, https:\/\/www.enerjigazetesi.ist\/wp-content\/uploads\/2013\/02\/en-buyuk-kazak-enerji-tasarrufu.jpg 600w\" sizes=\"(max-width: 300px) 100vw, 300px\" \/>Kanada\u2019da uzun s\u00fcredir kutlanan \u2018Kazak Giyme G\u00fcn\u00fc\u2019 her y\u0131l\u0131n 9 \u015eubat\u2019\u0131n tarihinde T\u00fcrkiye\u2019de de kutlanmaya ba\u015fland\u0131. Kazak giyerek \u0131s\u0131nmak i\u00e7in daha az yak\u0131t harcanaca\u011f\u0131n\u0131 ifade eden Bayrampa\u015fa Tekstilci ve Sanayici \u0130\u015fadamlar\u0131 Derne\u011fi (BAT\u0130AD), bu amaca dikkat \u00e7ekmek i\u00e7in d\u00fcnyan\u0131n en b\u00fcy\u00fck kaza\u011f\u0131n\u0131 \u00fcretti.<\/p>\n<p><strong>&#8220;SAKIN KEND\u0130 BA\u015eINIZA KAZAK \u00d6RMEY\u0130N&#8221;<\/strong><\/p>\n<p>D\u00fcnyan\u0131n en b\u00fcy\u00fck kaza\u011f\u0131n\u0131n yap\u0131lmas\u0131nda eme\u011fi ge\u00e7en herkesi tebrik eden Bakan Ba\u011f\u0131\u015f, T\u00fcrkiye\u2019nin Ak Parti\u2019nin iktidara geldi\u011fi 2002 y\u0131l\u0131ndan itibaren d\u00fcnyada itibar\u0131n\u0131n artt\u0131\u011f\u0131na belirterek, &#8220;Kimileri T\u00fcrkiye\u2019nin kalk\u0131nmas\u0131, g\u00fc\u00e7lenmesi ve \u015feffafla\u015fmas\u0131ndan rahats\u0131z olabilir. Buradan T\u00fcrkiye\u2019nin AB\u2019ye \u00fcye olmas\u0131na engel \u00e7\u0131karanlara bir mesaj g\u00f6nderiyoruz. Sak\u0131n kendi ba\u015f\u0131n\u0131za kazak \u00f6rmeyin. T\u00fcrkiye\u2019ye kaza\u011f\u0131 ters giydirmeye kalkmay\u0131n. \u00c7\u00fcnk\u00fc kaza\u011f\u0131n alt\u0131nda kal\u0131rs\u0131n\u0131z. T\u00fcrkiye, krizden \u00e7\u0131k\u0131\u015f olarak da AB\u2019ye ilham kayna\u011f\u0131 olacak bir potansiyele sahip oldu\u011funu \u00e7ok net bir \u015fekilde g\u00f6steriyor. Buradan bir \u00e7a\u011fr\u0131da bulunmak istiyorum. Guinness Rekorlar Kitab\u0131\u2019na girebilecek kadar uzun s\u00fcren AB m\u00fczakere s\u00fcrecini y\u00fcr\u00fctt\u00fck. Ama bunun mutlu sona ula\u015fmas\u0131n\u0131n vakti geldi&#8221; dedi.<\/p>\n<p><strong>&#8220;CAR\u0130 A\u00c7I KAZAK G\u0130YEREK D\u00dc\u015e\u00dcREL\u0130M&#8221;<\/strong><\/p>\n<p>Bayrampa\u015fa Belediye Ba\u015fkan\u0131 Atilla Ayd\u0131ner ise, &#8220;Cari a\u00e7\u0131\u011f\u0131 beraber d\u00fc\u015f\u00fcrelim. Kazak giydikten sonra kombilerin iki derece k\u0131s\u0131lmas\u0131 sonucunda cari a\u00e7\u0131k 2 milyar dolar a\u015fa\u011f\u0131 inecektir. B\u00f6ylece T\u00fcrkiye ekonomisine de ciddi bir katk\u0131 sa\u011flam\u0131\u015f olur. Kaza\u011f\u0131n imalat\u0131n\u0131n 30 g\u00fcnde tamamland\u0131. 18 metre eninde, 46 metre uzunlu\u011funda. Kaza\u011f\u0131n imali i\u00e7in 9 bin 950 metre ve 500 kilogram a\u011f\u0131rl\u0131\u011f\u0131nda iplik harcand\u0131. &#8221; diye konu\u015ftu.<\/p>\n<p>Bakan Ba\u011f\u0131\u015f\u2019a \u00fczerinde resminin bulundu\u011fu kazak ile baz\u0131 hediyeler verildi.<\/p>\n<p>Kaynak: <a href=\"http:\/\/enerjienstitusu.com\" target=\"_blank\">Enerji Enstit\u00fcs\u00fc<\/a><\/p>\n<\/div>\n<\/div>\n<p><\/p>","protected":false},"excerpt":{"rendered":"<p>Sorry, this entry is only available in Turkish. For the sake of viewer convenience, the content is shown below in the alternative language. You may click the link to switch the active language. T\u00fcrkiye\u2019de enerji tasarrufuna dikkat \u00e7ekmek i\u00e7in ev ve i\u015f yerlerinde kazak giyerek bir y\u0131lda 2 milyar dolar tasarruf sa\u011flanabilece\u011fine dikkat \u00e7eken i\u015f [&hellip;]<\/p>\n","protected":false},"author":1,"featured_media":7236,"comment_status":"open","ping_status":"open","sticky":false,"template":"","format":"standard","meta":[],"categories":[53,52],"tags":[2817,2814,2816,67,103,12,2815,2813,566],"views":717,"_links":{"self":[{"href":"https:\/\/www.enerjigazetesi.ist\/en\/wp-json\/wp\/v2\/posts\/7235"}],"collection":[{"href":"https:\/\/www.enerjigazetesi.ist\/en\/wp-json\/wp\/v2\/posts"}],"about":[{"href":"https:\/\/www.enerjigazetesi.ist\/en\/wp-json\/wp\/v2\/types\/post"}],"author":[{"embeddable":true,"href":"https:\/\/www.enerjigazetesi.ist\/en\/wp-json\/wp\/v2\/users\/1"}],"replies":[{"embeddable":true,"href":"https:\/\/www.enerjigazetesi.ist\/en\/wp-json\/wp\/v2\/comments?post=7235"}],"version-history":[{"count":1,"href":"https:\/\/www.enerjigazetesi.ist\/en\/wp-json\/wp\/v2\/posts\/7235\/revisions"}],"predecessor-version":[{"id":7237,"href":"https:\/\/www.enerjigazetesi.ist\/en\/wp-json\/wp\/v2\/posts\/7235\/revisions\/7237"}],"wp:featuredmedia":[{"embeddable":true,"href":"https:\/\/www.enerjigazetesi.ist\/en\/wp-json\/wp\/v2\/media\/7236"}],"wp:attachment":[{"href":"https:\/\/www.enerjigazetesi.ist\/en\/wp-json\/wp\/v2\/media?parent=7235"}],"wp:term":[{"taxonomy":"category","embeddable":true,"href":"https:\/\/www.enerjigazetesi.ist\/en\/wp-json\/wp\/v2\/categories?post=7235"},{"taxonomy":"post_tag","embeddable":true,"href":"https:\/\/www.enerjigazetesi.ist\/en\/wp-json\/wp\/v2\/tags?post=7235"}],"curies":[{"name":"wp","href":"https:\/\/api.w.org\/{rel}","templated":true}]}}