{"id":72283,"date":"2018-03-10T13:40:35","date_gmt":"2018-03-10T10:40:35","guid":{"rendered":"https:\/\/www.enerjigazetesi.ist\/?p=72283"},"modified":"2018-03-10T13:40:35","modified_gmt":"2018-03-10T10:40:35","slug":"fas-yenilenebilir-enerji-alaninda-saha-kalkti","status":"publish","type":"post","link":"https:\/\/www.enerjigazetesi.ist\/en\/fas-yenilenebilir-enerji-alaninda-saha-kalkti\/","title":{"rendered":"(Turkish) Fas Yenilenebilir Enerji Alan\u0131nda \u015eaha Kalkt\u0131!"},"content":{"rendered":"<p class=\"qtranxs-available-languages-message qtranxs-available-languages-message-en\">Sorry, this entry is only available in <a href=\"https:\/\/www.enerjigazetesi.ist\/tr\/wp-json\/wp\/v2\/posts\/72283\" class=\"qtranxs-available-language-link qtranxs-available-language-link-tr\" title=\"Turkish\">Turkish<\/a>. For the sake of viewer convenience, the content is shown below in the alternative language. You may click the link to switch the active language.<\/p><p><strong>Fas Enerji, Madencilik, S\u00fcrd\u00fcr\u00fclebilir Kalk\u0131nma Bakan\u0131 Aziz Rabbah, Fas Krall\u0131\u011f\u0131 <img loading=\"lazy\" class=\"alignleft size-medium wp-image-72284\" src=\"https:\/\/www.enerjigazetesi.ist\/wp-content\/uploads\/2018\/03\/fas-yenilenebilir-enerji-alaninda-saha-kalkti-300x180.jpg\" alt=\"\" width=\"300\" height=\"180\" srcset=\"https:\/\/www.enerjigazetesi.ist\/wp-content\/uploads\/2018\/03\/fas-yenilenebilir-enerji-alaninda-saha-kalkti-300x180.jpg 300w, https:\/\/www.enerjigazetesi.ist\/wp-content\/uploads\/2018\/03\/fas-yenilenebilir-enerji-alaninda-saha-kalkti-500x301.jpg 500w, https:\/\/www.enerjigazetesi.ist\/wp-content\/uploads\/2018\/03\/fas-yenilenebilir-enerji-alaninda-saha-kalkti-80x48.jpg 80w, https:\/\/www.enerjigazetesi.ist\/wp-content\/uploads\/2018\/03\/fas-yenilenebilir-enerji-alaninda-saha-kalkti.jpg 612w\" sizes=\"(max-width: 300px) 100vw, 300px\" \/>taraf\u0131ndan 2030 y\u0131l\u0131na kadar yenilenebilir enerji sekt\u00f6r\u00fcne 40 milyar dolarl\u0131k yat\u0131r\u0131m yap\u0131lmas\u0131n\u0131n planland\u0131\u011f\u0131n\u0131 belirtti.<\/strong><\/p>\n<p>Bakan ayn\u0131 zamanda 2016 itibariyle Fas\u2019\u0131n r\u00fczgar ve g\u00fcne\u015f enerjisi kaynaklar\u0131ndan \u00fcretti\u011fi elektri\u011fin enerji bile\u015fiminde y\u00fczde\u00a013&#8217;l\u00fck paya y\u00fckseldi\u011fini de a\u00e7\u0131klad\u0131. Bu oran 2009 y\u0131l\u0131nda y\u00fczde 2&#8217;ler seviyesindeydi.<\/p>\n<p>Kuzey Afrika \u00fclkesi Fas&#8217;\u0131n\u00a02020&#8217;de y\u00fczde\u00a042 ve 2030 y\u0131l\u0131nda y\u00fczde\u00a052\u2019lik yenilenebilir enerji hedeflerini yakalayaca\u011f\u0131 \u00f6ng\u00f6r\u00fclmektedir. Yenilenebilir enerji santrallerinin i\u015fletilmesi s\u00fcre\u00e7lerinde ise ihtiya\u00e7 duyulacak insan kayna\u011f\u0131n\u0131n yeti\u015ftirilmesine y\u00f6nelik Fas&#8217;\u0131n birka\u00e7 farkl\u0131 b\u00f6lgesinde e\u011fitim merkezleri hizmete girmi\u015fti.<\/p>","protected":false},"excerpt":{"rendered":"<p>Sorry, this entry is only available in Turkish. For the sake of viewer convenience, the content is shown below in the alternative language. You may click the link to switch the active language.Fas Enerji, Madencilik, S\u00fcrd\u00fcr\u00fclebilir Kalk\u0131nma Bakan\u0131 Aziz Rabbah, Fas Krall\u0131\u011f\u0131 taraf\u0131ndan 2030 y\u0131l\u0131na kadar yenilenebilir enerji sekt\u00f6r\u00fcne 40 milyar dolarl\u0131k yat\u0131r\u0131m yap\u0131lmas\u0131n\u0131n planland\u0131\u011f\u0131n\u0131 [&hellip;]<\/p>\n","protected":false},"author":1,"featured_media":72284,"comment_status":"open","ping_status":"open","sticky":false,"template":"","format":"standard","meta":[],"categories":[53,49],"tags":[37029,67,1009,23311,15126,227,23416,23131,69,105],"views":866,"_links":{"self":[{"href":"https:\/\/www.enerjigazetesi.ist\/en\/wp-json\/wp\/v2\/posts\/72283"}],"collection":[{"href":"https:\/\/www.enerjigazetesi.ist\/en\/wp-json\/wp\/v2\/posts"}],"about":[{"href":"https:\/\/www.enerjigazetesi.ist\/en\/wp-json\/wp\/v2\/types\/post"}],"author":[{"embeddable":true,"href":"https:\/\/www.enerjigazetesi.ist\/en\/wp-json\/wp\/v2\/users\/1"}],"replies":[{"embeddable":true,"href":"https:\/\/www.enerjigazetesi.ist\/en\/wp-json\/wp\/v2\/comments?post=72283"}],"version-history":[{"count":1,"href":"https:\/\/www.enerjigazetesi.ist\/en\/wp-json\/wp\/v2\/posts\/72283\/revisions"}],"predecessor-version":[{"id":72285,"href":"https:\/\/www.enerjigazetesi.ist\/en\/wp-json\/wp\/v2\/posts\/72283\/revisions\/72285"}],"wp:featuredmedia":[{"embeddable":true,"href":"https:\/\/www.enerjigazetesi.ist\/en\/wp-json\/wp\/v2\/media\/72284"}],"wp:attachment":[{"href":"https:\/\/www.enerjigazetesi.ist\/en\/wp-json\/wp\/v2\/media?parent=72283"}],"wp:term":[{"taxonomy":"category","embeddable":true,"href":"https:\/\/www.enerjigazetesi.ist\/en\/wp-json\/wp\/v2\/categories?post=72283"},{"taxonomy":"post_tag","embeddable":true,"href":"https:\/\/www.enerjigazetesi.ist\/en\/wp-json\/wp\/v2\/tags?post=72283"}],"curies":[{"name":"wp","href":"https:\/\/api.w.org\/{rel}","templated":true}]}}