{"id":72236,"date":"2018-03-08T11:01:27","date_gmt":"2018-03-08T08:01:27","guid":{"rendered":"https:\/\/www.enerjigazetesi.ist\/?p=72236"},"modified":"2018-03-08T11:01:27","modified_gmt":"2018-03-08T08:01:27","slug":"aksa-dogalgaz-sirket-mudurune-turkiyeye-enerji-veren-kadinlar-odulu","status":"publish","type":"post","link":"https:\/\/www.enerjigazetesi.ist\/en\/aksa-dogalgaz-sirket-mudurune-turkiyeye-enerji-veren-kadinlar-odulu\/","title":{"rendered":"(Turkish) Aksa Do\u011falgaz \u015eirket M\u00fcd\u00fcr\u00fc\u2019ne \u201cT\u00fcrkiye\u2019ye Enerji Veren Kad\u0131nlar\u201d \u00d6d\u00fcl\u00fc"},"content":{"rendered":"<p class=\"qtranxs-available-languages-message qtranxs-available-languages-message-en\">Sorry, this entry is only available in <a href=\"https:\/\/www.enerjigazetesi.ist\/tr\/wp-json\/wp\/v2\/posts\/72236\" class=\"qtranxs-available-language-link qtranxs-available-language-link-tr\" title=\"Turkish\">Turkish<\/a>. For the sake of viewer convenience, the content is shown below in the alternative language. You may click the link to switch the active language.<\/p><p><strong>Aksa Do\u011falgaz G\u00fcm\u00fc\u015fhane Bayburt Do\u011falgaz \u015eirket M\u00fcd\u00fcr\u00fc Rahime Meydan, <\/strong><strong><br \/>\nEnerji ve Tabii Kaynaklar Bakanl\u0131\u011f\u0131 taraf\u0131ndan bu y\u0131l ilk kez d\u00fczenlenen ve Cumhurba\u015fkan\u0131m\u0131z Recep Tayyip Erdo\u011fan\u2019\u0131n e\u015fi Emine Erdo\u011fan han\u0131mefendinin kat\u0131l\u0131m\u0131yla ger\u00e7ekle\u015fen \u201cT\u00fcrkiye\u2019ye Enerji Veren Kad\u0131nlar\u201d \u00f6d\u00fcllerinde \u201cProfesyonel \u00d6d\u00fcl\u00fc\u201dne lay\u0131k g\u00f6r\u00fcld\u00fc<\/strong><\/p>\n<p>Enerji ve Tabii Kaynaklar Bakanl\u0131\u011f\u0131 taraf\u0131ndan Mill\u00ee Enerji ve Maden Politikas\u0131 kapsam\u0131nda bu y\u0131l ilk kez ger\u00e7ekle\u015ftirilen \u201cT\u00fcrkiye\u2019ye Enerji Veren Kad\u0131nlar\u201d \u00f6d\u00fclleri, 6 Mart Sal\u0131 ak\u015fam\u0131 L\u00fctfi K\u0131rdar Kongre ve Sergi Saray\u0131\u2019nda ger\u00e7ekle\u015ftirilen t\u00f6renle sahiplerini buldu. Cumhurba\u015fkan\u0131 Recep Tayyip Erdo\u011fan\u2019\u0131n e\u015fi <img loading=\"lazy\" class=\"alignright size-medium wp-image-72237\" src=\"https:\/\/www.enerjigazetesi.ist\/wp-content\/uploads\/2018\/03\/aksa-dogalgaz-sirket-mudurune-turkiyeye-enerji-veren-kadinlar-odulu-300x200.jpg\" alt=\"\" width=\"300\" height=\"200\" srcset=\"https:\/\/www.enerjigazetesi.ist\/wp-content\/uploads\/2018\/03\/aksa-dogalgaz-sirket-mudurune-turkiyeye-enerji-veren-kadinlar-odulu-300x200.jpg 300w, https:\/\/www.enerjigazetesi.ist\/wp-content\/uploads\/2018\/03\/aksa-dogalgaz-sirket-mudurune-turkiyeye-enerji-veren-kadinlar-odulu-500x333.jpg 500w, https:\/\/www.enerjigazetesi.ist\/wp-content\/uploads\/2018\/03\/aksa-dogalgaz-sirket-mudurune-turkiyeye-enerji-veren-kadinlar-odulu-75x50.jpg 75w, https:\/\/www.enerjigazetesi.ist\/wp-content\/uploads\/2018\/03\/aksa-dogalgaz-sirket-mudurune-turkiyeye-enerji-veren-kadinlar-odulu.jpg 750w\" sizes=\"(max-width: 300px) 100vw, 300px\" \/>Emine Erdo\u011fan ve Enerji ve Tabii Kaynaklar Bakan\u0131 Berat Albayrak\u2019\u0131n kat\u0131l\u0131m\u0131yla ger\u00e7ekle\u015ftirilen ve gelenekselle\u015ftirilmesi planlanan \u00f6d\u00fcl program\u0131yla kad\u0131nlar\u0131n enerji ve maden sekt\u00f6rlerine daha aktif \u00e7al\u0131\u015fmalar\u0131n\u0131 sa\u011flamak ve ba\u015far\u0131l\u0131 kad\u0131n profillerine dikkatleri \u00e7ekerek toplumsal fark\u0131ndal\u0131k uyand\u0131rmak hedefleniyor.<\/p>\n<p>Adaylar; Akademi \u00d6d\u00fcl\u00fc, Profesyonel \u00d6d\u00fcl\u00fc, \u0130\u015f D\u00fcnyas\u0131 \u00d6d\u00fcl\u00fc, Giri\u015fimci \u00d6d\u00fcl\u00fc, \u00d6rnek \u015eirket \u00d6d\u00fcl\u00fc ve J\u00fcri \u00d6zel \u00d6d\u00fcl\u00fc olmak \u00fczere alt\u0131 kategoride; G\u00fcler Sabanc\u0131, H\u00fclya Ko\u00e7yi\u011fit, Prof. Dr. Eri\u015fah Ar\u0131can, Ferit \u015eahenk gibi pek \u00e7ok \u00f6nemli ismin yer ald\u0131\u011f\u0131 j\u00fcri taraf\u0131ndan de\u011ferlendirildi.<\/p>\n<p><strong>Sekt\u00f6r\u00fcnde hem Aksa Do\u011falgaz\u2019\u0131n hem T\u00fcrkiye\u2019nin <\/strong><strong><br \/>\nilk ve tek kad\u0131n \u015firket m\u00fcd\u00fcr\u00fc Rahime Meydan\u2019a \u201cProfesyonel \u00d6d\u00fcl\u00fc\u201d<\/strong><\/p>\n<p>Enerji ve maden alan\u0131nda \u00f6nemli i\u015flere imza atan kad\u0131n y\u00f6neticilerin \u00f6d\u00fcllendirildi\u011fi \u201cProfesyonel \u00d6d\u00fcl\u00fc\u201dne Aksa G\u00fcm\u00fc\u015fhane Bayburt Do\u011falgaz \u015eirket M\u00fcd\u00fcr\u00fc Rahime Meydan lay\u0131k g\u00f6r\u00fcld\u00fc. T\u00fcrkiye\u2019de faaliyet g\u00f6steren t\u00fcm do\u011fal gaz da\u011f\u0131t\u0131m ve elektrik da\u011f\u0131t\u0131m \u015firketlerinin ilk ve tek kad\u0131n \u015eirket M\u00fcd\u00fcr\u00fc olma unvan\u0131n\u0131 ta\u015f\u0131yan Rahime Meydan \u015fu ifadeleri kulland\u0131: \u201cDo\u011fal gaz da\u011f\u0131t\u0131m sekt\u00f6r\u00fc, toplumun t\u00fcm bireylerine dokunan, kesintisiz hizmet sunan ve \u00f6zveri isteyen bir \u00e7al\u0131\u015fma alan\u0131 olarak \u00f6n plana \u00e7\u0131k\u0131yor. Dolay\u0131s\u0131yla sekt\u00f6rde t\u00fcm payda\u015flar\u0131n ve m\u00fc\u015fterilerin memnuniyeti \u00e7ok \u00f6nemli. Hem b\u00f6yle bir alanda \u00e7al\u0131\u015f\u0131p hem de kad\u0131nlar\u0131n sekt\u00f6rde var olmas\u0131n\u0131 destekleyen bu \u00f6d\u00fcle lay\u0131k g\u00f6r\u00fclmekten gurur duyuyorum. Kad\u0131nlar\u0131n toplumda daha \u00e7ok var olmaya ihtiyac\u0131 var. Bu tarz etkinliklerle kad\u0131nlar\u0131n enerji ve maden gibi zor \u00e7al\u0131\u015fma alanlar\u0131ndaki varl\u0131\u011f\u0131n\u0131n desteklenmesi \u00e7ok \u00f6nemli.\u201d<\/p>\n<p>\u00d6d\u00fcl t\u00f6renine ili\u015fkin a\u00e7\u0131klamada bulunan Aksa Do\u011falgaz Y\u00f6netim Kurulu Ba\u015fkan\u0131 Ya\u015far Arslan ise \u201cAksa Do\u011falgaz olarak, bize ne mutlu ki \u00f6d\u00fcl program\u0131n\u0131z\u0131n da ad\u0131 olan \u2018T\u00fcrkiye\u2019ye Enerji Veren Kad\u0131nlar\u2019la birlikte \u00e7al\u0131\u015fma \u015fans\u0131na sahibiz. Faaliyet g\u00f6sterdi\u011fimiz do\u011fal gaz da\u011f\u0131t\u0131m sekt\u00f6r\u00fc \u00f6zelinde bakt\u0131\u011f\u0131m\u0131zda ise kad\u0131n istihdam\u0131n\u0131n yakla\u015f\u0131k olarak y\u00fczde 10 oran\u0131nda seyretti\u011fini g\u00f6r\u00fcyoruz. Bu oran elbette ki yeterli de\u011fil, ancak do\u011fal gaz\u0131n T\u00fcrkiye\u2019de yayg\u0131nla\u015fmaya ba\u015flad\u0131\u011f\u0131 ilk y\u0131llarla kar\u015f\u0131la\u015ft\u0131r\u0131ld\u0131\u011f\u0131nda kad\u0131nlar\u0131n sekt\u00f6re daha fazla dahil olmaya ba\u015flad\u0131\u011f\u0131n\u0131 memnuniyetle g\u00f6zlemliyoruz. Alg\u0131lar\u0131 de\u011fi\u015ftirmenin pek de kolay olmad\u0131\u011f\u0131 bir d\u00fcnyada sekt\u00f6re kat\u0131lan, cesaretle ve ba\u015far\u0131yla i\u015flerini s\u00fcrd\u00fcren, say\u0131s\u0131z \u00f6nemli i\u015fe imza atan kad\u0131n \u00e7al\u0131\u015fanlar\u0131m\u0131z\u0131 y\u00fcrekten kutluyorum\u201d dedi.<\/p>\n<p>Sekt\u00f6rde faaliyet g\u00f6stermeye ba\u015flad\u0131\u011f\u0131 g\u00fcnden bug\u00fcne kad\u0131n istihdam\u0131n\u0131 destekleyen Aksa Do\u011falgaz\u2019\u0131n \u00e7al\u0131\u015fanlar\u0131n\u0131n y\u00fczde 36\u2019s\u0131n\u0131 kad\u0131nlar olu\u015ftururken; kad\u0131n \u00e7al\u0131\u015fanlar\u0131n y\u00fczde 25\u2019i y\u00f6netici, y\u00fczde 50\u2019den fazlas\u0131 da uzman pozisyonlar\u0131nda g\u00f6rev al\u0131yor<\/p>","protected":false},"excerpt":{"rendered":"<p>Sorry, this entry is only available in Turkish. For the sake of viewer convenience, the content is shown below in the alternative language. You may click the link to switch the active language.Aksa Do\u011falgaz G\u00fcm\u00fc\u015fhane Bayburt Do\u011falgaz \u015eirket M\u00fcd\u00fcr\u00fc Rahime Meydan, Enerji ve Tabii Kaynaklar Bakanl\u0131\u011f\u0131 taraf\u0131ndan bu y\u0131l ilk kez d\u00fczenlenen ve Cumhurba\u015fkan\u0131m\u0131z Recep [&hellip;]<\/p>\n","protected":false},"author":1,"featured_media":72237,"comment_status":"open","ping_status":"open","sticky":false,"template":"","format":"standard","meta":[],"categories":[46,53],"tags":[16281,1128,19761,23219,67,1009,37007,37005,37006,7510],"views":737,"_links":{"self":[{"href":"https:\/\/www.enerjigazetesi.ist\/en\/wp-json\/wp\/v2\/posts\/72236"}],"collection":[{"href":"https:\/\/www.enerjigazetesi.ist\/en\/wp-json\/wp\/v2\/posts"}],"about":[{"href":"https:\/\/www.enerjigazetesi.ist\/en\/wp-json\/wp\/v2\/types\/post"}],"author":[{"embeddable":true,"href":"https:\/\/www.enerjigazetesi.ist\/en\/wp-json\/wp\/v2\/users\/1"}],"replies":[{"embeddable":true,"href":"https:\/\/www.enerjigazetesi.ist\/en\/wp-json\/wp\/v2\/comments?post=72236"}],"version-history":[{"count":1,"href":"https:\/\/www.enerjigazetesi.ist\/en\/wp-json\/wp\/v2\/posts\/72236\/revisions"}],"predecessor-version":[{"id":72238,"href":"https:\/\/www.enerjigazetesi.ist\/en\/wp-json\/wp\/v2\/posts\/72236\/revisions\/72238"}],"wp:featuredmedia":[{"embeddable":true,"href":"https:\/\/www.enerjigazetesi.ist\/en\/wp-json\/wp\/v2\/media\/72237"}],"wp:attachment":[{"href":"https:\/\/www.enerjigazetesi.ist\/en\/wp-json\/wp\/v2\/media?parent=72236"}],"wp:term":[{"taxonomy":"category","embeddable":true,"href":"https:\/\/www.enerjigazetesi.ist\/en\/wp-json\/wp\/v2\/categories?post=72236"},{"taxonomy":"post_tag","embeddable":true,"href":"https:\/\/www.enerjigazetesi.ist\/en\/wp-json\/wp\/v2\/tags?post=72236"}],"curies":[{"name":"wp","href":"https:\/\/api.w.org\/{rel}","templated":true}]}}