{"id":72219,"date":"2018-03-08T10:20:07","date_gmt":"2018-03-08T07:20:07","guid":{"rendered":"https:\/\/www.enerjigazetesi.ist\/?p=72219"},"modified":"2018-03-08T10:20:07","modified_gmt":"2018-03-08T07:20:07","slug":"dunyanin-en-akilli-sehirleri-world-cities-congress-istanbul18de-bulusuyor","status":"publish","type":"post","link":"https:\/\/www.enerjigazetesi.ist\/en\/dunyanin-en-akilli-sehirleri-world-cities-congress-istanbul18de-bulusuyor\/","title":{"rendered":"(Turkish) D\u00fcnyan\u0131n En Ak\u0131ll\u0131 \u015eehirleri World Cities Congress \u0130stanbul&#8217;18&#8217;de Bulu\u015fuyor!"},"content":{"rendered":"<p class=\"qtranxs-available-languages-message qtranxs-available-languages-message-en\">Sorry, this entry is only available in <a href=\"https:\/\/www.enerjigazetesi.ist\/tr\/wp-json\/wp\/v2\/posts\/72219\" class=\"qtranxs-available-language-link qtranxs-available-language-link-tr\" title=\"Turkish\">Turkish<\/a>. For the sake of viewer convenience, the content is shown below in the alternative language. You may click the link to switch the active language.<\/p><p><em>\u0130<\/em><strong>stanbul B\u00fcy\u00fck\u015fehir Belediyesi\u2019nin ev sahipli\u011finde ger\u00e7ekle\u015fecek olan World Cities Congress \u0130stanbul, d\u00fcnyan\u0131n d\u00f6rt bir yan\u0131ndan ak\u0131ll\u0131 \u015fehirleri ve y\u00f6neticilerini 17-18-19 Nisan tarihleri aras\u0131nda bir araya getirerek, yar\u0131n\u0131n \u015fehirlerini mercek alt\u0131na alacak. <\/strong><\/p>\n<p>Ak\u0131ll\u0131 \u015fehirler d\u00f6n\u00fc\u015f\u00fcm\u00fc kamu ve \u00f6zel sekt\u00f6r\u00fcn s\u00fcrd\u00fcr\u00fclebilirlik alan\u0131nda en \u00f6nemli g\u00fcndem maddelerinden biri haline gelirken, T\u00fcrkiye&#8217;yi bu alanda bekleyen f\u0131rsatlar ve a\u015f\u0131lmas\u0131 gereken unsurlar d\u00fcnya genelinde 12 \u00fclke, 120 \u015fehir, 102 teknoloji \u00fcreten firma ve 140&#8217;tan fazla konu\u015fmac\u0131n\u0131n kat\u0131l\u0131m\u0131yla <img loading=\"lazy\" class=\"alignleft size-medium wp-image-72220\" src=\"https:\/\/www.enerjigazetesi.ist\/wp-content\/uploads\/2018\/03\/dunyanin-en-akilli-sehirleri-world-cities-congress-istanbul18de-bulusuyor-300x193.jpg\" alt=\"\" width=\"300\" height=\"193\" srcset=\"https:\/\/www.enerjigazetesi.ist\/wp-content\/uploads\/2018\/03\/dunyanin-en-akilli-sehirleri-world-cities-congress-istanbul18de-bulusuyor-300x193.jpg 300w, https:\/\/www.enerjigazetesi.ist\/wp-content\/uploads\/2018\/03\/dunyanin-en-akilli-sehirleri-world-cities-congress-istanbul18de-bulusuyor-768x493.jpg 768w, https:\/\/www.enerjigazetesi.ist\/wp-content\/uploads\/2018\/03\/dunyanin-en-akilli-sehirleri-world-cities-congress-istanbul18de-bulusuyor-500x321.jpg 500w, https:\/\/www.enerjigazetesi.ist\/wp-content\/uploads\/2018\/03\/dunyanin-en-akilli-sehirleri-world-cities-congress-istanbul18de-bulusuyor-78x50.jpg 78w, https:\/\/www.enerjigazetesi.ist\/wp-content\/uploads\/2018\/03\/dunyanin-en-akilli-sehirleri-world-cities-congress-istanbul18de-bulusuyor.jpg 819w\" sizes=\"(max-width: 300px) 100vw, 300px\" \/>17-18-19 Nisan 2018 tarihleri aras\u0131nda Yenikap\u0131 Avrasya G\u00f6steri ve Sanat Merkezi&#8217;nde d\u00fczenlenecek World Cities Congress \u0130stanbul&#8217;da konu\u015fulacak.<\/p>\n<p>\u0130stanbul B\u00fcy\u00fck\u015fehir Belediyesi ev sahipli\u011finde, uluslararas\u0131 fuar organizat\u00f6r\u00fc UBM taraf\u0131ndan d\u00fczenlenen World Cities Congress \u0130stanbul&#8217;18&#8217;e T\u00fcrkiye&#8217;den ilgili bakanl\u0131klar, b\u00fcy\u00fck\u015fehir belediyeleri ve il\u00e7e belediyeleri kat\u0131l\u0131rken; Kuzey Afrika ve Ortado\u011fu B\u00f6lgesi ile Rusya ve T\u00fcrki Cumhuriyetler B\u00f6lgesi&#8217;nden ak\u0131ll\u0131 \u015fehirler konusunda kendi vizyonlar\u0131n\u0131 belirleyip, \u00e7al\u0131\u015fmalara ba\u015flam\u0131\u015f olan belediyeler de kat\u0131l\u0131m g\u00f6sterecek. Gelecekte d\u00fcnyam\u0131z\u0131n nas\u0131l \u015fekillenece\u011fi \u00fczerine fikirlerin, projelerin ve tasar\u0131mlar\u0131n ele al\u0131naca\u011f\u0131 teknoloji platformunda 10 bini a\u015fk\u0131n sekt\u00f6r profesyoneli a\u011f\u0131rlanacak. Viyana, Paris, Londra, Berlin, Toronto, New York, Tokyo, Kopenhag, Hong Kong, Barcelona olmak \u00fczere d\u00fcnyan\u0131n d\u00f6rt bir yan\u0131ndan 10 ak\u0131ll\u0131 \u015fehrin belediye ba\u015fkanlar\u0131 ve y\u00f6neticileri de kongreye kat\u0131lacak.<\/p>\n<p>Ak\u0131ll\u0131 \u015fehirler d\u00f6n\u00fc\u015f\u00fcm\u00fcne \u00f6nc\u00fcl\u00fck eden sekt\u00f6rlerin temsilcileri enerji ve \u00e7evre, toplum ve y\u00f6neti\u015fim, ak\u0131ll\u0131 \u015fehir ekonomisi, toplu ula\u015f\u0131m, b\u00fcy\u00fck veri ve g\u00fcvenlik gibi konu ba\u015fl\u0131klar\u0131yla World Cities Congress \u0130stanbul&#8217;da yerini alacak. Kongrenin ilk g\u00fcn\u00fcnde Ak\u0131ll\u0131 \u015eehir Stratejileri masaya yat\u0131r\u0131l\u0131rken, ikinci g\u00fcn ger\u00e7ekle\u015fecek Yenilik\u00e7i Teknolojiler, Dijital D\u00f6n\u00fc\u015f\u00fcm ve Ekonomi, Ak\u0131ll\u0131 ve Sa\u011fl\u0131kl\u0131 Ya\u015fam, Dijital Giri\u015fimcilik gibi oturumlarda bu stratejilerin hayata ge\u00e7irilmesi i\u00e7in gerekli unsurlar tart\u0131\u015f\u0131lacak. World Cities Congress \u00fc\u00e7\u00fcnc\u00fc g\u00fcn\u00fcnde ise S\u00fcrd\u00fcr\u00fclebilir \u00c7evre Politikalar\u0131, Ak\u0131ll\u0131 \u015eehirlerde Enerji Y\u00f6netimi, B\u00fcy\u00fck Veri ve Siber G\u00fcvenlik, Ak\u0131ll\u0131 \u015eehirlerde Sosyal Politikalar ve Y\u00f6neti\u015fim gibi konu ba\u015fl\u0131klar\u0131yla ziyaret\u00e7ilerin ak\u0131ll\u0131 \u015fehirlere ili\u015fkin beklenti ve g\u00f6r\u00fc\u015flerini zenginle\u015ftirecek. Kongrede ayr\u0131ca T\u00fcrkiye&#8217;nin en b\u00fcy\u00fck \u015fehri \u0130stanbul&#8217;daki ak\u0131ll\u0131 \u015fehir uygulamalar\u0131 kat\u0131l\u0131mc\u0131larla payla\u015f\u0131lacak.<\/p>\n<p>UBM \u0130stanbul World Cities Congress Marka Direkt\u00f6r\u00fc Esin Asl\u0131han, \u201c\u015eehirlerimizdeki ya\u015fam kalitesini art\u0131rmak, bunu yaparken de kaynaklar\u0131m\u0131z\u0131 verimli kullanmak ve s\u00fcrd\u00fcr\u00fclebilir \u015fehirler tasarlamak ana fikrinden yola \u00e7\u0131karak World Cities Congress \u0130stanbul\u2019u planlad\u0131k. Teknoloji \u00fcreten firmalar, \u015fehir y\u00f6netim birimleri, sivil toplum kurulu\u015flar\u0131, d\u00fcnyadan ak\u0131ll\u0131 \u015fehir \u00f6rnekleri bu organizasyonun omurgas\u0131n\u0131 olu\u015fturuyor. \u0130stanbul gibi k\u0131talar\u0131 birle\u015ftiren g\u00fczel bir \u015fehir ile ba\u015flayan Ak\u0131ll\u0131 \u015eehir d\u00f6n\u00fc\u015f\u00fcm\u00fc hem \u00fclkemizdeki di\u011fer \u015fehirlere hem de kom\u015fu co\u011frafyam\u0131za \u00f6rnek olacakt\u0131r.\u201d dedi.<\/p>\n<p>Etkinli\u011fe kat\u0131lanlar elektrikli otob\u00fcs, bisiklet ve otomobilleri, ak\u0131ll\u0131 durak ve ak\u0131ll\u0131 taksi uygulamalar\u0131n\u0131 birinci elden tecr\u00fcbe etme f\u0131rsat\u0131 bulacak. World Cities Congress \u0130stanbul&#8217;da ger\u00e7ekle\u015fecek at\u00f6lye \u00e7al\u0131\u015fmalar\u0131 ve panellerin yan\u0131 s\u0131ra, a\u00e7\u0131k hava alan\u0131nda yap\u0131lacak drone yar\u0131\u015fmas\u0131 da kat\u0131l\u0131mc\u0131lara keyifli anlar ya\u015fatacak<\/p>","protected":false},"excerpt":{"rendered":"<p>Sorry, this entry is only available in Turkish. For the sake of viewer convenience, the content is shown below in the alternative language. You may click the link to switch the active language.\u0130stanbul B\u00fcy\u00fck\u015fehir Belediyesi\u2019nin ev sahipli\u011finde ger\u00e7ekle\u015fecek olan World Cities Congress \u0130stanbul, d\u00fcnyan\u0131n d\u00f6rt bir yan\u0131ndan ak\u0131ll\u0131 \u015fehirleri ve y\u00f6neticilerini 17-18-19 Nisan tarihleri aras\u0131nda [&hellip;]<\/p>\n","protected":false},"author":1,"featured_media":72220,"comment_status":"open","ping_status":"open","sticky":false,"template":"","format":"standard","meta":[],"categories":[53,52],"tags":[37003,67,1009,37002,37001],"views":795,"_links":{"self":[{"href":"https:\/\/www.enerjigazetesi.ist\/en\/wp-json\/wp\/v2\/posts\/72219"}],"collection":[{"href":"https:\/\/www.enerjigazetesi.ist\/en\/wp-json\/wp\/v2\/posts"}],"about":[{"href":"https:\/\/www.enerjigazetesi.ist\/en\/wp-json\/wp\/v2\/types\/post"}],"author":[{"embeddable":true,"href":"https:\/\/www.enerjigazetesi.ist\/en\/wp-json\/wp\/v2\/users\/1"}],"replies":[{"embeddable":true,"href":"https:\/\/www.enerjigazetesi.ist\/en\/wp-json\/wp\/v2\/comments?post=72219"}],"version-history":[{"count":1,"href":"https:\/\/www.enerjigazetesi.ist\/en\/wp-json\/wp\/v2\/posts\/72219\/revisions"}],"predecessor-version":[{"id":72221,"href":"https:\/\/www.enerjigazetesi.ist\/en\/wp-json\/wp\/v2\/posts\/72219\/revisions\/72221"}],"wp:featuredmedia":[{"embeddable":true,"href":"https:\/\/www.enerjigazetesi.ist\/en\/wp-json\/wp\/v2\/media\/72220"}],"wp:attachment":[{"href":"https:\/\/www.enerjigazetesi.ist\/en\/wp-json\/wp\/v2\/media?parent=72219"}],"wp:term":[{"taxonomy":"category","embeddable":true,"href":"https:\/\/www.enerjigazetesi.ist\/en\/wp-json\/wp\/v2\/categories?post=72219"},{"taxonomy":"post_tag","embeddable":true,"href":"https:\/\/www.enerjigazetesi.ist\/en\/wp-json\/wp\/v2\/tags?post=72219"}],"curies":[{"name":"wp","href":"https:\/\/api.w.org\/{rel}","templated":true}]}}