{"id":72206,"date":"2018-03-07T10:57:10","date_gmt":"2018-03-07T07:57:10","guid":{"rendered":"https:\/\/www.enerjigazetesi.ist\/?p=72206"},"modified":"2018-03-07T10:57:10","modified_gmt":"2018-03-07T07:57:10","slug":"turkiye-ile-guney-kore-arasinda-nukleer-isbirligi-anlasmasi-imzalandi","status":"publish","type":"post","link":"https:\/\/www.enerjigazetesi.ist\/en\/turkiye-ile-guney-kore-arasinda-nukleer-isbirligi-anlasmasi-imzalandi\/","title":{"rendered":"(Turkish) T\u00fcrkiye \u0130le G\u00fcney Kore Aras\u0131nda N\u00fckleer \u0130\u015fbirli\u011fi Anla\u015fmas\u0131 \u0130mzaland\u0131"},"content":{"rendered":"<p class=\"qtranxs-available-languages-message qtranxs-available-languages-message-en\">Sorry, this entry is only available in <a href=\"https:\/\/www.enerjigazetesi.ist\/tr\/wp-json\/wp\/v2\/posts\/72206\" class=\"qtranxs-available-language-link qtranxs-available-language-link-tr\" title=\"Turkish\">Turkish<\/a>. For the sake of viewer convenience, the content is shown below in the alternative language. You may click the link to switch the active language.<\/p><p><strong>T\u00fcrkiye ve G\u00fcney Kore n\u00fckleer alan\u0131nda g\u00fc\u00e7lerini birle\u015ftirdi. \u0130ki \u00fclkenin uzmanlar\u0131 potansiyel proje ve uluslararas\u0131 pazarlar i\u00e7in birlikte hareket edecekler<\/strong><\/p>\n<p>N\u00fckleer enerji \u00fcretiminde d\u00fcnya 5\u2019incisi G\u00fcney Kore\u2019nin bu alandaki en \u00f6nemli derne\u011fi olan Kore Uluslararas\u0131 \u0130\u015fbirli\u011fi N\u00fckleer Derne\u011fi (Korea Nuclear Association for International Cooperation &#8211; KNA) ile N\u00fckleer M\u00fchendisler Derne\u011fi (NMD) 5. Uluslararas\u0131 N\u00fckleer Santraller Zirvesi ve Fuar\u0131\u2019nda Uzla\u015f\u0131 <img loading=\"lazy\" class=\"alignleft size-medium wp-image-72207\" src=\"https:\/\/www.enerjigazetesi.ist\/wp-content\/uploads\/2018\/03\/turkiye-ile-guney-kore-arasinda-nukleer-isbirligi-anlasmasi-imzalandi-300x200.jpg\" alt=\"\" width=\"300\" height=\"200\" srcset=\"https:\/\/www.enerjigazetesi.ist\/wp-content\/uploads\/2018\/03\/turkiye-ile-guney-kore-arasinda-nukleer-isbirligi-anlasmasi-imzalandi-300x200.jpg 300w, https:\/\/www.enerjigazetesi.ist\/wp-content\/uploads\/2018\/03\/turkiye-ile-guney-kore-arasinda-nukleer-isbirligi-anlasmasi-imzalandi-768x513.jpg 768w, https:\/\/www.enerjigazetesi.ist\/wp-content\/uploads\/2018\/03\/turkiye-ile-guney-kore-arasinda-nukleer-isbirligi-anlasmasi-imzalandi-500x334.jpg 500w, https:\/\/www.enerjigazetesi.ist\/wp-content\/uploads\/2018\/03\/turkiye-ile-guney-kore-arasinda-nukleer-isbirligi-anlasmasi-imzalandi-75x50.jpg 75w, https:\/\/www.enerjigazetesi.ist\/wp-content\/uploads\/2018\/03\/turkiye-ile-guney-kore-arasinda-nukleer-isbirligi-anlasmasi-imzalandi.jpg 920w\" sizes=\"(max-width: 300px) 100vw, 300px\" \/>Belgesi imzalad\u0131. \u0130mza t\u00f6reninde, KNA\u2019dan Gihae Shin ve NMD Ba\u015fkan\u0131 Dr. Erol \u00c7ubuk\u00e7u yer ald\u0131.<\/p>\n<p><strong>G\u00fcney Kore ve T\u00fcrkiye hedef pazarlar i\u00e7in birlikte hareket edecek<\/strong><\/p>\n<p>Kendi santralini ihra\u00e7 edebilme kapasitesine sahip nadir \u00fclkelerden biri olan G\u00fcney Kore ile yap\u0131lan i\u015f birli\u011finin kapsam\u0131nda; insan kaynaklar\u0131, n\u00fckleer politika geli\u015ftirme, n\u00fckleer tedarik zincirinde iki \u00fclkenin firmalar\u0131n\u0131n birbirine destek olmas\u0131, lokalizasyon ve teknoloji transferi gibi ba\u015fl\u0131klar yer al\u0131yor.<\/p>\n<p>Uzla\u015f\u0131 belgesine g\u00f6re; NMD ve KNA T\u00fcrkiye ve G\u00fcney Kore\u2019deki proje ve f\u0131rsatlarla ilgili birlikte \u00e7al\u0131\u015fmalar y\u00fcr\u00fctecek. \u0130ki derne\u011fe \u00fcye \u015firket ve uzmanlara y\u00f6nelik T\u00fcrkiye ve G\u00fcney Kore\u2019de seminerler d\u00fczenlenecek. Anla\u015fma do\u011frultusunda, iki \u00fclke aras\u0131ndaki i\u015f birli\u011fini g\u00fc\u00e7lendirmek i\u00e7in n\u00fckleer end\u00fcstrisi alan\u0131ndaki uzmanlar\u0131n bilgi al\u0131\u015fveri\u015fi yapmas\u0131 da sa\u011flanacak.<\/p>\n<p><strong>N\u00fckleer ekonomiye pozitif katk\u0131<\/strong><\/p>\n<p>\u0130ki \u00f6rg\u00fct aras\u0131ndaki i\u015fbirli\u011finin \u00fclkeler aras\u0131ndaki ekonomiye olumlu yans\u0131yaca\u011f\u0131n\u0131 ifade eden NMD Ba\u015fkan\u0131 Dr. Erol \u00c7ubuk\u00e7u, T\u00fcrkiye\u2019nin n\u00fckleer alan\u0131nda ihracat\u00e7\u0131 bir yap\u0131 kazanmas\u0131 i\u00e7in G\u00fcney Kore\u2019nin \u00f6nemli bir yap\u0131da bulundu\u011funa dikkat \u00e7ekti. \u00c7ubuk\u00e7u, KNA\u2019n\u0131n Uluslararas\u0131 N\u00fckleer Santraller Zirvesi ve Fuar\u0131\u2019na d\u00f6rt \u00fcye \u015firketiyle birlikte T\u00fcrk firmalar\u0131yla ikili g\u00f6r\u00fc\u015fmelerde bulunmak i\u00e7in geldi\u011fini de belirterek, \u00fclkeler aras\u0131ndaki i\u015f birli\u011finin uzun s\u00fcreli olaca\u011f\u0131n\u0131 vurgulad\u0131.<\/p>","protected":false},"excerpt":{"rendered":"<p>Sorry, this entry is only available in Turkish. For the sake of viewer convenience, the content is shown below in the alternative language. You may click the link to switch the active language.T\u00fcrkiye ve G\u00fcney Kore n\u00fckleer alan\u0131nda g\u00fc\u00e7lerini birle\u015ftirdi. \u0130ki \u00fclkenin uzmanlar\u0131 potansiyel proje ve uluslararas\u0131 pazarlar i\u00e7in birlikte hareket edecekler N\u00fckleer enerji \u00fcretiminde [&hellip;]<\/p>\n","protected":false},"author":1,"featured_media":72207,"comment_status":"open","ping_status":"open","sticky":false,"template":"","format":"standard","meta":[],"categories":[53,43],"tags":[67,1009,5363,23134,25480,34930,846],"views":823,"_links":{"self":[{"href":"https:\/\/www.enerjigazetesi.ist\/en\/wp-json\/wp\/v2\/posts\/72206"}],"collection":[{"href":"https:\/\/www.enerjigazetesi.ist\/en\/wp-json\/wp\/v2\/posts"}],"about":[{"href":"https:\/\/www.enerjigazetesi.ist\/en\/wp-json\/wp\/v2\/types\/post"}],"author":[{"embeddable":true,"href":"https:\/\/www.enerjigazetesi.ist\/en\/wp-json\/wp\/v2\/users\/1"}],"replies":[{"embeddable":true,"href":"https:\/\/www.enerjigazetesi.ist\/en\/wp-json\/wp\/v2\/comments?post=72206"}],"version-history":[{"count":1,"href":"https:\/\/www.enerjigazetesi.ist\/en\/wp-json\/wp\/v2\/posts\/72206\/revisions"}],"predecessor-version":[{"id":72208,"href":"https:\/\/www.enerjigazetesi.ist\/en\/wp-json\/wp\/v2\/posts\/72206\/revisions\/72208"}],"wp:featuredmedia":[{"embeddable":true,"href":"https:\/\/www.enerjigazetesi.ist\/en\/wp-json\/wp\/v2\/media\/72207"}],"wp:attachment":[{"href":"https:\/\/www.enerjigazetesi.ist\/en\/wp-json\/wp\/v2\/media?parent=72206"}],"wp:term":[{"taxonomy":"category","embeddable":true,"href":"https:\/\/www.enerjigazetesi.ist\/en\/wp-json\/wp\/v2\/categories?post=72206"},{"taxonomy":"post_tag","embeddable":true,"href":"https:\/\/www.enerjigazetesi.ist\/en\/wp-json\/wp\/v2\/tags?post=72206"}],"curies":[{"name":"wp","href":"https:\/\/api.w.org\/{rel}","templated":true}]}}