{"id":72199,"date":"2018-03-07T10:37:57","date_gmt":"2018-03-07T07:37:57","guid":{"rendered":"https:\/\/www.enerjigazetesi.ist\/?p=72199"},"modified":"2018-03-07T10:38:14","modified_gmt":"2018-03-07T07:38:14","slug":"kendi-rekorumuzu-kirip-yuzde-40-buyuduk","status":"publish","type":"post","link":"https:\/\/www.enerjigazetesi.ist\/en\/kendi-rekorumuzu-kirip-yuzde-40-buyuduk\/","title":{"rendered":"(Turkish) \u201cKendi Rekorumuzu K\u0131r\u0131p Y\u00fczde 40 B\u00fcy\u00fcd\u00fck\u201d"},"content":{"rendered":"<p class=\"qtranxs-available-languages-message qtranxs-available-languages-message-en\">Sorry, this entry is only available in <a href=\"https:\/\/www.enerjigazetesi.ist\/tr\/wp-json\/wp\/v2\/posts\/72199\" class=\"qtranxs-available-language-link qtranxs-available-language-link-tr\" title=\"Turkish\">Turkish<\/a>. For the sake of viewer convenience, the content is shown below in the alternative language. You may click the link to switch the active language.<\/p><p><strong>\u0130klimlendirme sekt\u00f6r\u00fcn\u00fcn \u00f6nc\u00fc markalar\u0131ndan DemirD\u00f6k\u00fcm, 2017 y\u0131l\u0131 finansal sonu\u00e7lar\u0131n\u0131 ve 2018 hedeflerini a\u00e7\u0131klad\u0131. DemirD\u00f6k\u00fcm CEO&#8217;su Alper Avdel; &#8220;2017&#8217;de \u00fcretim, sat\u0131\u015f ve b\u00fcy\u00fcmede kendi rekorumuzu k\u0131rd\u0131k. Hedeflerimizin \u00fczerinde y\u0131l\u0131 y\u00fczde 40 b\u00fcy\u00fcme ile kapad\u0131k&#8221; dedi.<\/strong><\/p>\n<p><strong>DemirD\u00f6k\u00fcm&#8217;\u00fcn ihracat ger\u00e7ekle\u015ftirdi\u011fi \u00fclke say\u0131s\u0131n\u0131 50&#8217;ye \u00e7\u0131kard\u0131klar\u0131n\u0131 kaydeden Avdel; &#8220;\u0130hracat\u0131m\u0131z 2017 y\u0131l\u0131nda y\u00fczde 18 oran\u0131nda b\u00fcy\u00fcyerek, 78 milyon dolara ula\u015ft\u0131. 2018&#8217;de ise faaliyet g\u00f6sterdi\u011fimiz t\u00fcm \u00fclkelerde sat\u0131\u015flar\u0131m\u0131z\u0131 art\u0131r\u0131p, ihracatta 100 milyon dolar baraj\u0131n\u0131 a\u015fmay\u0131 hedefliyoruz&#8221; a\u00e7\u0131klamas\u0131n\u0131 yapt\u0131.<\/strong><\/p>\n<p>T\u00fcrkiye iklimlendirme sekt\u00f6r\u00fcne 64 y\u0131lda bir\u00e7ok ilki kazand\u0131ran DemirD\u00f6k\u00fcm, 2017 y\u0131l\u0131nda rekora ko\u015ftu. Son 2 y\u0131lda \u00fcst \u00fcste y\u00fczde 20\u2019nin \u00fczerinde b\u00fcy\u00fcyen \u015firket, \u00fcretimden sat\u0131\u015fa, Ar-Ge\u2019den ihracata ve yat\u0131r\u0131ma kadar elde etti\u011fi 2017 y\u0131l\u0131 sonu\u00e7lar\u0131n\u0131 ve 2018 y\u0131l\u0131 hedeflerini a\u00e7\u0131klad\u0131. Yat\u0131r\u0131m\u0131n ve<\/p>\n<p><img loading=\"lazy\" class=\"alignleft wp-image-72200 size-medium\" src=\"https:\/\/www.enerjigazetesi.ist\/wp-content\/uploads\/2018\/03\/kendi-rekorumuzu-kirip-yuzde-40-buyuduk-271x300.jpg\" alt=\"kendi-rekorumuzu-kirip-yuzde-40-buyuduk\" width=\"271\" height=\"300\" srcset=\"https:\/\/www.enerjigazetesi.ist\/wp-content\/uploads\/2018\/03\/kendi-rekorumuzu-kirip-yuzde-40-buyuduk-271x300.jpg 271w, https:\/\/www.enerjigazetesi.ist\/wp-content\/uploads\/2018\/03\/kendi-rekorumuzu-kirip-yuzde-40-buyuduk-361x400.jpg 361w, https:\/\/www.enerjigazetesi.ist\/wp-content\/uploads\/2018\/03\/kendi-rekorumuzu-kirip-yuzde-40-buyuduk-45x50.jpg 45w, https:\/\/www.enerjigazetesi.ist\/wp-content\/uploads\/2018\/03\/kendi-rekorumuzu-kirip-yuzde-40-buyuduk.jpg 708w\" sizes=\"(max-width: 271px) 100vw, 271px\" \/><\/p>\n<p>b\u00fcy\u00fcmenin y\u0131l\u0131 olarak ilan ettikleri 2017&#8217;de hedeflenenin \u00fczerinde bir b\u00fcy\u00fcme yakalad\u0131klar\u0131n\u0131 belirten <strong>DemirD\u00f6k\u00fcm CEO\u2019su Alper Avdel<\/strong>; \u201cYat\u0131r\u0131mda, \u00fcretimde, yetkili sat\u0131c\u0131 yap\u0131lanmas\u0131nda, ihracatta, sat\u0131\u015f sonras\u0131 hizmetlerde, yeni \u00fcr\u00fcn ve dijital d\u00f6n\u00fc\u015f\u00fcm \u00e7al\u0131\u015fmalar\u0131nda verimli bir y\u0131l\u0131 geride b\u0131rakt\u0131k. \u00dcretimden sat\u0131\u015fa, pazarlamadan T\u00fcrkiye\u2019nin d\u00f6rt bir yan\u0131ndaki yetkili sat\u0131c\u0131lar\u0131m\u0131za kadar t\u00fcm mesai arkada\u015flar\u0131m\u0131n \u00f6zverili \u00e7al\u0131\u015fmas\u0131 ile hedeflerimizin hepsinin \u00fczerine \u00e7\u0131karak yeni rekorlar k\u0131rd\u0131k\u201d dedi.<\/p>\n<p><strong>\u201c2017\u2019DE Y\u00dcZDE 40 B\u00dcY\u00dcME ELDE ETT\u0130K\u201d<\/strong><\/p>\n<p>DemirD\u00f6k\u00fcm\u2019\u00fcn 2017\u2019de Ar-Ge ba\u015fta olmak \u00fczere fabrika, \u00fcretim, marka ve dijital d\u00f6n\u00fc\u015f\u00fcm \u00e7al\u0131\u015fmalar\u0131 i\u00e7in toplamda 40 milyon TL\u2019lik yat\u0131r\u0131m ger\u00e7ekle\u015ftirdi\u011fini belirten <strong>Avdel<\/strong> \u015f\u00f6yle konu\u015ftu; \u201cGe\u00e7en y\u0131l var g\u00fcc\u00fcm\u00fczle \u00e7al\u0131\u015ft\u0131k. 2017\u2019deki 15 milyon TL\u2019lik ek yat\u0131r\u0131mla, Ar-Ge\u2019ye son 5 y\u0131lda 63 milyon TL ay\u0131rd\u0131k. Kombi, termosifon ve su \u0131s\u0131t\u0131c\u0131lar\u0131nda toplamda 900 bine yak\u0131n \u00fcretim ger\u00e7ekle\u015ftirdik. 2017\u2019de, y\u00fczde 40 b\u00fcy\u00fcme elde ettik\u201d dedi.<\/p>\n<p><strong>\u201c\u0130HRACATTA Y\u00dcZDE 18 B\u00dcY\u00dcD\u00dcK\u201d<\/strong><\/p>\n<p>DemirD\u00f6k\u00fcm\u2019\u00fcn son 2 y\u0131lda ihracatta \u00f6nemli bir \u00e7\u0131k\u0131\u015f yakalad\u0131\u011f\u0131n\u0131, ba\u015far\u0131n\u0131n 2017\u2019de de s\u00fcrd\u00fcr\u00fcld\u00fc\u011f\u00fcn\u00fc kaydeden <strong>DemirD\u00f6k\u00fcm Y\u00f6netim Kurulu \u00dcyesi Erdem Ertuna <\/strong>ise, \u201cDe\u011fi\u015fen t\u00fcketici ihtiya\u00e7lar\u0131n\u0131, m\u00fckemmeliyet\u00e7ilik felsefesiyle \u00fcretti\u011fimiz \u00fcr\u00fcnlerimizle kar\u015f\u0131l\u0131yoruz. T\u00fcrkiye\u2019de oldu\u011fu gibi d\u00fcnyan\u0131n 50 \u00fclkesinde de on binlerce aile mutlu yuvalar\u0131nda bizimle \u0131s\u0131n\u0131yor. Ge\u00e7en y\u0131l, son 3 y\u0131ld\u0131r oldu\u011fu gibi ihracatta b\u00fcy\u00fcmemizi s\u00fcrd\u00fcrd\u00fck. \u0130hracat\u0131m\u0131z 2017 y\u0131l\u0131nda y\u00fczde 18 oran\u0131nda b\u00fcy\u00fcyerek, 78 milyon dolara ula\u015ft\u0131\u201d a\u00e7\u0131klamas\u0131n\u0131 yapt\u0131.<\/p>\n<p><strong>\u201c2018\u2019E \u0130HRACATTA Y\u00dcZDE 25 B\u00dcY\u00dcME HEDEF\u0130 \u0130LE BA\u015eLADIK\u201d<\/strong><\/p>\n<p>DemirD\u00f6k\u00fcm\u2019\u00fcn panel radyat\u00f6rde \u015eili\u2019deki liderli\u011fini, Yunanistan\u2019da pazar ikincili\u011fini, \u00c7in\u2019de ise ilk 3\u2019te yer ald\u0131klar\u0131n\u0131 vurgulayan <strong>Erdem Ertuna<\/strong> \u015funlar\u0131 kaydetti; \u201cHedefimiz termosifondan \u015fofbene, panel radyat\u00f6rden kombiye kadar ihracatta yakalad\u0131\u011f\u0131m\u0131z ba\u015far\u0131y\u0131 yeni pazarlarda da devam ettirmek. Latin Amerika\u2019daki varl\u0131\u011f\u0131m\u0131z\u0131 geli\u015ftirmeye ba\u015flad\u0131k. Ge\u00e7en y\u0131l en fazla ihracat ger\u00e7ekle\u015ftirdi\u011fimiz \u00fclkeler \u0130talya, \u00c7in, Rusya ve \u0130spanya oldu. Bu y\u0131l da ba\u015fta \u0130talya, \u0130spanya ve Hollanda olmak \u00fczere faaliyet g\u00f6sterdi\u011fimiz t\u00fcm \u00fclkelerde sat\u0131\u015flar\u0131m\u0131z\u0131 art\u0131rmay\u0131, ihracatta y\u00fczde 25&#8217;lik b\u00fcy\u00fcme ger\u00e7ekle\u015ftirerek 100 milyon dolar baraj\u0131n\u0131 a\u015fmay\u0131 hedefliyoruz.\u201d<\/p>\n<p><strong>\u201cMARKAMIZA 8 M\u0130LYON TL\u2019L\u0130K \u0130LET\u0130\u015e\u0130M YATIRIMI YAPTIK\u201d<\/strong><\/p>\n<p>\u015eirketin T\u00fcrkiye sat\u0131\u015flar\u0131 ve yap\u0131lanmas\u0131 hakk\u0131nda da bilgi payla\u015fan <strong>Ertuna<\/strong>; \u201c2017\u2019de yeni do\u011fal gaz verilen il ve il\u00e7eler, kentsel d\u00f6n\u00fc\u015f\u00fcm \u00e7al\u0131\u015fmalar\u0131, eski cihazlar\u0131n yenilenme s\u00fcrecine girmesi sat\u0131\u015flar\u0131m\u0131z\u0131 olumlu etkiledi. Kombi, \u015fofben ve termosifonda liderli\u011fimizi s\u00fcrd\u00fcr\u00fcyoruz. Ayr\u0131ca yeni \u00fcr\u00fcnlerimizi de t\u00fcketicilerimizle bulu\u015fturmaya devam ediyoruz. Salon tipi klimalardan sonra ticari klima segmentine (VRF) DVS5 ismini verdi\u011fimiz yeni seri \u00fcr\u00fcn gam\u0131m\u0131zla iddial\u0131 bir giri\u015f yapt\u0131k. Serinin 18 farkl\u0131 tipte d\u0131\u015f \u00fcnite, 67 farkl\u0131 tipte i\u00e7 \u00fcnite se\u00e7ene\u011fi bulunuyor. Son 2 y\u0131lda oldu\u011fu gibi i\u015f ortaklar\u0131m\u0131z\u0131 desteklemeye devam ediyoruz. T\u00fcrkiye genelindeki yetkili sat\u0131c\u0131 adedimizi 200\u2019den 229\u2019a, yetkili servis adedimiz ise 195\u2019e \u00e7\u0131kararak ailemizi b\u00fcy\u00fctt\u00fck. Markam\u0131za 8 milyon TL\u2019lik ileti\u015fim yat\u0131r\u0131m yapt\u0131k\u201d dedi.<\/p>\n<p><strong>\u201cErP Y\u00d6NETMEL\u0130\u011e\u0130 SONRASINDA DA L\u0130DERL\u0130\u011e\u0130M\u0130Z\u0130 PEK\u0130\u015eT\u0130RECE\u011e\u0130Z\u201d<\/strong><\/p>\n<p>\u0130klimlendirme sekt\u00f6r\u00fcn\u00fcn 2018\u2019de \u00f6nemli g\u00fcndemlerinden birinin \u2018ErP Y\u00f6netmeli\u011fi\u2019 olaca\u011f\u0131n\u0131 s\u00f6yleyen DemirD\u00f6k\u00fcm CEO\u2019su <strong>Alper Avdel<\/strong>, AB \u00fclkelerinde a\u015famal\u0131 olarak uygulanan y\u00f6netmeli\u011fin Nisan 2018\u2019de T\u00fcrkiye\u2019de devreye al\u0131nmas\u0131yla birlikte konvansiyonel kombiler yerine yo\u011fu\u015fmal\u0131 kombilerin zorunlu hale gelece\u011fini s\u00f6yledi. DemirD\u00f6k\u00fcm\u2019\u00fcn 5 y\u0131ld\u0131r bu alanda \u00f6nemli \u00e7al\u0131\u015fmalar yapt\u0131\u011f\u0131n\u0131 s\u00f6yleyen <strong>Avdel<\/strong>; \u201cY\u00f6netmeli\u011fin T\u00fcrkiye\u2019ye, t\u00fcketiciye, iklimlendirme sekt\u00f6r\u00fcne b\u00fcy\u00fck katk\u0131s\u0131 olacak. T\u00fcketiciler ve \u00fclkemiz b\u00fcy\u00fck tasarruf sa\u011flarken, y\u00f6netmelik sekt\u00f6rde sat\u0131\u015flar\u0131 canland\u0131racak. T\u00fcrkiye&#8217;yi yo\u011fu\u015fmal\u0131 kombi teknolojisiyle tan\u0131\u015ft\u0131ran DemirD\u00f6k\u00fcm olarak, yeni s\u00fcrece haz\u0131r\u0131z. Uluslararas\u0131 arenada kendini kan\u0131tlayan ve bir\u00e7ok a\u00e7\u0131dan de\u011ferlendirilerek Good Design \u00f6d\u00fcl\u00fcn\u00fc alan yo\u011fu\u015fmal\u0131 kombilerimizin yan\u0131 s\u0131ra bu y\u0131l sat\u0131\u015fa sunaca\u011f\u0131m\u0131z yeni \u00fcr\u00fcn ailemiz ile ErP y\u00f6netmeli\u011fi sonras\u0131nda da liderli\u011fimizi peki\u015ftirece\u011fiz\u201d dedi.<\/p>\n<p><strong>&#8220;G\u00dcMB\u00dcR G\u00dcMB\u00dcR GEL\u0130YORUZ&#8221;<\/strong><\/p>\n<p>Kentsel d\u00f6n\u00fc\u015f\u00fcm \u00e7al\u0131\u015fmalar\u0131, yeni do\u011fal gaz gelecek \u015fehirler, eski cihazlar\u0131n de\u011fi\u015ftirilmesi ve beklenen ErP y\u00f6netmeli\u011finin sat\u0131\u015flara olumlu yans\u0131yaca\u011f\u0131n\u0131 s\u00f6yleyen <strong>Alper Avdel<\/strong>, &#8220;DemirD\u00f6k\u00fcm, 64 y\u0131ll\u0131k bir s\u00f6z\u00fcn ba\u015far\u0131 hikayesi. \u00d6nc\u00fcl\u00fc\u011f\u00fcn\u00fc T\u00fcrkiye&#8217;de ve uluslararas\u0131 pazarlarda devam ettiren DemirD\u00f6k\u00fcm, 2018 y\u0131l\u0131nda gelenekselin d\u0131\u015f\u0131na \u00e7\u0131kacak. 8 milyon ailenin ilk tercihi olan DemirD\u00f6k\u00fcm i\u00e7in 2018 \u2018D\u00f6n\u00fc\u015f\u00fcm y\u0131l\u0131&#8217; olacak. \u00d6n\u00fcm\u00fczdeki aylarda &#8216;Kaskad&#8217; pazar\u0131 i\u00e7in MaxiCondense ad\u0131nda yeni \u00fcr\u00fcnlerimizi sat\u0131\u015fa sunaca\u011f\u0131z. Bu alanda ciddi yat\u0131r\u0131m plan\u0131m\u0131z var. 2019 y\u0131l\u0131nda yerli \u00fcretim ile kaskad alan\u0131nda hedefimiz liderlik. \u0130kinci yeni \u00fcr\u00fcn grubumuz MaxiAir &#8216;Is\u0131 pompalar\u0131&#8217; olacak. Grubumuzun bu alanda 50 milyon euro&#8217;luk yat\u0131r\u0131m\u0131 bulunuyor. Bu yat\u0131r\u0131m her y\u0131l katlanarak devam ediyor. Boz\u00fcy\u00fck&#8217;te \u0131s\u0131 pompas\u0131 \u00fcretimini de g\u00fcndeme getirece\u011fiz. \u00dc\u00e7\u00fcnc\u00fcs\u00fc ise yeni yo\u011fu\u015fmal\u0131 kombimiz Atromix olacak. Yeni \u00fcr\u00fcnlerimiz, yat\u0131r\u0131mlar\u0131m\u0131z, T\u00fcrkiye&#8217;de ve d\u00fcnya genelinde ger\u00e7ekle\u015ftirece\u011fimiz tan\u0131t\u0131m \u00e7al\u0131\u015fmalar\u0131yla tabiri yerindeyse g\u00fcmb\u00fcr g\u00fcmb\u00fcr geliyoruz. Hedefimiz 2018 y\u0131l\u0131nda da y\u00fczde 20&#8217;nin \u00fczerinde b\u00fcy\u00fcmek\u201d a\u00e7\u0131klamas\u0131n\u0131 yapt\u0131.<\/p>\n<p><strong>\u201cT\u00dcRK\u0130YE\u2019N\u0130N YEN\u0130 KOMB\u0130S\u0130 ATROMIX OLACAK\u201d<\/strong><\/p>\n<p>DemirD\u00f6k\u00fcm\u2019\u00fcn EPDK\u2019n\u0131n kuruldu\u011fu ve do\u011falgaz\u0131n T\u00fcrkiye\u2019de yayg\u0131nla\u015fmaya ba\u015flad\u0131\u011f\u0131 2003 y\u0131l\u0131nda ADEN kombisini sat\u0131\u015fa sundu\u011funu belirten Erdem Ertuna s\u00f6zlerini \u015f\u00f6yle s\u00fcrd\u00fcrd\u00fc; \u201cADEN, sahip oldu\u011fu \u00f6zelliklerle 2003 y\u0131l\u0131nda DemirD\u00f6k\u00fcm\u2019e T\u00fcrkiye\u2019nin en \u00e7ok tercih edilen kombi markas\u0131 unvan\u0131n\u0131 kazand\u0131rd\u0131. 2009 y\u0131l\u0131nda binalarda enerji performans\u0131 y\u00f6netmeli\u011finin gelmesiyle ATRON kombimizi t\u00fcketicilerimizin be\u011fenisine sunduk. ATRON da k\u0131sa s\u00fcrede \u00e7ok sevildi ve T\u00fcrkiye&#8217;nin her yerine yay\u0131ld\u0131. Bu y\u0131l, yeni bir tarih yazmaya haz\u0131rlan\u0131yoruz. 21 Nisan\u2019da ErP y\u00f6netmeli\u011fi devreye girmeden ATROMIX\u2019i t\u00fcketicilerimiz ile bulu\u015fturaca\u011f\u0131z. \u00dcst\u00fcn teknolojiye sahip yo\u011fu\u015fmal\u0131 kombimiz, k\u00fc\u00e7\u00fck boyutlar\u0131, y\u00fcksek verimlili\u011fi, y\u00fcksek tasarruf sa\u011flamas\u0131, sessiz \u00e7al\u0131\u015fmas\u0131yla T\u00fcrkiye&#8217;nin yeni kombisi olacak.&#8221;<\/p>","protected":false},"excerpt":{"rendered":"<p>Sorry, this entry is only available in Turkish. For the sake of viewer convenience, the content is shown below in the alternative language. You may click the link to switch the active language.\u0130klimlendirme sekt\u00f6r\u00fcn\u00fcn \u00f6nc\u00fc markalar\u0131ndan DemirD\u00f6k\u00fcm, 2017 y\u0131l\u0131 finansal sonu\u00e7lar\u0131n\u0131 ve 2018 hedeflerini a\u00e7\u0131klad\u0131. DemirD\u00f6k\u00fcm CEO&#8217;su Alper Avdel; &#8220;2017&#8217;de \u00fcretim, sat\u0131\u015f ve b\u00fcy\u00fcmede kendi [&hellip;]<\/p>\n","protected":false},"author":1,"featured_media":72200,"comment_status":"open","ping_status":"open","sticky":false,"template":"","format":"standard","meta":[],"categories":[53],"tags":[36997,869,67,1009],"views":653,"_links":{"self":[{"href":"https:\/\/www.enerjigazetesi.ist\/en\/wp-json\/wp\/v2\/posts\/72199"}],"collection":[{"href":"https:\/\/www.enerjigazetesi.ist\/en\/wp-json\/wp\/v2\/posts"}],"about":[{"href":"https:\/\/www.enerjigazetesi.ist\/en\/wp-json\/wp\/v2\/types\/post"}],"author":[{"embeddable":true,"href":"https:\/\/www.enerjigazetesi.ist\/en\/wp-json\/wp\/v2\/users\/1"}],"replies":[{"embeddable":true,"href":"https:\/\/www.enerjigazetesi.ist\/en\/wp-json\/wp\/v2\/comments?post=72199"}],"version-history":[{"count":2,"href":"https:\/\/www.enerjigazetesi.ist\/en\/wp-json\/wp\/v2\/posts\/72199\/revisions"}],"predecessor-version":[{"id":72202,"href":"https:\/\/www.enerjigazetesi.ist\/en\/wp-json\/wp\/v2\/posts\/72199\/revisions\/72202"}],"wp:featuredmedia":[{"embeddable":true,"href":"https:\/\/www.enerjigazetesi.ist\/en\/wp-json\/wp\/v2\/media\/72200"}],"wp:attachment":[{"href":"https:\/\/www.enerjigazetesi.ist\/en\/wp-json\/wp\/v2\/media?parent=72199"}],"wp:term":[{"taxonomy":"category","embeddable":true,"href":"https:\/\/www.enerjigazetesi.ist\/en\/wp-json\/wp\/v2\/categories?post=72199"},{"taxonomy":"post_tag","embeddable":true,"href":"https:\/\/www.enerjigazetesi.ist\/en\/wp-json\/wp\/v2\/tags?post=72199"}],"curies":[{"name":"wp","href":"https:\/\/api.w.org\/{rel}","templated":true}]}}