{"id":72173,"date":"2018-03-06T10:38:44","date_gmt":"2018-03-06T07:38:44","guid":{"rendered":"https:\/\/www.enerjigazetesi.ist\/?p=72173"},"modified":"2018-03-06T10:38:44","modified_gmt":"2018-03-06T07:38:44","slug":"musterileri-elektrik-faturasi-odemelerine-gore-gruplandiriyoruz","status":"publish","type":"post","link":"https:\/\/www.enerjigazetesi.ist\/en\/musterileri-elektrik-faturasi-odemelerine-gore-gruplandiriyoruz\/","title":{"rendered":"(Turkish) \u201cM\u00fc\u015fterileri Elektrik Faturas\u0131 \u00d6demelerine G\u00f6re Grupland\u0131r\u0131yoruz\u201d"},"content":{"rendered":"<p class=\"qtranxs-available-languages-message qtranxs-available-languages-message-en\">Sorry, this entry is only available in <a href=\"https:\/\/www.enerjigazetesi.ist\/tr\/wp-json\/wp\/v2\/posts\/72173\" class=\"qtranxs-available-language-link qtranxs-available-language-link-tr\" title=\"Turkish\">Turkish<\/a>. For the sake of viewer convenience, the content is shown below in the alternative language. You may click the link to switch the active language.<\/p><p><strong>Uluda\u011f Elektrik Da\u011f\u0131t\u0131m A\u015e\u2019nin Y\u00f6netim Kurulu Ba\u015fkanvekili olarak g\u00f6rev yapan \u0130smail Erg\u00fcne\u015f taraf\u0131ndan bas\u0131n mensuplar\u0131n\u0131n sorular\u0131 cevapland\u0131r\u0131ld\u0131.<\/strong><\/p>\n<p>\u00c7a\u011fr\u0131 merkezi baz al\u0131nd\u0131\u011f\u0131nda saya\u00e7 de\u011fi\u015fim taleplerinden, ar\u0131za kay\u0131tlar\u0131n\u0131n al\u0131nmas\u0131na kadar her \u00e7e\u015fit i\u015flemin ger\u00e7ekle\u015ftirilebildi\u011fini dile getiren Erg\u00fcne\u015f, m\u00fc\u015fterilerini fatura \u00f6deme al\u0131\u015fkanl\u0131klar\u0131 <img loading=\"lazy\" class=\"alignleft size-medium wp-image-25709\" src=\"https:\/\/www.enerjigazetesi.ist\/wp-content\/uploads\/2014\/04\/kose-yazisi-elektrik-enerjisi-nereden-geliyor-300x195.jpg\" alt=\"\" width=\"300\" height=\"195\" srcset=\"https:\/\/www.enerjigazetesi.ist\/wp-content\/uploads\/2014\/04\/kose-yazisi-elektrik-enerjisi-nereden-geliyor-300x195.jpg 300w, https:\/\/www.enerjigazetesi.ist\/wp-content\/uploads\/2014\/04\/kose-yazisi-elektrik-enerjisi-nereden-geliyor-76x50.jpg 76w, https:\/\/www.enerjigazetesi.ist\/wp-content\/uploads\/2014\/04\/kose-yazisi-elektrik-enerjisi-nereden-geliyor.jpg 404w\" sizes=\"(max-width: 300px) 100vw, 300px\" \/>do\u011frultusunda A\u2019dan E\u2019e kadar grupland\u0131rd\u0131klar\u0131n\u0131 ve m\u00fc\u015fteriler ad\u0131na bir kredibilite olu\u015fturduklar\u0131n\u0131 s\u00f6yledi.<\/p>\n<p>A-B gruplar\u0131 i\u00e7erisinde faturas\u0131n\u0131 neredeyse hi\u00e7 aksatmayan m\u00fc\u015fterilerin bulundu\u011funu aktaran Erg\u00fcne\u015f, C grubu baz al\u0131nd\u0131\u011f\u0131nda ise son bir senelik zaman dilimi i\u00e7erisinde kesinti ard\u0131ndan \u00f6deme ger\u00e7ekle\u015ftirenlerin oldu\u011funu kaydetti.<\/p>\n<p>Ge\u00e7ti\u011fimiz sene i\u00e7erisinde A-B grubu ad\u0131na elektrik kesmeyi kald\u0131rd\u0131klar\u0131ndan bahseden Erg\u00fcne\u015f, bu gibi durumlarda elektrik kesintisinden ziyade k\u0131sa mesaj ya da \u00e7a\u011fr\u0131 merkezinden arama ger\u00e7ekle\u015ftirilerek m\u00fc\u015fterilerin bilgilendirildi\u011fini dile getirdi.<\/p>\n<p>Ge\u00e7ti\u011fimiz sene i\u00e7erisindeki kesme adedinin bir \u00f6nceki seneye k\u0131yasla y\u00fczde 21 seviyesinde d\u00fc\u015f\u00fc\u015fte oldu\u011funu s\u00f6yleyen Erg\u00fcne\u015f, bu sene bahsi ge\u00e7en uygulamaya C grubunda bulunanlar\u0131nda dahil edilece\u011fini belirtti.<\/p>\n<p>A-B grubu i\u00e7erisinde 2 milyon 200 bin civar\u0131nda m\u00fc\u015fterinin oldu\u011funu ifade eden Erg\u00fcne\u015f, E grubu baz al\u0131nd\u0131\u011f\u0131nda ise sene i\u00e7erisinde 5 ila 6 kez kesinti ger\u00e7ekle\u015ftirilen ve elektri\u011fin kesilmesinin ard\u0131ndan \u00f6deme yapan m\u00fc\u015fterilerin bulundu\u011funu s\u00f6yledi.<\/p>","protected":false},"excerpt":{"rendered":"<p>Sorry, this entry is only available in Turkish. For the sake of viewer convenience, the content is shown below in the alternative language. You may click the link to switch the active language.Uluda\u011f Elektrik Da\u011f\u0131t\u0131m A\u015e\u2019nin Y\u00f6netim Kurulu Ba\u015fkanvekili olarak g\u00f6rev yapan \u0130smail Erg\u00fcne\u015f taraf\u0131ndan bas\u0131n mensuplar\u0131n\u0131n sorular\u0131 cevapland\u0131r\u0131ld\u0131. \u00c7a\u011fr\u0131 merkezi baz al\u0131nd\u0131\u011f\u0131nda saya\u00e7 de\u011fi\u015fim [&hellip;]<\/p>\n","protected":false},"author":1,"featured_media":25709,"comment_status":"open","ping_status":"open","sticky":false,"template":"","format":"standard","meta":[],"categories":[51,53],"tags":[68,7921,34979,36985,140,26353,67,1009,2227],"views":445,"_links":{"self":[{"href":"https:\/\/www.enerjigazetesi.ist\/en\/wp-json\/wp\/v2\/posts\/72173"}],"collection":[{"href":"https:\/\/www.enerjigazetesi.ist\/en\/wp-json\/wp\/v2\/posts"}],"about":[{"href":"https:\/\/www.enerjigazetesi.ist\/en\/wp-json\/wp\/v2\/types\/post"}],"author":[{"embeddable":true,"href":"https:\/\/www.enerjigazetesi.ist\/en\/wp-json\/wp\/v2\/users\/1"}],"replies":[{"embeddable":true,"href":"https:\/\/www.enerjigazetesi.ist\/en\/wp-json\/wp\/v2\/comments?post=72173"}],"version-history":[{"count":1,"href":"https:\/\/www.enerjigazetesi.ist\/en\/wp-json\/wp\/v2\/posts\/72173\/revisions"}],"predecessor-version":[{"id":72174,"href":"https:\/\/www.enerjigazetesi.ist\/en\/wp-json\/wp\/v2\/posts\/72173\/revisions\/72174"}],"wp:featuredmedia":[{"embeddable":true,"href":"https:\/\/www.enerjigazetesi.ist\/en\/wp-json\/wp\/v2\/media\/25709"}],"wp:attachment":[{"href":"https:\/\/www.enerjigazetesi.ist\/en\/wp-json\/wp\/v2\/media?parent=72173"}],"wp:term":[{"taxonomy":"category","embeddable":true,"href":"https:\/\/www.enerjigazetesi.ist\/en\/wp-json\/wp\/v2\/categories?post=72173"},{"taxonomy":"post_tag","embeddable":true,"href":"https:\/\/www.enerjigazetesi.ist\/en\/wp-json\/wp\/v2\/tags?post=72173"}],"curies":[{"name":"wp","href":"https:\/\/api.w.org\/{rel}","templated":true}]}}