{"id":72152,"date":"2018-03-05T12:28:32","date_gmt":"2018-03-05T09:28:32","guid":{"rendered":"https:\/\/www.enerjigazetesi.ist\/?p=72152"},"modified":"2018-03-05T12:28:32","modified_gmt":"2018-03-05T09:28:32","slug":"cw-enerji-fuarin-en-onemli-firmasi-secildi","status":"publish","type":"post","link":"https:\/\/www.enerjigazetesi.ist\/en\/cw-enerji-fuarin-en-onemli-firmasi-secildi\/","title":{"rendered":"(Turkish) CW Enerji, &#8220;Fuar\u0131n En \u00d6nemli Firmas\u0131 Se\u00e7ildi&#8221;"},"content":{"rendered":"<p class=\"qtranxs-available-languages-message qtranxs-available-languages-message-en\">Sorry, this entry is only available in <a href=\"https:\/\/www.enerjigazetesi.ist\/tr\/wp-json\/wp\/v2\/posts\/72152\" class=\"qtranxs-available-language-link qtranxs-available-language-link-tr\" title=\"Turkish\">Turkish<\/a>. For the sake of viewer convenience, the content is shown below in the alternative language. You may click the link to switch the active language.<\/p><p><strong>27 \u015eubat &#8211; 1 Mart tarihleri aras\u0131nda Fas Kazablanka\u2019da 7\u2019incisi d\u00fczenlenen SOLAIRE EXPO MAROC fuar\u0131nda CW Enerji, \u201cFuar\u0131n en \u00f6nemli firmas\u0131\u201d oldu.<\/strong><\/p>\n<p>CW Enerji ailesi olarak, 27 \u015eubat &#8211; 1 Mart tarihleri aras\u0131nda Fas Kazablanka Fuar ve Sergi Saray\u0131 (OFEC) tesislerinde 7\u2019incisi d\u00fczenlenen SOLAIRE EXPO MAROC fuar\u0131na kat\u0131l\u0131m g\u00f6sterdik. Stand\u0131m\u0131zda, Fas Enerji, Maden ve S\u00fcrd\u00fcr\u00fclebilir Kalk\u0131nma Bakan\u0131 Abdulaziz Rabbah, Fas S\u00fcrd\u00fcr\u00fclebilir Enerji Ajans\u0131 (MASEN) Y\u00f6netim Kurulu Ba\u015fkan\u0131 Mustapha Bakkoury gibi \u00f6nemli isimleri, sekt\u00f6r y\u00f6neticileri, <img loading=\"lazy\" class=\"alignright size-medium wp-image-72153\" src=\"https:\/\/www.enerjigazetesi.ist\/wp-content\/uploads\/2018\/03\/cw-enerji-fuarin-en-onemli-firmasi-secildi-300x200.jpg\" alt=\"\" width=\"300\" height=\"200\" srcset=\"https:\/\/www.enerjigazetesi.ist\/wp-content\/uploads\/2018\/03\/cw-enerji-fuarin-en-onemli-firmasi-secildi-300x200.jpg 300w, https:\/\/www.enerjigazetesi.ist\/wp-content\/uploads\/2018\/03\/cw-enerji-fuarin-en-onemli-firmasi-secildi-768x512.jpg 768w, https:\/\/www.enerjigazetesi.ist\/wp-content\/uploads\/2018\/03\/cw-enerji-fuarin-en-onemli-firmasi-secildi-1024x683.jpg 1024w, https:\/\/www.enerjigazetesi.ist\/wp-content\/uploads\/2018\/03\/cw-enerji-fuarin-en-onemli-firmasi-secildi-500x333.jpg 500w, https:\/\/www.enerjigazetesi.ist\/wp-content\/uploads\/2018\/03\/cw-enerji-fuarin-en-onemli-firmasi-secildi-75x50.jpg 75w, https:\/\/www.enerjigazetesi.ist\/wp-content\/uploads\/2018\/03\/cw-enerji-fuarin-en-onemli-firmasi-secildi.jpg 1296w\" sizes=\"(max-width: 300px) 100vw, 300px\" \/>akademisyenleri, farkl\u0131 milletlerden yat\u0131r\u0131mc\u0131lar\u0131 a\u011f\u0131rlad\u0131k. CW Enerji Y\u00f6netim Kurulu Ba\u015fkan\u0131 Say\u0131n Tar\u0131k Sarvan ve CW Enerji ekibi olarak ziyaret\u00e7ilerimizle tek tek g\u00f6r\u00fc\u015ferek, g\u00fcne\u015f enerjisi sistemlerini anlatt\u0131k ve firmam\u0131z\u0131 tan\u0131tt\u0131k. Fuar merkezinde d\u00fczenlenen e\u011fitimlere kat\u0131ld\u0131k. Fas \u00dcniversitesi taraf\u0131ndan d\u00fczenlenen \u201c\u00dcN\u0130VERS\u0130TE ARA\u015eTIRMA VE GEL\u0130\u015eT\u0130RME YARI\u015eMASI\u201dnda yerimizi ald\u0131k. Fas \u00dcniversitesi, G\u00fcne\u015f Enerjisi ve Yeni Enerjiler Ara\u015ft\u0131rma Enstit\u00fcs\u00fc (IRESEN) ve SOLARIE EXPO MAROC i\u015f birli\u011fi ile d\u00fczlenen yar\u0131\u015fmada, fuarda en \u00e7ok ziyaret\u00e7iyi a\u011f\u0131rlad\u0131\u011f\u0131m\u0131z ve fuara inovatif \u00fcr\u00fcnlerimizle kat\u0131ld\u0131\u011f\u0131m\u0131z \u201cFUARIN EN \u00d6NEML\u0130 F\u0130RMASI\u201d olmaya hak kazand\u0131k. SOLARIE EXPO MAROC M\u00fcd\u00fcr\u00fc Rachid BOUGUERN ve G\u00fcne\u015f Enerjisi ve Yeni Enerjiler Ara\u015ft\u0131rma Enstit\u00fcs\u00fc Bilim Kurulu Ba\u015fkan\u0131 Mohammed TAHIRI taraf\u0131ndan CW Enerji Y\u00f6netim Kurulu Ba\u015fkan\u0131 Tar\u0131k Sarvan\u2019a \u201cFUARIN EN \u00d6NEML\u0130 F\u0130RMASI\u201d sertifikas\u0131 verildi.<\/p>\n<p>Sertifika t\u00f6reninde konu\u015fan CW Enerji Y\u00f6netim Kurulu Ba\u015fkan\u0131 Tar\u0131k Sarvan, firmas\u0131 ad\u0131na se\u00e7ici kurula te\u015fekk\u00fcr etti. CW Enerji olarak, fuar \u00e7al\u0131\u015fmalar\u0131n\u0131 \u00f6nemsediklerinin alt\u0131n\u0131 \u00e7izen Tar\u0131k Sarvan, \u201c\u0130ran, Fas, G\u00fcney Afrika, \u00dcrd\u00fcn, Ukrayna, Kazakistan, Almanya, Gana gibi \u00fclkelerin fuarlar\u0131na da kat\u0131larak bu \u00fclkelere ticari at\u0131l\u0131mlar yapmay\u0131 planl\u0131yoruz\u201d dedi.<\/p>\n<p>CW Enerji olarak, olmazsa olmazlar\u0131n\u0131n Ar-Ge ve \u00dcr-Ge oldu\u011funun alt\u0131n\u0131 \u00e7izen Tar\u0131k Sarvan, \u015funlar\u0131 s\u00f6yledi:<\/p>\n<p>\u201c\u015eirketimizde 100\u2019e yak\u0131n m\u00fchendis var. Ar-Ge ve \u00dcr-Ge ekibimiz 20 ki\u015fi. Bir Ar-Ge merkezi olmad\u0131k fakat Ar-Ge merkezi gibi \u00e7al\u0131\u015f\u0131yor, inovatif \u00fcr\u00fcnler geli\u015ftiriyoruz. Ar-Ge birimimizde sekt\u00f6rle alakal\u0131 \u00e7ok fazla \u00fcr\u00fcn \u00e7\u0131k\u0131yor. Bu fuara inovatif \u00fcr\u00fcnlerimizden \u015fuanda T\u00fcrkiye\u2019de ilk bizim m\u00fchendislerimiz taraf\u0131ndan geli\u015ftirilen, y\u00fcz y\u0131l\u0131n kiremidi olarak adland\u0131rd\u0131\u011f\u0131m\u0131z \u00e7at\u0131lar\u0131m\u0131za \u00f6zel su s\u0131zd\u0131rmaz \u00e7at\u0131 kiremidi ile kat\u0131ld\u0131k. Y\u00fcz y\u0131l\u0131n kiremidi diye adland\u0131rd\u0131\u011f\u0131m\u0131z \u00e7at\u0131ya uygun s\u0131zd\u0131rmaz g\u00fcne\u015f panellerimizi, \u00f6zel kau\u00e7uklu, \u00e7at\u0131ya uygun, su-hava-nem-s\u0131cakl\u0131k ge\u00e7irmeyen, t\u00fcm hava ko\u015fullar\u0131na dayan\u0131kl\u0131 bir sistem \u00fcrettik. \u00c7at\u0131ya uygun s\u0131zd\u0131rmaz g\u00fcne\u015f paneli \u00e7er\u00e7eve sistemini ister \u00e7at\u0131 kiremidi olarak isterseniz sandvi\u00e7 panel \u015feklinde de kullanabilirsiniz. Kiremitler, izolasyonu sa\u011flarken, mevcut kiremitlerden daha ba\u015far\u0131l\u0131. G\u00fcne\u015fin d\u00fc\u015ft\u00fc\u011f\u00fc her metrekareden elektrik \u00fcretebildi\u011fimiz ve bu kiremitlerin d\u0131\u015f y\u00fczeyi devaml\u0131 g\u00fcne\u015f ile muhatap oldu\u011fu i\u00e7in d\u0131\u015f y\u00fczeyini de g\u00fcne\u015f panelleri ile donatt\u0131k. \u0130zolasyonu da sa\u011flayabilen bu kiremitler ile elektrik enerjinizi de g\u00fcne\u015ften kar\u015f\u0131layabilmenizi m\u00fcmk\u00fcn hale getirdik. Geli\u015ftirdi\u011fimiz bu \u00fcr\u00fcnleri burada ziyaret\u00e7ilerimizle bulu\u015fturmaktan mutluluk duyduk.\u201d<\/p>\n<p>CW Enerji olarak, bir fuar\u0131 daha ba\u015far\u0131yla tamamlaman\u0131n hakl\u0131 gururunu ya\u015f\u0131yoruz.<\/p>","protected":false},"excerpt":{"rendered":"<p>Sorry, this entry is only available in Turkish. For the sake of viewer convenience, the content is shown below in the alternative language. You may click the link to switch the active language.27 \u015eubat &#8211; 1 Mart tarihleri aras\u0131nda Fas Kazablanka\u2019da 7\u2019incisi d\u00fczenlenen SOLAIRE EXPO MAROC fuar\u0131nda CW Enerji, \u201cFuar\u0131n en \u00f6nemli firmas\u0131\u201d oldu. CW [&hellip;]<\/p>\n","protected":false},"author":1,"featured_media":72153,"comment_status":"open","ping_status":"open","sticky":false,"template":"","format":"standard","meta":[],"categories":[53,49],"tags":[34868,67,1009,23416,23131],"views":940,"_links":{"self":[{"href":"https:\/\/www.enerjigazetesi.ist\/en\/wp-json\/wp\/v2\/posts\/72152"}],"collection":[{"href":"https:\/\/www.enerjigazetesi.ist\/en\/wp-json\/wp\/v2\/posts"}],"about":[{"href":"https:\/\/www.enerjigazetesi.ist\/en\/wp-json\/wp\/v2\/types\/post"}],"author":[{"embeddable":true,"href":"https:\/\/www.enerjigazetesi.ist\/en\/wp-json\/wp\/v2\/users\/1"}],"replies":[{"embeddable":true,"href":"https:\/\/www.enerjigazetesi.ist\/en\/wp-json\/wp\/v2\/comments?post=72152"}],"version-history":[{"count":1,"href":"https:\/\/www.enerjigazetesi.ist\/en\/wp-json\/wp\/v2\/posts\/72152\/revisions"}],"predecessor-version":[{"id":72154,"href":"https:\/\/www.enerjigazetesi.ist\/en\/wp-json\/wp\/v2\/posts\/72152\/revisions\/72154"}],"wp:featuredmedia":[{"embeddable":true,"href":"https:\/\/www.enerjigazetesi.ist\/en\/wp-json\/wp\/v2\/media\/72153"}],"wp:attachment":[{"href":"https:\/\/www.enerjigazetesi.ist\/en\/wp-json\/wp\/v2\/media?parent=72152"}],"wp:term":[{"taxonomy":"category","embeddable":true,"href":"https:\/\/www.enerjigazetesi.ist\/en\/wp-json\/wp\/v2\/categories?post=72152"},{"taxonomy":"post_tag","embeddable":true,"href":"https:\/\/www.enerjigazetesi.ist\/en\/wp-json\/wp\/v2\/tags?post=72152"}],"curies":[{"name":"wp","href":"https:\/\/api.w.org\/{rel}","templated":true}]}}