{"id":72074,"date":"2018-03-03T15:06:02","date_gmt":"2018-03-03T12:06:02","guid":{"rendered":"https:\/\/www.enerjigazetesi.ist\/?p=72074"},"modified":"2018-03-03T15:06:40","modified_gmt":"2018-03-03T12:06:40","slug":"hyundaiin-470-km-menzilli-elektrikli-otomobili-kona-icin-geri-sayim-basladi","status":"publish","type":"post","link":"https:\/\/www.enerjigazetesi.ist\/en\/hyundaiin-470-km-menzilli-elektrikli-otomobili-kona-icin-geri-sayim-basladi\/","title":{"rendered":"(Turkish) Hyundai&#8217;\u0131n 470 km Menzilli Elektrikli Otomobili Kona \u0130\u00e7in Geri Say\u0131m Ba\u015flad\u0131!"},"content":{"rendered":"<p class=\"qtranxs-available-languages-message qtranxs-available-languages-message-en\">Sorry, this entry is only available in <a href=\"https:\/\/www.enerjigazetesi.ist\/tr\/wp-json\/wp\/v2\/posts\/72074\" class=\"qtranxs-available-language-link qtranxs-available-language-link-tr\" title=\"Turkish\">Turkish<\/a>. For the sake of viewer convenience, the content is shown below in the alternative language. You may click the link to switch the active language.<\/p><p><strong>Hyundai\u2019nin ge\u00e7ti\u011fimiz haziran ay\u0131nda tan\u0131t\u0131m\u0131n\u0131 ger\u00e7ekle\u015ftirdi\u011fi yepyeni kompakt SUV modeli Kona\u2018n\u0131n T\u00fcrkiye sat\u0131\u015flar\u0131n\u0131n ba\u015flamas\u0131 i\u00e7in geri say\u0131m devam ediyor.<img loading=\"lazy\" class=\"alignright size-medium wp-image-72075\" src=\"https:\/\/www.enerjigazetesi.ist\/wp-content\/uploads\/2018\/03\/hyundaiin-470-km-menzilli-elektrikli-otomobili-kona-icin-geri-sayim-basladi-300x200.jpg\" alt=\"\" width=\"300\" height=\"200\" srcset=\"https:\/\/www.enerjigazetesi.ist\/wp-content\/uploads\/2018\/03\/hyundaiin-470-km-menzilli-elektrikli-otomobili-kona-icin-geri-sayim-basladi-300x200.jpg 300w, https:\/\/www.enerjigazetesi.ist\/wp-content\/uploads\/2018\/03\/hyundaiin-470-km-menzilli-elektrikli-otomobili-kona-icin-geri-sayim-basladi-768x512.jpg 768w, https:\/\/www.enerjigazetesi.ist\/wp-content\/uploads\/2018\/03\/hyundaiin-470-km-menzilli-elektrikli-otomobili-kona-icin-geri-sayim-basladi-1024x683.jpg 1024w, https:\/\/www.enerjigazetesi.ist\/wp-content\/uploads\/2018\/03\/hyundaiin-470-km-menzilli-elektrikli-otomobili-kona-icin-geri-sayim-basladi-500x333.jpg 500w, https:\/\/www.enerjigazetesi.ist\/wp-content\/uploads\/2018\/03\/hyundaiin-470-km-menzilli-elektrikli-otomobili-kona-icin-geri-sayim-basladi-75x50.jpg 75w, https:\/\/www.enerjigazetesi.ist\/wp-content\/uploads\/2018\/03\/hyundaiin-470-km-menzilli-elektrikli-otomobili-kona-icin-geri-sayim-basladi.jpg 1200w\" sizes=\"(max-width: 300px) 100vw, 300px\" \/><\/strong><\/p>\n<p><span id=\"more-98408\"><\/span>\u00d6n\u00fcm\u00fczdeki yaz d\u00f6neminde gelmesini beklemedi\u011fimiz modelle ilgili beklenti i\u00e7erisinde olan kullan\u0131c\u0131lar, k\u0131sa s\u00fcre \u00f6nce arac\u0131 tamamen elektrikli versiyonunun da yolda oldu\u011fu haberini ald\u0131. Sizlerle de payla\u015ft\u0131\u011f\u0131m\u0131z ilk bilgiler do\u011frultusunda Cenevre Otomobil Fuar\u0131\u2019nda tan\u0131t\u0131laca\u011f\u0131n\u0131 payla\u015ft\u0131\u011f\u0131m\u0131z elektrikli Kona, bu s\u00f6ylentileri do\u011frulayacak \u015fekilde fuar \u00f6ncesinde kar\u015f\u0131m\u0131za \u00e7\u0131kt\u0131.<\/p>\n<p>Menzil k\u0131sm\u0131nda 400 kilometre civarlar\u0131nda bir beklenti yaratan Hyundai, bunu 70 kilometre daha ileriye g\u00f6t\u00fcrerek modeli 470 kilometre yol kat edebilir \u015fekilde asfalta indiriyor. Ayn\u0131 zamanda Avrupa pazar\u0131nda tamamen elektrikli olarak sunulacak ilk kompakt SUV olan Hyundai Kona Electric\u2019in di\u011fer teknik de\u011ferleri de olduk\u00e7a iyi&#8230;<\/p>","protected":false},"excerpt":{"rendered":"<p>Sorry, this entry is only available in Turkish. For the sake of viewer convenience, the content is shown below in the alternative language. You may click the link to switch the active language.Hyundai\u2019nin ge\u00e7ti\u011fimiz haziran ay\u0131nda tan\u0131t\u0131m\u0131n\u0131 ger\u00e7ekle\u015ftirdi\u011fi yepyeni kompakt SUV modeli Kona\u2018n\u0131n T\u00fcrkiye sat\u0131\u015flar\u0131n\u0131n ba\u015flamas\u0131 i\u00e7in geri say\u0131m devam ediyor. \u00d6n\u00fcm\u00fczdeki yaz d\u00f6neminde gelmesini [&hellip;]<\/p>\n","protected":false},"author":1,"featured_media":72075,"comment_status":"open","ping_status":"open","sticky":false,"template":"","format":"standard","meta":[],"categories":[51,53],"tags":[7256,215,1270,67,1009,10885,36968,36969],"views":868,"_links":{"self":[{"href":"https:\/\/www.enerjigazetesi.ist\/en\/wp-json\/wp\/v2\/posts\/72074"}],"collection":[{"href":"https:\/\/www.enerjigazetesi.ist\/en\/wp-json\/wp\/v2\/posts"}],"about":[{"href":"https:\/\/www.enerjigazetesi.ist\/en\/wp-json\/wp\/v2\/types\/post"}],"author":[{"embeddable":true,"href":"https:\/\/www.enerjigazetesi.ist\/en\/wp-json\/wp\/v2\/users\/1"}],"replies":[{"embeddable":true,"href":"https:\/\/www.enerjigazetesi.ist\/en\/wp-json\/wp\/v2\/comments?post=72074"}],"version-history":[{"count":2,"href":"https:\/\/www.enerjigazetesi.ist\/en\/wp-json\/wp\/v2\/posts\/72074\/revisions"}],"predecessor-version":[{"id":72077,"href":"https:\/\/www.enerjigazetesi.ist\/en\/wp-json\/wp\/v2\/posts\/72074\/revisions\/72077"}],"wp:featuredmedia":[{"embeddable":true,"href":"https:\/\/www.enerjigazetesi.ist\/en\/wp-json\/wp\/v2\/media\/72075"}],"wp:attachment":[{"href":"https:\/\/www.enerjigazetesi.ist\/en\/wp-json\/wp\/v2\/media?parent=72074"}],"wp:term":[{"taxonomy":"category","embeddable":true,"href":"https:\/\/www.enerjigazetesi.ist\/en\/wp-json\/wp\/v2\/categories?post=72074"},{"taxonomy":"post_tag","embeddable":true,"href":"https:\/\/www.enerjigazetesi.ist\/en\/wp-json\/wp\/v2\/tags?post=72074"}],"curies":[{"name":"wp","href":"https:\/\/api.w.org\/{rel}","templated":true}]}}