{"id":71998,"date":"2018-02-28T14:13:05","date_gmt":"2018-02-28T11:13:05","guid":{"rendered":"https:\/\/www.enerjigazetesi.ist\/?p=71998"},"modified":"2018-02-28T14:13:05","modified_gmt":"2018-02-28T11:13:05","slug":"zeybekci-enerji-verimliligi-testleri-artis-gosterecek","status":"publish","type":"post","link":"https:\/\/www.enerjigazetesi.ist\/en\/zeybekci-enerji-verimliligi-testleri-artis-gosterecek\/","title":{"rendered":"(Turkish) Zeybekci: \u201cEnerji Verimlili\u011fi Testleri Art\u0131\u015f G\u00f6sterecek\u201d"},"content":{"rendered":"<p class=\"qtranxs-available-languages-message qtranxs-available-languages-message-en\">Sorry, this entry is only available in <a href=\"https:\/\/www.enerjigazetesi.ist\/tr\/wp-json\/wp\/v2\/posts\/71998\" class=\"qtranxs-available-language-link qtranxs-available-language-link-tr\" title=\"Turkish\">Turkish<\/a>. For the sake of viewer convenience, the content is shown below in the alternative language. You may click the link to switch the active language.<\/p><p><strong>Ekonomi Bakan\u0131 Zeybekci taraf\u0131ndan ithal al\u0131nan \u00e7e\u015fitli elektronik \u00fcr\u00fcnlerde enerji verimlili\u011fi testlerinin yap\u0131laca\u011f\u0131 a\u00e7\u0131kland\u0131.<\/strong><\/p>\n<p><span id=\"more-98232\"><\/span>Mart ay\u0131 itibar\u0131yla ithal al\u0131nan led ampuller, elektrik motorlar\u0131, klimalar, so\u011futucular, televizyonlar, f\u0131r\u0131nlar, \u00e7ama\u015f\u0131r ve bula\u015f\u0131k makinelerinde enerji verimlili\u011fi testleri yap\u0131lmaya ba\u015flayaca\u011f\u0131n\u0131 bildiren <img loading=\"lazy\" class=\"alignleft size-full wp-image-53140\" src=\"https:\/\/www.enerjigazetesi.ist\/wp-content\/uploads\/2016\/05\/cocuklarimiza-birakacaginiz-dunyanin-gelecegi-enerji-verimliligine-bagli.jpg\" alt=\"\" width=\"300\" height=\"210\" srcset=\"https:\/\/www.enerjigazetesi.ist\/wp-content\/uploads\/2016\/05\/cocuklarimiza-birakacaginiz-dunyanin-gelecegi-enerji-verimliligine-bagli.jpg 300w, https:\/\/www.enerjigazetesi.ist\/wp-content\/uploads\/2016\/05\/cocuklarimiza-birakacaginiz-dunyanin-gelecegi-enerji-verimliligine-bagli-71x50.jpg 71w\" sizes=\"(max-width: 300px) 100vw, 300px\" \/>Ekonomi Bakan\u0131 Nihat Zeybekci, elektrikli cihazlarda enerji verimlili\u011finin art\u0131r\u0131lmas\u0131 sayesinde elektrik tasarrufunun sa\u011flanaca\u011f\u0131n\u0131 aktard\u0131. Zeybekci, elektrik tasarrufunun olumsuz \u00e7evresel etkileri azaltaca\u011f\u0131n\u0131 ve enerjide d\u0131\u015fa ba\u011f\u0131ml\u0131 olan T\u00fcrkiye\u2019nin cari a\u00e7\u0131\u011f\u0131n\u0131n kapat\u0131lmas\u0131na destek olaca\u011f\u0131n\u0131 anlatt\u0131.<\/p>\n<p>Ekonomi Bakanl\u0131\u011f\u0131 taraf\u0131ndan y\u00fcr\u00fct\u00fclen s\u0131k\u0131 ithalat denetim politikas\u0131 kapsam\u0131nda, 2017 senesinin Temmuz ay\u0131nda ithalatta \u00fcr\u00fcn g\u00fcvenli\u011fi denetimine dahil olan t\u00fcketici \u00fcr\u00fcnlerinde belge ve i\u015faret kontrol\u00fcn\u00fcn yan\u0131 s\u0131ra laboratuvar testlerinin de yap\u0131ld\u0131\u011f\u0131n\u0131 an\u0131msatan Zeybekci, yap\u0131lan denetimler sonucu g\u00fcvenli olmayan 8 milyon \u00fcr\u00fcn\u00fcn ithalat\u0131na izin verilmedi\u011fini belirtti. Zeybekci, bu \u00fcr\u00fcnlerin d\u00f6rtte birlik b\u00f6l\u00fcm\u00fcn\u00fc led ampullerin olu\u015fturdu\u011funu vurgulayarak, bu \u00fcr\u00fcn gurubunda 2.2 milyon \u00fcr\u00fcn\u00fcn ithaline izin verilmedi\u011fini dile getirdi.<\/p>","protected":false},"excerpt":{"rendered":"<p>Sorry, this entry is only available in Turkish. For the sake of viewer convenience, the content is shown below in the alternative language. You may click the link to switch the active language.Ekonomi Bakan\u0131 Zeybekci taraf\u0131ndan ithal al\u0131nan \u00e7e\u015fitli elektronik \u00fcr\u00fcnlerde enerji verimlili\u011fi testlerinin yap\u0131laca\u011f\u0131 a\u00e7\u0131kland\u0131. Mart ay\u0131 itibar\u0131yla ithal al\u0131nan led ampuller, elektrik motorlar\u0131, [&hellip;]<\/p>\n","protected":false},"author":1,"featured_media":53140,"comment_status":"open","ping_status":"open","sticky":false,"template":"","format":"standard","meta":[],"categories":[53,52],"tags":[25433,68,67,1009,2091,12,36946],"views":753,"_links":{"self":[{"href":"https:\/\/www.enerjigazetesi.ist\/en\/wp-json\/wp\/v2\/posts\/71998"}],"collection":[{"href":"https:\/\/www.enerjigazetesi.ist\/en\/wp-json\/wp\/v2\/posts"}],"about":[{"href":"https:\/\/www.enerjigazetesi.ist\/en\/wp-json\/wp\/v2\/types\/post"}],"author":[{"embeddable":true,"href":"https:\/\/www.enerjigazetesi.ist\/en\/wp-json\/wp\/v2\/users\/1"}],"replies":[{"embeddable":true,"href":"https:\/\/www.enerjigazetesi.ist\/en\/wp-json\/wp\/v2\/comments?post=71998"}],"version-history":[{"count":1,"href":"https:\/\/www.enerjigazetesi.ist\/en\/wp-json\/wp\/v2\/posts\/71998\/revisions"}],"predecessor-version":[{"id":71999,"href":"https:\/\/www.enerjigazetesi.ist\/en\/wp-json\/wp\/v2\/posts\/71998\/revisions\/71999"}],"wp:featuredmedia":[{"embeddable":true,"href":"https:\/\/www.enerjigazetesi.ist\/en\/wp-json\/wp\/v2\/media\/53140"}],"wp:attachment":[{"href":"https:\/\/www.enerjigazetesi.ist\/en\/wp-json\/wp\/v2\/media?parent=71998"}],"wp:term":[{"taxonomy":"category","embeddable":true,"href":"https:\/\/www.enerjigazetesi.ist\/en\/wp-json\/wp\/v2\/categories?post=71998"},{"taxonomy":"post_tag","embeddable":true,"href":"https:\/\/www.enerjigazetesi.ist\/en\/wp-json\/wp\/v2\/tags?post=71998"}],"curies":[{"name":"wp","href":"https:\/\/api.w.org\/{rel}","templated":true}]}}