{"id":71996,"date":"2018-02-28T12:57:15","date_gmt":"2018-02-28T09:57:15","guid":{"rendered":"https:\/\/www.enerjigazetesi.ist\/?p=71996"},"modified":"2018-02-28T12:57:15","modified_gmt":"2018-02-28T09:57:15","slug":"yenilenebilir-enerji-yatirimini-2020ye-kadar-yapana-10-yil-alim-garantisi","status":"publish","type":"post","link":"https:\/\/www.enerjigazetesi.ist\/en\/yenilenebilir-enerji-yatirimini-2020ye-kadar-yapana-10-yil-alim-garantisi\/","title":{"rendered":"(Turkish) Yenilenebilir Enerji Yat\u0131r\u0131m\u0131n\u0131 2020\u2019ye Kadar Yapana 10 Y\u0131l Al\u0131m Garantisi"},"content":{"rendered":"<p class=\"qtranxs-available-languages-message qtranxs-available-languages-message-en\">Sorry, this entry is only available in <a href=\"https:\/\/www.enerjigazetesi.ist\/tr\/wp-json\/wp\/v2\/posts\/71996\" class=\"qtranxs-available-language-link qtranxs-available-language-link-tr\" title=\"Turkish\">Turkish<\/a>. For the sake of viewer convenience, the content is shown below in the alternative language. You may click the link to switch the active language.<\/p><p><strong>Enerji Bakan\u0131 Berat Albayrak, \u201c2020 y\u0131l\u0131na kadar yat\u0131r\u0131m\u0131n\u0131 tamamlay\u0131p, enerji \u00fcretimine ge\u00e7ecek \u015firketlere 10 y\u0131l boyunca sabit fiyattan al\u0131m garantisi verilecek\u201d diye konu\u015ftu.<\/strong><\/p>\n<p><span id=\"more-98317\"><\/span>Enerji ve Tabii Kaynaklar Bakan\u0131 Berat Albayrak, 2020\u2019ye kadar i\u015fletmeye girecek olan yenilenebilir enerji tesislerine 10 y\u0131l boyunca sabit fiyattan al\u0131m garantisi verilece\u011fini a\u00e7\u0131klad\u0131. Petrol, do\u011falgaz, k\u00f6m\u00fcr gibi fosil yak\u0131tlar\u0131n\u0131n h\u0131zla t\u00fckenme noktas\u0131na yakla\u015fmas\u0131, enerji sekt\u00f6r\u00fcnde g\u00fcne\u015f, su ve r\u00fczgar <img loading=\"lazy\" class=\"alignright size-medium wp-image-38905\" src=\"https:\/\/www.enerjigazetesi.ist\/wp-content\/uploads\/2015\/05\/6-ruzgar-ve-gunes-yenilenebilir-enerji-kongresi-16-haziranda-istanbulda-300x168.jpg\" alt=\"\" width=\"300\" height=\"168\" srcset=\"https:\/\/www.enerjigazetesi.ist\/wp-content\/uploads\/2015\/05\/6-ruzgar-ve-gunes-yenilenebilir-enerji-kongresi-16-haziranda-istanbulda-300x168.jpg 300w, https:\/\/www.enerjigazetesi.ist\/wp-content\/uploads\/2015\/05\/6-ruzgar-ve-gunes-yenilenebilir-enerji-kongresi-16-haziranda-istanbulda-500x281.jpg 500w, https:\/\/www.enerjigazetesi.ist\/wp-content\/uploads\/2015\/05\/6-ruzgar-ve-gunes-yenilenebilir-enerji-kongresi-16-haziranda-istanbulda-80x45.jpg 80w, https:\/\/www.enerjigazetesi.ist\/wp-content\/uploads\/2015\/05\/6-ruzgar-ve-gunes-yenilenebilir-enerji-kongresi-16-haziranda-istanbulda.jpg 620w\" sizes=\"(max-width: 300px) 100vw, 300px\" \/>gibi kaynaklara y\u00f6nelik yat\u0131r\u0131mlar\u0131 h\u0131zland\u0131rd\u0131. Bu kapsamda h\u00fck\u00fcmet, yenilenebilir enerji \u00fcretim tesislere y\u00f6nelik destek paketi olu\u015fturdu. T\u00fcrkiye\u2019nin do\u011fal kaynaklar\u0131ndan yararlanarak, 31 Aral\u0131k 2020\u2019ye kadar yat\u0131r\u0131m\u0131n\u0131 tamamlay\u0131p enerji \u00fcretimine ge\u00e7ecek \u015firketlere, 10 y\u0131l s\u00fcreyle enerji al\u0131m garantisi verilecek.<\/p>\n<p>A\u00e7\u0131klama Enerji ve Tabii Kaynaklar Bakan\u0131 Berat Albayrak\u2019tan geldi. Bakan Albayrak, yenilenebilir enerji kaynaklar\u0131na y\u00f6nelik te\u015fvik uygulamalar\u0131na ili\u015fkin bir soru \u00f6nergesine verdi\u011fi yan\u0131tta, 5 y\u0131l boyunca yerli \u00fcr\u00fcn deste\u011fi sa\u011flamak suretiyle yat\u0131r\u0131mlar\u0131 te\u015fvik eden bir sistemin ortaya konuldu\u011funu belirterek, bu \u00e7er\u00e7evede, 2020\u2019ye kadar i\u015fletmeye girecek olan yenilenebilir enerji tesislerine 10 y\u0131l boyunca sabit fiyattan al\u0131m garantisi verilece\u011fini a\u00e7\u0131klad\u0131.<\/p>","protected":false},"excerpt":{"rendered":"<p>Sorry, this entry is only available in Turkish. For the sake of viewer convenience, the content is shown below in the alternative language. You may click the link to switch the active language.Enerji Bakan\u0131 Berat Albayrak, \u201c2020 y\u0131l\u0131na kadar yat\u0131r\u0131m\u0131n\u0131 tamamlay\u0131p, enerji \u00fcretimine ge\u00e7ecek \u015firketlere 10 y\u0131l boyunca sabit fiyattan al\u0131m garantisi verilecek\u201d diye konu\u015ftu. [&hellip;]<\/p>\n","protected":false},"author":1,"featured_media":38905,"comment_status":"open","ping_status":"open","sticky":false,"template":"","format":"standard","meta":[],"categories":[53,49,50],"tags":[4359,36945,67,1009,8275,105,1245],"views":1513,"_links":{"self":[{"href":"https:\/\/www.enerjigazetesi.ist\/en\/wp-json\/wp\/v2\/posts\/71996"}],"collection":[{"href":"https:\/\/www.enerjigazetesi.ist\/en\/wp-json\/wp\/v2\/posts"}],"about":[{"href":"https:\/\/www.enerjigazetesi.ist\/en\/wp-json\/wp\/v2\/types\/post"}],"author":[{"embeddable":true,"href":"https:\/\/www.enerjigazetesi.ist\/en\/wp-json\/wp\/v2\/users\/1"}],"replies":[{"embeddable":true,"href":"https:\/\/www.enerjigazetesi.ist\/en\/wp-json\/wp\/v2\/comments?post=71996"}],"version-history":[{"count":1,"href":"https:\/\/www.enerjigazetesi.ist\/en\/wp-json\/wp\/v2\/posts\/71996\/revisions"}],"predecessor-version":[{"id":71997,"href":"https:\/\/www.enerjigazetesi.ist\/en\/wp-json\/wp\/v2\/posts\/71996\/revisions\/71997"}],"wp:featuredmedia":[{"embeddable":true,"href":"https:\/\/www.enerjigazetesi.ist\/en\/wp-json\/wp\/v2\/media\/38905"}],"wp:attachment":[{"href":"https:\/\/www.enerjigazetesi.ist\/en\/wp-json\/wp\/v2\/media?parent=71996"}],"wp:term":[{"taxonomy":"category","embeddable":true,"href":"https:\/\/www.enerjigazetesi.ist\/en\/wp-json\/wp\/v2\/categories?post=71996"},{"taxonomy":"post_tag","embeddable":true,"href":"https:\/\/www.enerjigazetesi.ist\/en\/wp-json\/wp\/v2\/tags?post=71996"}],"curies":[{"name":"wp","href":"https:\/\/api.w.org\/{rel}","templated":true}]}}