{"id":7198,"date":"2013-02-22T16:08:58","date_gmt":"2013-02-22T13:08:58","guid":{"rendered":"https:\/\/www.enerjigazetesi.ist\/?p=7198"},"modified":"2013-02-22T16:12:15","modified_gmt":"2013-02-22T13:12:15","slug":"eroglu-turkiyenin-hep-yurtdisina-bagimli-kalmasini-isteyenler-var","status":"publish","type":"post","link":"https:\/\/www.enerjigazetesi.ist\/en\/eroglu-turkiyenin-hep-yurtdisina-bagimli-kalmasini-isteyenler-var\/","title":{"rendered":"(Turkish) Ero\u011flu: \u201cT\u00fcrkiye\u2019nin Hep Yurtd\u0131\u015f\u0131na Ba\u011f\u0131ml\u0131 Kalmas\u0131n\u0131 \u0130steyenler Var\u201d"},"content":{"rendered":"<p class=\"qtranxs-available-languages-message qtranxs-available-languages-message-en\">Sorry, this entry is only available in <a href=\"https:\/\/www.enerjigazetesi.ist\/tr\/wp-json\/wp\/v2\/posts\/7198\" class=\"qtranxs-available-language-link qtranxs-available-language-link-tr\" title=\"Turkish\">Turkish<\/a>. For the sake of viewer convenience, the content is shown below in the alternative language. You may click the link to switch the active language.<\/p><p><strong>Orman ve Su \u0130\u015fleri Bakan\u0131 Veysel Ero\u011flu, hidroelektrik santrallerine (HES) gelen ele\u015ftiriler i\u00e7in d\u0131\u015f lobileri i\u015faret ederek, \u201cT\u00fcrkiye\u2019nin hep yurtd\u0131\u015f\u0131na ba\u011f\u0131ml\u0131 kalmas\u0131n\u0131 isteyenler var\u201d dedi.<\/strong><\/p>\n<p>\u0130NTES\u2019in geleneksel toplant\u0131s\u0131nda konu\u015fan Ero\u011flu, \u201c\u00c7evreci olarak HES\u2019lere tepki koyanlar var. Neden kar\u015f\u0131 \u00e7\u0131k\u0131yorlar? Ba\u015flang\u0131\u00e7ta baz\u0131 firmalar vah\u015fi \u015fekilde \u00e7al\u0131\u015ft\u0131lar. \u0130kaz ettik. \u015eu anda y\u00fczde 95\u2019i dikkatli \u00e7al\u0131\u015f\u0131yor\u201d dedi.<\/p>\n<p><img loading=\"lazy\" class=\"alignright size-medium wp-image-7199\" title=\"intes-Veysel-Ero\u011flu\" src=\"https:\/\/www.enerjigazetesi.ist\/wp-content\/uploads\/2013\/02\/intes-Veysel-Ero\u011flu-300x200.jpg\" alt=\"\" width=\"300\" height=\"200\" srcset=\"https:\/\/www.enerjigazetesi.ist\/wp-content\/uploads\/2013\/02\/intes-Veysel-Ero\u011flu-300x200.jpg 300w, https:\/\/www.enerjigazetesi.ist\/wp-content\/uploads\/2013\/02\/intes-Veysel-Ero\u011flu-74x50.jpg 74w, https:\/\/www.enerjigazetesi.ist\/wp-content\/uploads\/2013\/02\/intes-Veysel-Ero\u011flu.jpg 500w\" sizes=\"(max-width: 300px) 100vw, 300px\" \/>M\u00fcteahhitlerin devlete \u00f6denen paylar nedeniyle s\u0131k\u0131nt\u0131l\u0131 oldu\u011funu aktaran Ero\u011flu, \u201cGe\u00e7enlerde HES yapan bir firma geldi, \u2018merhaba orta\u011f\u0131m\u2019 dedi. \u015eok oldum. \u2018HES\u2019lerden dolay\u0131 ihale yap\u0131yoruz, katk\u0131 pay\u0131 veriyoruz, neredeyse y\u00fczde 50\u2019sini devlete \u00f6d\u00fcyoruz. Dolay\u0131s\u0131yla bu ortakl\u0131k\u2019 dedi. Neredeyse kw \/ saat ba\u015f\u0131na 6 kuru\u015f DS\u0130\u2019ye para veriyor. O bak\u0131mdan ne kadar \u00e7ok orta\u011f\u0131m\u0131z varsa onlara te\u015fekk\u00fcr ediyoruz\u201d diye konu\u015ftu.<\/p>\n<p>Geleneksel \u0130NTES yeme\u011finde Ero\u011flu\u2019nu a\u011f\u0131rlayan \u0130NTES Ba\u015fkan\u0131 \u015e\u00fckr\u00fc Ko\u00e7o\u011flu, ihale mevzuat\u0131n\u0131 ele\u015ftirerek, \u201cen ucuzu en iyisi\u201d mant\u0131\u011f\u0131n\u0131n bitirilmesi gerekti\u011fini s\u00f6yledi. Ko\u00e7o\u011flu, \u201cKamu kurulu\u015flar\u0131m\u0131z yeterince haz\u0131rlanmadan ihaleye \u00e7\u0131kmamal\u0131. Proje ve \u015fartnamelerde eksiklikler, ihale dok\u00fcmanlar\u0131ndaki birbiriyle \u00e7eli\u015fkili h\u00fck\u00fcmler, ciddi sorunlar olu\u015fturuyor\u201d dedi.<\/p>\n<h2>\u2018B\u00fcrokrasiye bo\u011fulduk\u2019<\/h2>\n<p>Bir\u00e7ok enerji yat\u0131r\u0131m\u0131n\u0131n devlet inisiyatifi kullan\u0131lmad\u0131\u011f\u0131 i\u00e7in uzad\u0131\u011f\u0131n\u0131 belirten Ko\u00e7o\u011flu, \u201cB\u00fcrokrasiye bo\u011fulmaya ba\u015flad\u0131k. \u00c7ok say\u0131da kurulu\u015fla ili\u015fki kurmak, onay, izin veya ruhsat almak zorunda kal\u0131yoruz. Kurumlararas\u0131 yetki karga\u015fas\u0131n\u0131n bir an \u00f6nce sona erdirilmesini istiyoruz. \u0130dareler aras\u0131 koordinasyonsuzluk nedeniyle zaman kayb\u0131 ve haks\u0131z yere cezalarla kar\u015f\u0131la\u015f\u0131yoruz\u201d dedi.<\/p>\n<h2>Enflasyon hesab\u0131na ayar<\/h2>\n<p>\u015e\u00fckr\u00fc Ko\u00e7o\u011flu, sekt\u00f6rdeki fiyat art\u0131\u015flar\u0131n\u0131n her y\u0131l \u00dcFE-T\u00dcFE\u2019ye ba\u011fl\u0131 olarak belirlenmesini de ele\u015ftirerek, \u201cDomates fiyat\u0131 d\u00fc\u015f\u00fcyor, T\u00dcFE d\u00fc\u015f\u00fcyor. Patl\u0131can fiyat\u0131 art\u0131yor, T\u00dcFE art\u0131yor. Benim i\u015fim bunlarla de\u011fil ki. Benim i\u015fim petrol, demir, \u00e7imento, asfalt; bunlarla. Enflasyon hesaplamas\u0131nda bunlar dikkate al\u0131nmal\u0131\u201d dedi.<\/p>\n<p>Kaynak: <a href=\"http:\/\/enerjienstitusu.com\/2013\/02\/22\/eroglu-turkiyenin-hep-yurtdisina-bagimli-kalmasini-isteyenler-var\/\" target=\"_blank\">Enerji Enstit\u00fcs\u00fc<\/a><\/p>","protected":false},"excerpt":{"rendered":"<p>Sorry, this entry is only available in Turkish. For the sake of viewer convenience, the content is shown below in the alternative language. You may click the link to switch the active language.Orman ve Su \u0130\u015fleri Bakan\u0131 Veysel Ero\u011flu, hidroelektrik santrallerine (HES) gelen ele\u015ftiriler i\u00e7in d\u0131\u015f lobileri i\u015faret ederek, \u201cT\u00fcrkiye\u2019nin hep yurtd\u0131\u015f\u0131na ba\u011f\u0131ml\u0131 kalmas\u0131n\u0131 isteyenler [&hellip;]<\/p>\n","protected":false},"author":1,"featured_media":7199,"comment_status":"open","ping_status":"open","sticky":false,"template":"","format":"standard","meta":[],"categories":[53,47],"tags":[1091,67,117,2790,2788,35370,1090,2787,2789,1211,105],"views":509,"_links":{"self":[{"href":"https:\/\/www.enerjigazetesi.ist\/en\/wp-json\/wp\/v2\/posts\/7198"}],"collection":[{"href":"https:\/\/www.enerjigazetesi.ist\/en\/wp-json\/wp\/v2\/posts"}],"about":[{"href":"https:\/\/www.enerjigazetesi.ist\/en\/wp-json\/wp\/v2\/types\/post"}],"author":[{"embeddable":true,"href":"https:\/\/www.enerjigazetesi.ist\/en\/wp-json\/wp\/v2\/users\/1"}],"replies":[{"embeddable":true,"href":"https:\/\/www.enerjigazetesi.ist\/en\/wp-json\/wp\/v2\/comments?post=7198"}],"version-history":[{"count":4,"href":"https:\/\/www.enerjigazetesi.ist\/en\/wp-json\/wp\/v2\/posts\/7198\/revisions"}],"predecessor-version":[{"id":7202,"href":"https:\/\/www.enerjigazetesi.ist\/en\/wp-json\/wp\/v2\/posts\/7198\/revisions\/7202"}],"wp:featuredmedia":[{"embeddable":true,"href":"https:\/\/www.enerjigazetesi.ist\/en\/wp-json\/wp\/v2\/media\/7199"}],"wp:attachment":[{"href":"https:\/\/www.enerjigazetesi.ist\/en\/wp-json\/wp\/v2\/media?parent=7198"}],"wp:term":[{"taxonomy":"category","embeddable":true,"href":"https:\/\/www.enerjigazetesi.ist\/en\/wp-json\/wp\/v2\/categories?post=7198"},{"taxonomy":"post_tag","embeddable":true,"href":"https:\/\/www.enerjigazetesi.ist\/en\/wp-json\/wp\/v2\/tags?post=7198"}],"curies":[{"name":"wp","href":"https:\/\/api.w.org\/{rel}","templated":true}]}}