{"id":7193,"date":"2013-02-22T15:53:51","date_gmt":"2013-02-22T12:53:51","guid":{"rendered":"https:\/\/www.enerjigazetesi.ist\/?p=7193"},"modified":"2013-02-22T16:13:03","modified_gmt":"2013-02-22T13:13:03","slug":"ozellestirme-ve-enerjiye-daha-fazla-odaklanacagiz","status":"publish","type":"post","link":"https:\/\/www.enerjigazetesi.ist\/en\/ozellestirme-ve-enerjiye-daha-fazla-odaklanacagiz\/","title":{"rendered":"(Turkish) \u00d6zelle\u015ftirme ve Enerjiye Daha Fazla Odaklanaca\u011f\u0131z"},"content":{"rendered":"<p class=\"qtranxs-available-languages-message qtranxs-available-languages-message-en\">Sorry, this entry is only available in <a href=\"https:\/\/www.enerjigazetesi.ist\/tr\/wp-json\/wp\/v2\/posts\/7193\" class=\"qtranxs-available-language-link qtranxs-available-language-link-tr\" title=\"Turkish\">Turkish<\/a>. For the sake of viewer convenience, the content is shown below in the alternative language. You may click the link to switch the active language.<\/p><p><strong>T.C. Ba\u015fbakanl\u0131k Yat\u0131r\u0131m Destek ve Tan\u0131t\u0131m Ajans\u0131 Ba\u015fkan\u0131 \u0130lker Ayc\u0131, 2012 y\u0131l\u0131nda d\u00fcnyada uluslararas\u0131 do\u011frudan yat\u0131r\u0131mlar\u0131n y\u00fczde 18 azalarak, 1.3 trilyon dolar oldu\u011funu a\u00e7\u0131klad\u0131.<\/strong><\/p>\n<p>T\u00fcrkiye\u2019ye gelen do\u011frudan yat\u0131r\u0131mlar\u0131n da y\u00fczde 22.8 azalarak 12 milyar 387 milyon dolar d\u00fczeyinde kald\u0131\u011f\u0131n\u0131 belirten Ayc\u0131, \u201c2013 de 2012\u2019ye benzer bir y\u0131l olacak. Ama f<img loading=\"lazy\" class=\"alignleft size-medium wp-image-7194\" title=\"ilker-ayc\u0131\" src=\"https:\/\/www.enerjigazetesi.ist\/wp-content\/uploads\/2013\/02\/ilker-ayc\u0131-300x172.jpg\" alt=\"\" width=\"300\" height=\"172\" srcset=\"https:\/\/www.enerjigazetesi.ist\/wp-content\/uploads\/2013\/02\/ilker-ayc\u0131-300x172.jpg 300w, https:\/\/www.enerjigazetesi.ist\/wp-content\/uploads\/2013\/02\/ilker-ayc\u0131-80x45.jpg 80w, https:\/\/www.enerjigazetesi.ist\/wp-content\/uploads\/2013\/02\/ilker-ayc\u0131.jpg 475w\" sizes=\"(max-width: 300px) 100vw, 300px\" \/>onlar\u0131n uzun s\u00fcre likit kalmas\u0131 m\u00fcmk\u00fcn de\u011fil. Biz de bundan en iyi pay\u0131 almaya \u00e7al\u0131\u015faca\u011f\u0131z. \u00d6zelle\u015ftirme ve enerji yat\u0131r\u0131mlar\u0131 \u00fczerinde yo\u011funla\u015faca\u011f\u0131z\u201d dedi. Ayc\u0131, \u015f\u00f6yle konu\u015ftu:<\/p>\n<p>\u201cPetro kimyada T\u00fcrkiye yat\u0131r\u0131m alacak. Hammadde garantisi oldu\u011fu anda o i\u015f olur. Socar\u2019\u0131n Alia\u011fa i\u015fi b\u00fcy\u00fcyecek. \u00d6n\u00fcm\u00fczdeki g\u00fcnlerde kaya gaz\u0131 s\u00fcreci daha da h\u0131zlanacak. Gelip g\u00f6r\u00fc\u015fen yat\u0131r\u0131mc\u0131lar \u00e7o\u011fald\u0131.\u201d<\/p>\n<p>Caterpillar yat\u0131r\u0131m\u0131n\u0131n iptal olmad\u0131\u011f\u0131n\u0131, \u00f6telendi\u011fini kaydeden Ayc\u0131, \u201cK\u0131z\u0131m\u0131z g\u00fczel, ba\u015fkas\u0131 gelir. \u0130\u015f makinelerinde yak\u0131n gelecekte yat\u0131r\u0131m\u0131 g\u00f6receksiniz\u201d dedi.<\/p>\n<h2>\u2018Nokta at\u0131\u015f\u0131 yapaca\u011f\u0131z\u2019<\/h2>\n<p>Volkswagen ile g\u00f6r\u00fc\u015fmelere devam ettiklerini kaydeden Ayc\u0131, \u201cVokswagen\u2019le biz ayr\u0131lamay\u0131z. Avrupa\u2019n\u0131n bir numaral\u0131 ticari pazar\u0131y\u0131z. Bunu Volkswagen de bilir\u201d diye konu\u015ftu.<\/p>\n<p>Sekt\u00f6r ve projeye odakland\u0131klar\u0131n\u0131 belirten Ayc\u0131, \u201cHedef firma belirleyip kap\u0131s\u0131nda yataca\u011f\u0131z. Bezirganl\u0131\u011fa gerek yok. Nokta at\u0131\u015f\u0131 yapaca\u011f\u0131z\u201d dedi. Almanya, \u0130spanya ve \u0130ngiltere\u2019deki b\u00fcy\u00fck altyap\u0131 firmalar\u0131n\u0131n TOK\u0130\u2019yi, \u00e7ok \u00f6nemsediklerini belirten \u0130lker Ayc\u0131, \u201cBu nedenle ortakl\u0131k kurabilir miyiz, diye soruyorlar\u201d dedi. \u00dc\u00e7\u00fcnc\u00fc havaalan\u0131 i\u00e7in \u00e7al\u0131\u015facaklar\u0131n\u0131 kaydeden Ayc\u0131, ayr\u0131ca mobilya ve beyaz e\u015fya yat\u0131r\u0131mc\u0131lar\u0131n\u0131n T\u00fcrkiye\u2019yle ilgilendiklerini s\u00f6yledi. Ayc\u0131, gayrimenkul ve turizm \u00fczerinde yo\u011funla\u015fan ilginin \u0130stanbul odakl\u0131 oldu\u011funu kaydetti.<\/p>\n<p>Kaynak: <a href=\"http:\/\/enerjienstitusu.com\/2013\/02\/22\/ozellestirme-ve-enerjiye-daha-fazla-odaklanacagiz\/\" target=\"_blank\">Enerji Enstit\u00fcs\u00fc<\/a><\/p>","protected":false},"excerpt":{"rendered":"<p>Sorry, this entry is only available in Turkish. For the sake of viewer convenience, the content is shown below in the alternative language. You may click the link to switch the active language.T.C. Ba\u015fbakanl\u0131k Yat\u0131r\u0131m Destek ve Tan\u0131t\u0131m Ajans\u0131 Ba\u015fkan\u0131 \u0130lker Ayc\u0131, 2012 y\u0131l\u0131nda d\u00fcnyada uluslararas\u0131 do\u011frudan yat\u0131r\u0131mlar\u0131n y\u00fczde 18 azalarak, 1.3 trilyon dolar oldu\u011funu [&hellip;]<\/p>\n","protected":false},"author":1,"featured_media":7206,"comment_status":"open","ping_status":"open","sticky":false,"template":"","format":"standard","meta":[],"categories":[53],"tags":[2783,2784,67,117,1248,2782,769,2785,2786],"views":671,"_links":{"self":[{"href":"https:\/\/www.enerjigazetesi.ist\/en\/wp-json\/wp\/v2\/posts\/7193"}],"collection":[{"href":"https:\/\/www.enerjigazetesi.ist\/en\/wp-json\/wp\/v2\/posts"}],"about":[{"href":"https:\/\/www.enerjigazetesi.ist\/en\/wp-json\/wp\/v2\/types\/post"}],"author":[{"embeddable":true,"href":"https:\/\/www.enerjigazetesi.ist\/en\/wp-json\/wp\/v2\/users\/1"}],"replies":[{"embeddable":true,"href":"https:\/\/www.enerjigazetesi.ist\/en\/wp-json\/wp\/v2\/comments?post=7193"}],"version-history":[{"count":4,"href":"https:\/\/www.enerjigazetesi.ist\/en\/wp-json\/wp\/v2\/posts\/7193\/revisions"}],"predecessor-version":[{"id":7196,"href":"https:\/\/www.enerjigazetesi.ist\/en\/wp-json\/wp\/v2\/posts\/7193\/revisions\/7196"}],"wp:featuredmedia":[{"embeddable":true,"href":"https:\/\/www.enerjigazetesi.ist\/en\/wp-json\/wp\/v2\/media\/7206"}],"wp:attachment":[{"href":"https:\/\/www.enerjigazetesi.ist\/en\/wp-json\/wp\/v2\/media?parent=7193"}],"wp:term":[{"taxonomy":"category","embeddable":true,"href":"https:\/\/www.enerjigazetesi.ist\/en\/wp-json\/wp\/v2\/categories?post=7193"},{"taxonomy":"post_tag","embeddable":true,"href":"https:\/\/www.enerjigazetesi.ist\/en\/wp-json\/wp\/v2\/tags?post=7193"}],"curies":[{"name":"wp","href":"https:\/\/api.w.org\/{rel}","templated":true}]}}