{"id":71866,"date":"2018-02-25T01:50:12","date_gmt":"2018-02-24T22:50:12","guid":{"rendered":"https:\/\/www.enerjigazetesi.ist\/?p=71866"},"modified":"2018-02-25T01:52:23","modified_gmt":"2018-02-24T22:52:23","slug":"ingiltere-elektrik-uretiminde-komurun-payini-dusurdu","status":"publish","type":"post","link":"https:\/\/www.enerjigazetesi.ist\/en\/ingiltere-elektrik-uretiminde-komurun-payini-dusurdu\/","title":{"rendered":"(Turkish) \u0130ngiltere, Elektrik \u00dcretiminde K\u00f6m\u00fcr\u00fcn Pay\u0131n\u0131 D\u00fc\u015f\u00fcrd\u00fc"},"content":{"rendered":"<p class=\"qtranxs-available-languages-message qtranxs-available-languages-message-en\">Sorry, this entry is only available in <a href=\"https:\/\/www.enerjigazetesi.ist\/tr\/wp-json\/wp\/v2\/posts\/71866\" class=\"qtranxs-available-language-link qtranxs-available-language-link-tr\" title=\"Turkish\">Turkish<\/a>. For the sake of viewer convenience, the content is shown below in the alternative language. You may click the link to switch the active language.<\/p><p><strong>\u0130ngiltere\u2019de elektrik \u00fcretimi i\u00e7in kullan\u0131lan k\u00f6m\u00fcr miktar\u0131 2017&#8217;de bir \u00f6nceki seneye g\u00f6re y\u00fczde 29 oran\u0131nda geriledi.<img loading=\"lazy\" class=\"alignright wp-image-46811 size-medium\" src=\"https:\/\/www.enerjigazetesi.ist\/wp-content\/uploads\/2015\/11\/komure-ingiltereden-kotu-haber-300x178.jpg\" alt=\"ingiltere-elektrik-uretiminde-komurun-payini-dusurdu\" width=\"300\" height=\"178\" srcset=\"https:\/\/www.enerjigazetesi.ist\/wp-content\/uploads\/2015\/11\/komure-ingiltereden-kotu-haber-300x178.jpg 300w, https:\/\/www.enerjigazetesi.ist\/wp-content\/uploads\/2015\/11\/komure-ingiltereden-kotu-haber-500x298.jpg 500w, https:\/\/www.enerjigazetesi.ist\/wp-content\/uploads\/2015\/11\/komure-ingiltereden-kotu-haber-80x47.jpg 80w, https:\/\/www.enerjigazetesi.ist\/wp-content\/uploads\/2015\/11\/komure-ingiltereden-kotu-haber.jpg 639w\" sizes=\"(max-width: 300px) 100vw, 300px\" \/><\/strong><\/p>\n<p>\u0130ngiltere \u0130\u015fletme, Enerji ve Sanayi Stratejileri Departman\u0131&#8217;n\u0131n \u00f6nc\u00fc verilerine g\u00f6re, do\u011falgaz kullan\u0131m\u0131n\u0131n artmas\u0131 ve termik santral say\u0131s\u0131n\u0131n azalmas\u0131 nedeniyle k\u00f6m\u00fcr kullan\u0131m\u0131nda azalma meydana geldi. \u0130ngiltere\u2019de elektrik santrallerinin 2017&#8217;de k\u00f6m\u00fcr t\u00fcketimi, bir \u00f6nceki y\u0131la g\u00f6re % 29 oran\u0131nda azalarak 8,6 milyon ton olarak ger\u00e7ekle\u015fti.<\/p>\n<p>Yap\u0131lan a\u00e7\u0131klamada &#8220;1970 y\u0131l\u0131n\u0131n ba\u015f\u0131ndan beri k\u00f6m\u00fcr t\u00fcketimi daha fazla yak\u0131t\u0131n piyasaya girmesiyle azal\u0131yor ama son 10 y\u0131lda \u0130ngiltere&#8217;deki d\u00fc\u015f\u00fc\u015f % 77 oran\u0131nda oldu.&#8221; dedi.<\/p>","protected":false},"excerpt":{"rendered":"<p>Sorry, this entry is only available in Turkish. For the sake of viewer convenience, the content is shown below in the alternative language. You may click the link to switch the active language.\u0130ngiltere\u2019de elektrik \u00fcretimi i\u00e7in kullan\u0131lan k\u00f6m\u00fcr miktar\u0131 2017&#8217;de bir \u00f6nceki seneye g\u00f6re y\u00fczde 29 oran\u0131nda geriledi. \u0130ngiltere \u0130\u015fletme, Enerji ve Sanayi Stratejileri Departman\u0131&#8217;n\u0131n [&hellip;]<\/p>\n","protected":false},"author":1,"featured_media":46811,"comment_status":"open","ping_status":"open","sticky":false,"template":"","format":"standard","meta":[],"categories":[51,53,24649],"tags":[68,67,1009,23311,1092,1675,24143,5097],"views":631,"_links":{"self":[{"href":"https:\/\/www.enerjigazetesi.ist\/en\/wp-json\/wp\/v2\/posts\/71866"}],"collection":[{"href":"https:\/\/www.enerjigazetesi.ist\/en\/wp-json\/wp\/v2\/posts"}],"about":[{"href":"https:\/\/www.enerjigazetesi.ist\/en\/wp-json\/wp\/v2\/types\/post"}],"author":[{"embeddable":true,"href":"https:\/\/www.enerjigazetesi.ist\/en\/wp-json\/wp\/v2\/users\/1"}],"replies":[{"embeddable":true,"href":"https:\/\/www.enerjigazetesi.ist\/en\/wp-json\/wp\/v2\/comments?post=71866"}],"version-history":[{"count":2,"href":"https:\/\/www.enerjigazetesi.ist\/en\/wp-json\/wp\/v2\/posts\/71866\/revisions"}],"predecessor-version":[{"id":71868,"href":"https:\/\/www.enerjigazetesi.ist\/en\/wp-json\/wp\/v2\/posts\/71866\/revisions\/71868"}],"wp:featuredmedia":[{"embeddable":true,"href":"https:\/\/www.enerjigazetesi.ist\/en\/wp-json\/wp\/v2\/media\/46811"}],"wp:attachment":[{"href":"https:\/\/www.enerjigazetesi.ist\/en\/wp-json\/wp\/v2\/media?parent=71866"}],"wp:term":[{"taxonomy":"category","embeddable":true,"href":"https:\/\/www.enerjigazetesi.ist\/en\/wp-json\/wp\/v2\/categories?post=71866"},{"taxonomy":"post_tag","embeddable":true,"href":"https:\/\/www.enerjigazetesi.ist\/en\/wp-json\/wp\/v2\/tags?post=71866"}],"curies":[{"name":"wp","href":"https:\/\/api.w.org\/{rel}","templated":true}]}}