{"id":71854,"date":"2018-02-23T15:54:32","date_gmt":"2018-02-23T12:54:32","guid":{"rendered":"https:\/\/www.enerjigazetesi.ist\/?p=71854"},"modified":"2018-02-23T15:54:32","modified_gmt":"2018-02-23T12:54:32","slug":"avrupa-birligi-yenilenebilir-enerji-raporu-yayimlandi","status":"publish","type":"post","link":"https:\/\/www.enerjigazetesi.ist\/en\/avrupa-birligi-yenilenebilir-enerji-raporu-yayimlandi\/","title":{"rendered":"(Turkish) Avrupa Birli\u011fi Yenilenebilir Enerji Raporu Yay\u0131mland\u0131"},"content":{"rendered":"<p class=\"qtranxs-available-languages-message qtranxs-available-languages-message-en\">Sorry, this entry is only available in <a href=\"https:\/\/www.enerjigazetesi.ist\/tr\/wp-json\/wp\/v2\/posts\/71854\" class=\"qtranxs-available-language-link qtranxs-available-language-link-tr\" title=\"Turkish\">Turkish<\/a>. For the sake of viewer convenience, the content is shown below in the alternative language. You may click the link to switch the active language.<\/p><p><strong>Uluslararas\u0131 Yenilenebilir Enerji Ajans\u0131 IRENA taraf\u0131ndan Br\u00fcksel\u2019de yay\u0131nlanan rapora g\u00f6re, Avrupa Birli\u011fi 2030\u2019a kadar yenilenebilir enerjinin toplam t\u00fcketilen enerji i\u00e7indeki pay\u0131n\u0131 y\u00fczde 34\u2019e -2016 pay\u0131n\u0131n iki kat\u0131 kadar- \u00e7\u0131karabilir ve ekonomiye olumlu katk\u0131da bulunabilir.<\/strong><\/p>\n<p>Avrupa Komisyonunun iste\u011fiyle haz\u0131rlanan \u201cAvrupa Birli\u011fi i\u00e7in Yenilenebilir Enerji Olas\u0131l\u0131klar\u0131\u201d raporunun tan\u0131t\u0131m toplant\u0131s\u0131nda sonu\u00e7lar\u0131 payla\u015fan IRENA Genel Direkt\u00f6r\u00fc Adnan Z. Amin, <img loading=\"lazy\" class=\"alignright size-medium wp-image-71855\" src=\"https:\/\/www.enerjigazetesi.ist\/wp-content\/uploads\/2018\/02\/avrupa-birligi-yenilenebilir-enerji-raporu-yayimlandi-300x135.jpg\" alt=\"\" width=\"300\" height=\"135\" srcset=\"https:\/\/www.enerjigazetesi.ist\/wp-content\/uploads\/2018\/02\/avrupa-birligi-yenilenebilir-enerji-raporu-yayimlandi-300x135.jpg 300w, https:\/\/www.enerjigazetesi.ist\/wp-content\/uploads\/2018\/02\/avrupa-birligi-yenilenebilir-enerji-raporu-yayimlandi-500x226.jpg 500w, https:\/\/www.enerjigazetesi.ist\/wp-content\/uploads\/2018\/02\/avrupa-birligi-yenilenebilir-enerji-raporu-yayimlandi-80x36.jpg 80w, https:\/\/www.enerjigazetesi.ist\/wp-content\/uploads\/2018\/02\/avrupa-birligi-yenilenebilir-enerji-raporu-yayimlandi.jpg 696w\" sizes=\"(max-width: 300px) 100vw, 300px\" \/>yenilenebilir enerjinin pay\u0131n\u0131n daha da art\u0131r\u0131lmas\u0131n\u0131n g\u00fcn\u00fcm\u00fcz teknolojisiyle \u00e7ok daha kolay oldu\u011funu ve bunun 2030 y\u0131l\u0131na kadar AB GSYH\u2019sinin y\u00fczde 0,3\u2019\u00fcne denk bir ek yat\u0131r\u0131mla -yakla\u015f\u0131k 368 milyar Euro\/y\u0131l- m\u00fcmk\u00fcn oldu\u011funu belirtti. AB\u2019de halihaz\u0131rda yenilenebilir enerji sekt\u00f6r\u00fcnde \u00e7al\u0131\u015fan 1,2 milyon ki\u015fi say\u0131s\u0131 da b\u00f6ylece ciddi bir art\u0131\u015f g\u00f6sterebilir.<\/p>\n<p>Yenilenebilir enerjinin pay\u0131n\u0131n art\u0131r\u0131lmas\u0131yla, emisyonlarda 2030 y\u0131l\u0131na kadar y\u00fczde 15\u2019lik (\u0130talya\u2019n\u0131n toplam emisyon miktar\u0131 kadar) ek bir azalt\u0131m sa\u011flanabilir. Bu azalt\u0131mlar, AB\u2019nin emisyonlar\u0131n\u0131 1990 seviyelerine g\u00f6re y\u00fczde 40 azaltma hedefine uyum g\u00f6sterece\u011fi gibi, AB\u2019yi uzun vadeli karbonsuzla\u015fma yolunda do\u011fru bir rotaya sokabilir. Yenilenebilir enerji pay\u0131ndaki art\u0131\u015f, enerji maliyeti ve \u00f6nlenen \u00e7evresel ve sa\u011fl\u0131k maliyetleri g\u00f6z \u00f6n\u00fcne al\u0131nd\u0131\u011f\u0131nda, 2030 y\u0131l\u0131na kadar y\u0131lda 44 milyar ile 113 milyar avroluk bir tasarruf sa\u011flayabilir.<\/p>\n<p>IRENA Genel Direkt\u00f6r\u00fc Adnan Z. Amin\u2019e g\u00f6re: \u201cAvrupa y\u0131llard\u0131r uzun vadeli, iddial\u0131 hedefler ve g\u00fc\u00e7l\u00fc politika \u00f6nlemleri sayesinde yenilenebilir enerjinin k\u00fcresel \u00f6l\u00e7ekte yayg\u0131nla\u015ft\u0131r\u0131lmas\u0131nda \u00f6nc\u00fc rol \u00fcstlendi. AB, iddial\u0131 ve ger\u00e7ekle\u015ftirilebilir yeni bir yenilenebilir enerji stratejisiyle, yat\u0131r\u0131mc\u0131 ve planlamac\u0131lara piyasada g\u00fcven ortam\u0131 sa\u011flaman\u0131n yan\u0131 s\u0131ra istihdam da sa\u011flayabilir, halk sa\u011fl\u0131\u011f\u0131n\u0131 iyile\u015ftirebilir ve iklim hedefleriyle uyumlu, daha g\u00fc\u00e7l\u00fc bir karbonsuzla\u015ft\u0131rma patikas\u0131 izleyebilir.\u201d<\/p>\n<p>Raporun \u00e7ok do\u011fru bir zamanda yay\u0131nland\u0131\u011f\u0131na de\u011finen Avrupa Komisyonu Enerji ve \u0130klim Komiseri Miguel Aria Ca\u00f1ete ise g\u00f6r\u00fc\u015flerini \u015f\u00f6yle ifade etti: \u201cRapor, yenilenebilir kaynak maliyetlerinin son birka\u00e7 y\u0131l i\u00e7inde \u00f6nemli derecede d\u00fc\u015ft\u00fc\u011f\u00fcne dair kendi de\u011ferlendirmelerimizi do\u011fruluyor. Avrupa\u2019n\u0131n yenilenebilir enerji politikalar\u0131na son \u015feklini verecek ve \u00f6n\u00fcm\u00fczdeki g\u00fcnlerde ger\u00e7ekle\u015ftirilecek m\u00fczakerelerde iddia seviyemizi belirlerken bu yeni ger\u00e7eklikleri de g\u00f6z \u00f6n\u00fcne almam\u0131z gerekiyor\u201d<\/p>\n<p>Rapor, t\u00fcm AB \u00fcyesi \u00fclkelerin uygun bir maliyetle yenilenebilir enerji potansiyelini art\u0131rabilece\u011finin alt\u0131n\u0131 \u00e7iziyor ve yenilenebilir enerji kaynaklar\u0131ndan \u00fcretilen \u0131s\u0131nma ve so\u011futma se\u00e7eneklerinin AB\u2019nin bu ek potansiyelinin \u00fc\u00e7te birinden fazlas\u0131n\u0131 te\u015fkil etti\u011fine de\u011finiyor. Dahas\u0131, AB\u2019nin uzun vadeli karbonsuzla\u015fma hedeflerinin ger\u00e7ekle\u015ftirilmesi i\u00e7in yenilenebilir enerjiyle \u00e7al\u0131\u015fan t\u00fcm ula\u015f\u0131m se\u00e7eneklerine de ihtiya\u00e7 duyulacak.<\/p>\n<p><strong>Raporda yer alan di\u011fer temel bulgulardan baz\u0131lar\u0131:<\/strong><\/p>\n<p>-2030 y\u0131l\u0131na kadar yenilenebilir enerjinin pay\u0131n\u0131n %34\u2019e \u00e7\u0131kar\u0131lmas\u0131 i\u00e7in yap\u0131lmas\u0131 gereken tahmini ortalama yenilenebilir enerji yat\u0131r\u0131m\u0131 62 milyar Avro\u2019dur.<\/p>\n<p>-Raporda bahsi ge\u00e7en yenilenebilir enerji potansiyeliyle, 327 GW kurulu g\u00fcc\u00fcnde r\u00fczgar enerjisi (referans senaryodan 97 GW daha fazla) ve referans senaryodan 86 GW daha fazlas\u0131na denk gelen 270 GW kurulu g\u00fcc\u00fcnde g\u00fcne\u015f enerjisi sa\u011flanabilecektir.<\/p>\n<p>Rapor, t\u00fcm AB \u00fcyesi \u00fclkelerin uygun bir maliyetle yenilenebilir enerji potansiyelini art\u0131rabilece\u011finin alt\u0131n\u0131 \u00e7iziyor ve yenilenebilir enerji kaynaklar\u0131ndan \u00fcretilen \u0131s\u0131nma ve so\u011futma se\u00e7eneklerinin AB\u2019nin bu ek potansiyelinin \u00fc\u00e7te birinden fazlas\u0131n\u0131 te\u015fkil etti\u011fine de\u011finiyor. Dahas\u0131, AB\u2019nin uzun vadeli karbonsuzla\u015fma hedeflerinin ger\u00e7ekle\u015ftirilmesi i\u00e7in yenilenebilir enerjiyle \u00e7al\u0131\u015fan t\u00fcm ula\u015f\u0131m se\u00e7eneklerine de ihtiya\u00e7 duyulacak.<\/p>\n<p><strong>Raporda yer alan di\u011fer temel bulgulardan baz\u0131lar\u0131:<\/strong><\/p>\n<p>-2030 y\u0131l\u0131na kadar yenilenebilir enerjinin pay\u0131n\u0131n %34\u2019e \u00e7\u0131kar\u0131lmas\u0131 i\u00e7in yap\u0131lmas\u0131 gereken tahmini ortalama yenilenebilir enerji yat\u0131r\u0131m\u0131 62 milyar Avro\u2019dur.<\/p>\n<p>-Raporda bahsi ge\u00e7en yenilenebilir enerji potansiyeliyle, 327 GW kurulu g\u00fcc\u00fcnde r\u00fczgar enerjisi (referans senaryodan 97 GW daha fazla) ve referans senaryodan 86 GW daha fazlas\u0131na denk gelen 270 GW kurulu g\u00fcc\u00fcnde g\u00fcne\u015f enerjisi sa\u011flanabilecektir.<\/p>","protected":false},"excerpt":{"rendered":"<p>Sorry, this entry is only available in Turkish. For the sake of viewer convenience, the content is shown below in the alternative language. You may click the link to switch the active language.Uluslararas\u0131 Yenilenebilir Enerji Ajans\u0131 IRENA taraf\u0131ndan Br\u00fcksel\u2019de yay\u0131nlanan rapora g\u00f6re, Avrupa Birli\u011fi 2030\u2019a kadar yenilenebilir enerjinin toplam t\u00fcketilen enerji i\u00e7indeki pay\u0131n\u0131 y\u00fczde 34\u2019e [&hellip;]<\/p>\n","protected":false},"author":1,"featured_media":71855,"comment_status":"open","ping_status":"open","sticky":false,"template":"","format":"standard","meta":[],"categories":[22893,53,49,50],"tags":[1192,33544,36903,36904,9441,3386,105],"views":1055,"_links":{"self":[{"href":"https:\/\/www.enerjigazetesi.ist\/en\/wp-json\/wp\/v2\/posts\/71854"}],"collection":[{"href":"https:\/\/www.enerjigazetesi.ist\/en\/wp-json\/wp\/v2\/posts"}],"about":[{"href":"https:\/\/www.enerjigazetesi.ist\/en\/wp-json\/wp\/v2\/types\/post"}],"author":[{"embeddable":true,"href":"https:\/\/www.enerjigazetesi.ist\/en\/wp-json\/wp\/v2\/users\/1"}],"replies":[{"embeddable":true,"href":"https:\/\/www.enerjigazetesi.ist\/en\/wp-json\/wp\/v2\/comments?post=71854"}],"version-history":[{"count":1,"href":"https:\/\/www.enerjigazetesi.ist\/en\/wp-json\/wp\/v2\/posts\/71854\/revisions"}],"predecessor-version":[{"id":71856,"href":"https:\/\/www.enerjigazetesi.ist\/en\/wp-json\/wp\/v2\/posts\/71854\/revisions\/71856"}],"wp:featuredmedia":[{"embeddable":true,"href":"https:\/\/www.enerjigazetesi.ist\/en\/wp-json\/wp\/v2\/media\/71855"}],"wp:attachment":[{"href":"https:\/\/www.enerjigazetesi.ist\/en\/wp-json\/wp\/v2\/media?parent=71854"}],"wp:term":[{"taxonomy":"category","embeddable":true,"href":"https:\/\/www.enerjigazetesi.ist\/en\/wp-json\/wp\/v2\/categories?post=71854"},{"taxonomy":"post_tag","embeddable":true,"href":"https:\/\/www.enerjigazetesi.ist\/en\/wp-json\/wp\/v2\/tags?post=71854"}],"curies":[{"name":"wp","href":"https:\/\/api.w.org\/{rel}","templated":true}]}}