{"id":71834,"date":"2018-02-23T10:48:07","date_gmt":"2018-02-23T07:48:07","guid":{"rendered":"https:\/\/www.enerjigazetesi.ist\/?p=71834"},"modified":"2018-02-23T10:51:44","modified_gmt":"2018-02-23T07:51:44","slug":"enerji-kooperatiflerini-yayginlastirmak-istiyoruz","status":"publish","type":"post","link":"https:\/\/www.enerjigazetesi.ist\/en\/enerji-kooperatiflerini-yayginlastirmak-istiyoruz\/","title":{"rendered":"(Turkish) \u201cEnerji Kooperatiflerini Yayg\u0131nla\u015ft\u0131rmak \u0130stiyoruz\u201d"},"content":{"rendered":"<p class=\"qtranxs-available-languages-message qtranxs-available-languages-message-en\">Sorry, this entry is only available in <a href=\"https:\/\/www.enerjigazetesi.ist\/tr\/wp-json\/wp\/v2\/posts\/71834\" class=\"qtranxs-available-language-link qtranxs-available-language-link-tr\" title=\"Turkish\">Turkish<\/a>. For the sake of viewer convenience, the content is shown below in the alternative language. You may click the link to switch the active language.<\/p><p><strong>G\u00fcmr\u00fck ve Ticaret Bakan Yard\u0131mc\u0131s\u0131 Fatih \u00c7iftci, G\u00fcmr\u00fck ve Ticaret Bakanl\u0131\u011f\u0131 Kooperatif\u00e7ilik Genel M\u00fcd\u00fcrl\u00fc\u011f\u00fc taraf\u0131ndan Van ve Van\u2019\u0131n Erci\u015f il\u00e7esinde d\u00fczenlenen Yenilenebilir Enerji Kooperatifleri Bilgilendirme Toplant\u0131lar\u0131na kat\u0131ld\u0131.<\/strong><\/p>\n<p>Enerjinin milli bir servet oldu\u011funu ifade eden \u00c7iftci, \u201cT\u00fcrkiye son 10 y\u0131lda ortalama y\u0131ll\u0131k 55 milyar dolarl\u0131k enerji ithalat\u0131 yapm\u0131\u015ft\u0131r. S\u00f6z konusu rakam T\u00fcrkiye\u2019nin en son cari a\u00e7\u0131\u011f\u0131n\u0131n neredeyse bir bu\u00e7uk <img loading=\"lazy\" class=\"alignright size-medium wp-image-71835\" src=\"https:\/\/www.enerjigazetesi.ist\/wp-content\/uploads\/2018\/02\/enerji-kooperatiflerini-yayginlastirmak-istiyoruz-300x169.jpg\" alt=\"\" width=\"300\" height=\"169\" srcset=\"https:\/\/www.enerjigazetesi.ist\/wp-content\/uploads\/2018\/02\/enerji-kooperatiflerini-yayginlastirmak-istiyoruz-300x169.jpg 300w, https:\/\/www.enerjigazetesi.ist\/wp-content\/uploads\/2018\/02\/enerji-kooperatiflerini-yayginlastirmak-istiyoruz-500x281.jpg 500w, https:\/\/www.enerjigazetesi.ist\/wp-content\/uploads\/2018\/02\/enerji-kooperatiflerini-yayginlastirmak-istiyoruz-80x45.jpg 80w, https:\/\/www.enerjigazetesi.ist\/wp-content\/uploads\/2018\/02\/enerji-kooperatiflerini-yayginlastirmak-istiyoruz.jpg 640w\" sizes=\"(max-width: 300px) 100vw, 300px\" \/>kat\u0131d\u0131r. Bunun en b\u00fcy\u00fck nedeni \u00fclkemizin fosil yak\u0131t konusunda yeterli rezerve sahip olmamas\u0131d\u0131r. Ancak, bulundu\u011fumuz co\u011frafi konum itibariyle yerli ve yenilebilir kaynaklar bak\u0131m\u0131ndan son derece verimli bir \u00fclkeyiz. Enerji kooperatiflerinin \u00f6zellikle yenilenebilir enerji kaynaklar\u0131 bak\u0131m\u0131ndan son derece zengin olan \u00fclkemizde kurulmas\u0131, \u00fclke kooperatif\u00e7ili\u011fine de yeni bir soluk getirecektir\u201d dedi.<\/p>\n<p>\u00c7iftci ayr\u0131ca, \u00fclke enerji a\u00e7\u0131\u011f\u0131n\u0131n azalt\u0131lmas\u0131nda yenilenebilir kaynaklar\u0131n \u00f6nemine ve Van ile Erci\u015f il\u00e7esinin \u00f6zellikle g\u00fcne\u015f enerjisi konusunda son derece verimli bir b\u00f6lgede bulundu\u011funa dikkat \u00e7ekerek, \u00f6zellikle enerji t\u00fcketimi yo\u011fun olan k\u00fc\u00e7\u00fck sanayi siteleri, i\u015f geli\u015ftirme merkezleri ve mesken sitelerinde kooperatifler arac\u0131l\u0131\u011f\u0131 ile \u00f6nemli ve verimlili\u011fi y\u00fcksek yat\u0131r\u0131mlar\u0131n ger\u00e7ekle\u015ftirilece\u011fini de kaydetti.<\/p>","protected":false},"excerpt":{"rendered":"<p>Sorry, this entry is only available in Turkish. For the sake of viewer convenience, the content is shown below in the alternative language. You may click the link to switch the active language.G\u00fcmr\u00fck ve Ticaret Bakan Yard\u0131mc\u0131s\u0131 Fatih \u00c7iftci, G\u00fcmr\u00fck ve Ticaret Bakanl\u0131\u011f\u0131 Kooperatif\u00e7ilik Genel M\u00fcd\u00fcrl\u00fc\u011f\u00fc taraf\u0131ndan Van ve Van\u2019\u0131n Erci\u015f il\u00e7esinde d\u00fczenlenen Yenilenebilir Enerji [&hellip;]<\/p>\n","protected":false},"author":1,"featured_media":71835,"comment_status":"open","ping_status":"open","sticky":false,"template":"","format":"standard","meta":[],"categories":[53,49,50],"tags":[4359,63,67,94,404,516,23416,24949,105],"views":789,"_links":{"self":[{"href":"https:\/\/www.enerjigazetesi.ist\/en\/wp-json\/wp\/v2\/posts\/71834"}],"collection":[{"href":"https:\/\/www.enerjigazetesi.ist\/en\/wp-json\/wp\/v2\/posts"}],"about":[{"href":"https:\/\/www.enerjigazetesi.ist\/en\/wp-json\/wp\/v2\/types\/post"}],"author":[{"embeddable":true,"href":"https:\/\/www.enerjigazetesi.ist\/en\/wp-json\/wp\/v2\/users\/1"}],"replies":[{"embeddable":true,"href":"https:\/\/www.enerjigazetesi.ist\/en\/wp-json\/wp\/v2\/comments?post=71834"}],"version-history":[{"count":3,"href":"https:\/\/www.enerjigazetesi.ist\/en\/wp-json\/wp\/v2\/posts\/71834\/revisions"}],"predecessor-version":[{"id":71838,"href":"https:\/\/www.enerjigazetesi.ist\/en\/wp-json\/wp\/v2\/posts\/71834\/revisions\/71838"}],"wp:featuredmedia":[{"embeddable":true,"href":"https:\/\/www.enerjigazetesi.ist\/en\/wp-json\/wp\/v2\/media\/71835"}],"wp:attachment":[{"href":"https:\/\/www.enerjigazetesi.ist\/en\/wp-json\/wp\/v2\/media?parent=71834"}],"wp:term":[{"taxonomy":"category","embeddable":true,"href":"https:\/\/www.enerjigazetesi.ist\/en\/wp-json\/wp\/v2\/categories?post=71834"},{"taxonomy":"post_tag","embeddable":true,"href":"https:\/\/www.enerjigazetesi.ist\/en\/wp-json\/wp\/v2\/tags?post=71834"}],"curies":[{"name":"wp","href":"https:\/\/api.w.org\/{rel}","templated":true}]}}